{"id":267697,"date":"2019-10-04T18:30:45","date_gmt":"2019-10-04T10:30:45","guid":{"rendered":"https:\/\/www.ipim.gov.mo\/pt-pt\/20191004mif%e6%90%ad%e5%b9%b3%e5%8f%b0%e5%8a%a9%e4%bc%81%e6%a5%ad%e7%87%9f%e5%95%86%e8%b7%af%e8%b5%b0%e5%be%97%e6%9b%b4%e9%81%a0\/"},"modified":"2019-10-04T18:36:49","modified_gmt":"2019-10-04T10:36:49","slug":"20191004mif%e6%90%ad%e5%b9%b3%e5%8f%b0%e5%8a%a9%e4%bc%81%e6%a5%ad%e7%87%9f%e5%95%86%e8%b7%af%e8%b5%b0%e5%be%97%e6%9b%b4%e9%81%a0","status":"publish","type":"post","link":"https:\/\/www.ipim.gov.mo\/pt-pt\/noticias-do-ipim\/20191004mif%e6%90%ad%e5%b9%b3%e5%8f%b0%e5%8a%a9%e4%bc%81%e6%a5%ad%e7%87%9f%e5%95%86%e8%b7%af%e8%b5%b0%e5%be%97%e6%9b%b4%e9%81%a0\/","title":{"rendered":"[2019\/10\/04]MIF constr\u00f3i plataforma para ajudar empresas a desenvolverem os seus neg\u00f3cios"},"content":{"rendered":"<p>A 24\u00aa Feira Internacional de Macau (MIF, na sigla inglesa) decorre entre os dias 17 e 19 de Outubro, no <em>The<\/em> <em>Venetian Macao<\/em>. Nas passadas edi\u00e7\u00f5es, alguns expositores usaram a plataforma do evento para agarrar oportunidades de coopera\u00e7\u00e3o com empresas internacionais. Numerosas empresas v\u00e3o voltar a participar na edi\u00e7\u00e3o deste ano visando explorar o mercado da Regi\u00e3o da Grande Ba\u00eda Guangdong-Hong Kong-Macau.<\/p>\n<p>Daphne, representante de uma associa\u00e7\u00e3o comercial europeia, afirmou que esta \u00e9 a 10\u00aa vez que participa na MIF. Nas edi\u00e7\u00f5es anteriores, conseguiu atrair a participa\u00e7\u00e3o de mais de 150 empresas, oriundas de v\u00e1rios pa\u00edses europeus, que divulgaram os seus produtos e servi\u00e7os em v\u00e1rios sectores de para Macau e o resto do mundo. V\u00e1rios participantes estabeleceram parcerias de longo prazo com parceiros de mercado-alvo. Este ano, a associa\u00e7\u00e3o ir\u00e1 organizar 13 expositores para participar na Feira e espera beneficiar das bolsas de contactos da MIF, visando expandir a rede de neg\u00f3cios e penetrar no mercado da Regi\u00e3o da Grande Ba\u00eda Guangdong-Hong Kong-Macau.<\/p>\n<p>A Sr.\u00aa Chan, representante de uma institui\u00e7\u00e3o de interc\u00e2mbio da Am\u00e9rica Latina, que participou este ano pela 12\u00aa vez na MIF, comentou que, em 2008, o evento contou com poucos expositores latino-americanos e que, actualmente, dezenas de expositores da regi\u00e3o marcam a presen\u00e7a na edi\u00e7\u00e3o anual, com a finalidade de promover os produtos dos respectivos pa\u00edses e encontrar oportunidades de coopera\u00e7\u00e3o e investimento. Para a Sra. Chan, a MIF \u00e9 a maior plataforma de exposi\u00e7\u00f5es em Macau onde os pa\u00edses latino-americanos podem promover os seus produtos e projectos de investimento. Nas exposi\u00e7\u00f5es anteriores, o Pavilh\u00e3o da Am\u00e9rica Latina conseguiu articular empresas com entidades locais e introduzir produtos latino-americanos em Macau, como vinho, quinoa e produtos alimentares saud\u00e1veis. Ela revelou ainda que, al\u00e9m de dar prioridade \u00e0 promo\u00e7\u00e3o dos produtos agr\u00edcolas\u00a0e de pesca do continente sul-americano, planeia este ano tamb\u00e9m cooperar com as empresas chinesas, de modo a introduzir produtos chineses na Am\u00e9rica Latina, impulsionando ainda mais o desenvolvimento do com\u00e9rcio bilateral.<\/p>\n<p>Um representante de uma empresa de Macau envolvida no empreendedorismo juvenil, o Sr. Chan, reiterou que, ap\u00f3s a cria\u00e7\u00e3o da zona inteligente na MIF pela primeira vez, no ano passado, a sua empresa passou a receber a maior aten\u00e7\u00e3o p\u00fablica, tendo conseguido estabelecer parcerias com empresas internacionais dedicadas ao lazer e entretenimento e arquitectura, com projectos a entrar em funcionamento no pr\u00f3ximo ano. Al\u00e9m de dar continuidade \u00e0 exibi\u00e7\u00e3o de produtos inovadores na ind\u00fastria do desporto, a sua participa\u00e7\u00e3o na presente edi\u00e7\u00e3o tem como objectivo divulgar os seus projetos de coopera\u00e7\u00e3o na \u00e1rea da agricultura inteligente. Ele acrescentou ainda que a 24\u00aa MIF decorre em simult\u00e2neo com a Exposi\u00e7\u00e3o de Produtos e Servi\u00e7os dos Pa\u00edses de L\u00edngua Portuguesa (Macau) 2019 e disse acreditar que a organiza\u00e7\u00e3o sinerg\u00e9tica beneficia a conectividade de informa\u00e7\u00e3o entre empresas da Regi\u00e3o da Grande Ba\u00eda e firmas estrangeiras, em particular empresas oriundas dos pa\u00edses de l\u00edngua portuguesa, com vista a gerar melhores parcerias.<\/p>\n<p>Para mais informa\u00e7\u00f5es, agradecemos que contacte o Centro Administrativo e de Servi\u00e7os da MIF, atrav\u00e9s do telefone +853-2882 8711, ou e-mail: info@mif.com.mo. Para acompanhar as \u00faltimas novidades, pode aderir ao grupo na rede social \u201cWeChat\u201d da entidade organizadora (MIFMacau) ou visitar a p\u00e1gina oficial do evento: <a href=\"http:\/\/www.mif.com.mo\">http:\/\/www.mif.com.mo<\/a>.<\/p>\n<p style=\"text-align: center;\"><img loading=\"lazy\" decoding=\"async\" class=\"alignnone size-large wp-image-267690\" src=\"https:\/\/www.ipim.gov.mo\/wp-content\/uploads\/2019\/10\/001-1-1024x681.jpg\" alt=\"001\" width=\"1024\" height=\"681\" srcset=\"https:\/\/www.ipim.gov.mo\/wp-content\/uploads\/2019\/10\/001-1-1024x681.jpg 1024w, https:\/\/www.ipim.gov.mo\/wp-content\/uploads\/2019\/10\/001-1-300x200.jpg 300w, https:\/\/www.ipim.gov.mo\/wp-content\/uploads\/2019\/10\/001-1-768x511.jpg 768w, https:\/\/www.ipim.gov.mo\/wp-content\/uploads\/2019\/10\/001-1-715x476.jpg 715w\" sizes=\"auto, (max-width: 1024px) 100vw, 1024px\" \/><\/p>\n<p style=\"text-align: center;\">Muitas empresas aproveitam a plataforma da MIF para expandir os seus neg\u00f3cios<img loading=\"lazy\" decoding=\"async\" class=\"alignnone size-large wp-image-267691\" src=\"https:\/\/www.ipim.gov.mo\/wp-content\/uploads\/2019\/10\/002-1-1024x681.jpg\" alt=\"002\" width=\"1024\" height=\"681\" srcset=\"https:\/\/www.ipim.gov.mo\/wp-content\/uploads\/2019\/10\/002-1-1024x681.jpg 1024w, https:\/\/www.ipim.gov.mo\/wp-content\/uploads\/2019\/10\/002-1-300x199.jpg 300w, https:\/\/www.ipim.gov.mo\/wp-content\/uploads\/2019\/10\/002-1-768x511.jpg 768w, https:\/\/www.ipim.gov.mo\/wp-content\/uploads\/2019\/10\/002-1-715x475.jpg 715w\" sizes=\"auto, (max-width: 1024px) 100vw, 1024px\" \/><\/p>\n<p style=\"text-align: center;\">A MIF ajuda as empresas a aprimorar ainda mais os seus neg\u00f3cios<\/p>\n","protected":false},"excerpt":{"rendered":"<p>A 24\u00aa Feira Internacional de Macau (MIF, na sigla inglesa) decorre entre os dias 17 e 19 de Outubro, no The Venetian Macao. Nas passadas [&hellip;]<\/p>\n","protected":false},"author":3,"featured_media":467868,"comment_status":"closed","ping_status":"closed","sticky":false,"template":"","format":"standard","meta":{"_acf_changed":false,"inline_featured_image":false,"advgb_blocks_editor_width":"","advgb_blocks_columns_visual_guide":"","footnotes":""},"categories":[12],"tags":[],"class_list":["post-267697","post","type-post","status-publish","format-standard","has-post-thumbnail","hentry","category-noticias-do-ipim"],"acf":[],"yoast_head":"<!-- This site is optimized with the Yoast SEO plugin v26.2 - https:\/\/yoast.com\/wordpress\/plugins\/seo\/ -->\r\n<title>[2019\/10\/04]MIF constr\u00f3i plataforma para ajudar empresas a desenvolverem os seus neg\u00f3cios | Commerce and Investment Promotion Institute<\/title>\r\n<meta name=\"robots\" content=\"index, follow, max-snippet:-1, max-image-preview:large, max-video-preview:-1\" \/>\r\n<link rel=\"canonical\" href=\"https:\/\/www.ipim.gov.mo\/pt-pt\/noticias-do-ipim\/20191004mif\u642d\u5e73\u53f0\u52a9\u4f01\u696d\u71df\u5546\u8def\u8d70\u5f97\u66f4\u9060\/\" \/>\r\n<meta property=\"og:locale\" content=\"pt_PT\" \/>\r\n<meta property=\"og:type\" content=\"article\" \/>\r\n<meta property=\"og:title\" content=\"[2019\/10\/04]MIF constr\u00f3i plataforma para ajudar empresas a desenvolverem os seus neg\u00f3cios | Commerce and Investment Promotion Institute\" \/>\r\n<meta property=\"og:description\" content=\"A 24\u00aa Feira Internacional de Macau (MIF, na sigla inglesa) decorre entre os dias 17 e 19 de Outubro, no The Venetian Macao. Nas passadas [&hellip;]\" \/>\r\n<meta property=\"og:url\" content=\"https:\/\/www.ipim.gov.mo\/pt-pt\/noticias-do-ipim\/20191004mif\u642d\u5e73\u53f0\u52a9\u4f01\u696d\u71df\u5546\u8def\u8d70\u5f97\u66f4\u9060\/\" \/>\r\n<meta property=\"og:site_name\" content=\"Commerce and Investment Promotion Institute\" \/>\r\n<meta property=\"article:published_time\" content=\"2019-10-04T10:30:45+00:00\" \/>\r\n<meta property=\"article:modified_time\" content=\"2019-10-04T10:36:49+00:00\" \/>\r\n<meta property=\"og:image\" content=\"https:\/\/www.ipim.gov.mo\/wp-content\/uploads\/2024\/07\/ipim-post-default.jpg\" \/>\r\n\t<meta property=\"og:image:width\" content=\"1024\" \/>\r\n\t<meta property=\"og:image:height\" content=\"768\" \/>\r\n\t<meta property=\"og:image:type\" content=\"image\/jpeg\" \/>\r\n<meta name=\"author\" content=\"IPIM\" \/>\r\n<meta name=\"twitter:card\" content=\"summary_large_image\" \/>\r\n<meta name=\"twitter:label1\" content=\"Written by\" \/>\n\t<meta name=\"twitter:data1\" content=\"IPIM\" \/>\n\t<meta name=\"twitter:label2\" content=\"Est. reading time\" \/>\n\t<meta name=\"twitter:data2\" content=\"3 minutes\" \/>\r\n<script type=\"application\/ld+json\" class=\"yoast-schema-graph\">{\"@context\":\"https:\/\/schema.org\",\"@graph\":[{\"@type\":\"WebPage\",\"@id\":\"https:\/\/www.ipim.gov.mo\/pt-pt\/noticias-do-ipim\/20191004mif%e6%90%ad%e5%b9%b3%e5%8f%b0%e5%8a%a9%e4%bc%81%e6%a5%ad%e7%87%9f%e5%95%86%e8%b7%af%e8%b5%b0%e5%be%97%e6%9b%b4%e9%81%a0\/\",\"url\":\"https:\/\/www.ipim.gov.mo\/pt-pt\/noticias-do-ipim\/20191004mif%e6%90%ad%e5%b9%b3%e5%8f%b0%e5%8a%a9%e4%bc%81%e6%a5%ad%e7%87%9f%e5%95%86%e8%b7%af%e8%b5%b0%e5%be%97%e6%9b%b4%e9%81%a0\/\",\"name\":\"[2019\/10\/04]MIF constr\u00f3i plataforma para ajudar empresas a desenvolverem os seus neg\u00f3cios | Commerce and Investment Promotion Institute\",\"isPartOf\":{\"@id\":\"https:\/\/www.ipim.gov.mo\/zh-hans\/#website\"},\"primaryImageOfPage\":{\"@id\":\"https:\/\/www.ipim.gov.mo\/pt-pt\/noticias-do-ipim\/20191004mif%e6%90%ad%e5%b9%b3%e5%8f%b0%e5%8a%a9%e4%bc%81%e6%a5%ad%e7%87%9f%e5%95%86%e8%b7%af%e8%b5%b0%e5%be%97%e6%9b%b4%e9%81%a0\/#primaryimage\"},\"image\":{\"@id\":\"https:\/\/www.ipim.gov.mo\/pt-pt\/noticias-do-ipim\/20191004mif%e6%90%ad%e5%b9%b3%e5%8f%b0%e5%8a%a9%e4%bc%81%e6%a5%ad%e7%87%9f%e5%95%86%e8%b7%af%e8%b5%b0%e5%be%97%e6%9b%b4%e9%81%a0\/#primaryimage\"},\"thumbnailUrl\":\"https:\/\/www.ipim.gov.mo\/wp-content\/uploads\/2024\/07\/ipim-post-default.jpg\",\"datePublished\":\"2019-10-04T10:30:45+00:00\",\"dateModified\":\"2019-10-04T10:36:49+00:00\",\"breadcrumb\":{\"@id\":\"https:\/\/www.ipim.gov.mo\/pt-pt\/noticias-do-ipim\/20191004mif%e6%90%ad%e5%b9%b3%e5%8f%b0%e5%8a%a9%e4%bc%81%e6%a5%ad%e7%87%9f%e5%95%86%e8%b7%af%e8%b5%b0%e5%be%97%e6%9b%b4%e9%81%a0\/#breadcrumb\"},\"inLanguage\":\"pt-PT\",\"potentialAction\":[{\"@type\":\"ReadAction\",\"target\":[\"https:\/\/www.ipim.gov.mo\/pt-pt\/noticias-do-ipim\/20191004mif%e6%90%ad%e5%b9%b3%e5%8f%b0%e5%8a%a9%e4%bc%81%e6%a5%ad%e7%87%9f%e5%95%86%e8%b7%af%e8%b5%b0%e5%be%97%e6%9b%b4%e9%81%a0\/\"]}]},{\"@type\":\"ImageObject\",\"inLanguage\":\"pt-PT\",\"@id\":\"https:\/\/www.ipim.gov.mo\/pt-pt\/noticias-do-ipim\/20191004mif%e6%90%ad%e5%b9%b3%e5%8f%b0%e5%8a%a9%e4%bc%81%e6%a5%ad%e7%87%9f%e5%95%86%e8%b7%af%e8%b5%b0%e5%be%97%e6%9b%b4%e9%81%a0\/#primaryimage\",\"url\":\"https:\/\/www.ipim.gov.mo\/wp-content\/uploads\/2024\/07\/ipim-post-default.jpg\",\"contentUrl\":\"https:\/\/www.ipim.gov.mo\/wp-content\/uploads\/2024\/07\/ipim-post-default.jpg\",\"width\":1024,\"height\":768},{\"@type\":\"BreadcrumbList\",\"@id\":\"https:\/\/www.ipim.gov.mo\/pt-pt\/noticias-do-ipim\/20191004mif%e6%90%ad%e5%b9%b3%e5%8f%b0%e5%8a%a9%e4%bc%81%e6%a5%ad%e7%87%9f%e5%95%86%e8%b7%af%e8%b5%b0%e5%be%97%e6%9b%b4%e9%81%a0\/#breadcrumb\",\"itemListElement\":[{\"@type\":\"ListItem\",\"position\":1,\"name\":\"Home\",\"item\":\"https:\/\/www.ipim.gov.mo\/pt-pt\/\"},{\"@type\":\"ListItem\",\"position\":2,\"name\":\"[2019\/10\/04]MIF constr\u00f3i plataforma para ajudar empresas a desenvolverem os seus neg\u00f3cios\"}]},{\"@type\":\"WebSite\",\"@id\":\"https:\/\/www.ipim.gov.mo\/zh-hans\/#website\",\"url\":\"https:\/\/www.ipim.gov.mo\/zh-hans\/\",\"name\":\"Commerce and Investment Promotion Institute\",\"description\":\"Commerce and Investment Promotion Institute\",\"publisher\":{\"@id\":\"https:\/\/www.ipim.gov.mo\/zh-hans\/#organization\"},\"potentialAction\":[{\"@type\":\"SearchAction\",\"target\":{\"@type\":\"EntryPoint\",\"urlTemplate\":\"https:\/\/www.ipim.gov.mo\/zh-hans\/?s={search_term_string}\"},\"query-input\":{\"@type\":\"PropertyValueSpecification\",\"valueRequired\":true,\"valueName\":\"search_term_string\"}}],\"inLanguage\":\"pt-PT\"},{\"@type\":\"Organization\",\"@id\":\"https:\/\/www.ipim.gov.mo\/zh-hans\/#organization\",\"name\":\"IPIM\",\"url\":\"https:\/\/www.ipim.gov.mo\/zh-hans\/\",\"logo\":{\"@type\":\"ImageObject\",\"inLanguage\":\"pt-PT\",\"@id\":\"https:\/\/www.ipim.gov.mo\/zh-hans\/#\/schema\/logo\/image\/\",\"url\":\"https:\/\/www.ipim.gov.mo\/wp-content\/uploads\/2022\/10\/default-post-thumbnail-ipim-logo.png\",\"contentUrl\":\"https:\/\/www.ipim.gov.mo\/wp-content\/uploads\/2022\/10\/default-post-thumbnail-ipim-logo.png\",\"width\":1024,\"height\":768,\"caption\":\"IPIM\"},\"image\":{\"@id\":\"https:\/\/www.ipim.gov.mo\/zh-hans\/#\/schema\/logo\/image\/\"}}]}<\/script>\r\n<!-- \/ Yoast SEO plugin. -->","yoast_head_json":{"title":"[2019\/10\/04]MIF constr\u00f3i plataforma para ajudar empresas a desenvolverem os seus neg\u00f3cios | Commerce and Investment Promotion Institute","robots":{"index":"index","follow":"follow","max-snippet":"max-snippet:-1","max-image-preview":"max-image-preview:large","max-video-preview":"max-video-preview:-1"},"canonical":"https:\/\/www.ipim.gov.mo\/pt-pt\/noticias-do-ipim\/20191004mif\u642d\u5e73\u53f0\u52a9\u4f01\u696d\u71df\u5546\u8def\u8d70\u5f97\u66f4\u9060\/","og_locale":"pt_PT","og_type":"article","og_title":"[2019\/10\/04]MIF constr\u00f3i plataforma para ajudar empresas a desenvolverem os seus neg\u00f3cios | Commerce and Investment Promotion Institute","og_description":"A 24\u00aa Feira Internacional de Macau (MIF, na sigla inglesa) decorre entre os dias 17 e 19 de Outubro, no The Venetian Macao. Nas passadas [&hellip;]","og_url":"https:\/\/www.ipim.gov.mo\/pt-pt\/noticias-do-ipim\/20191004mif\u642d\u5e73\u53f0\u52a9\u4f01\u696d\u71df\u5546\u8def\u8d70\u5f97\u66f4\u9060\/","og_site_name":"Commerce and Investment Promotion Institute","article_published_time":"2019-10-04T10:30:45+00:00","article_modified_time":"2019-10-04T10:36:49+00:00","og_image":[{"width":1024,"height":768,"url":"https:\/\/www.ipim.gov.mo\/wp-content\/uploads\/2024\/07\/ipim-post-default.jpg","type":"image\/jpeg"}],"author":"IPIM","twitter_card":"summary_large_image","twitter_misc":{"Written by":"IPIM","Est. reading time":"3 minutes"},"schema":{"@context":"https:\/\/schema.org","@graph":[{"@type":"WebPage","@id":"https:\/\/www.ipim.gov.mo\/pt-pt\/noticias-do-ipim\/20191004mif%e6%90%ad%e5%b9%b3%e5%8f%b0%e5%8a%a9%e4%bc%81%e6%a5%ad%e7%87%9f%e5%95%86%e8%b7%af%e8%b5%b0%e5%be%97%e6%9b%b4%e9%81%a0\/","url":"https:\/\/www.ipim.gov.mo\/pt-pt\/noticias-do-ipim\/20191004mif%e6%90%ad%e5%b9%b3%e5%8f%b0%e5%8a%a9%e4%bc%81%e6%a5%ad%e7%87%9f%e5%95%86%e8%b7%af%e8%b5%b0%e5%be%97%e6%9b%b4%e9%81%a0\/","name":"[2019\/10\/04]MIF constr\u00f3i plataforma para ajudar empresas a desenvolverem os seus neg\u00f3cios | Commerce and Investment Promotion Institute","isPartOf":{"@id":"https:\/\/www.ipim.gov.mo\/zh-hans\/#website"},"primaryImageOfPage":{"@id":"https:\/\/www.ipim.gov.mo\/pt-pt\/noticias-do-ipim\/20191004mif%e6%90%ad%e5%b9%b3%e5%8f%b0%e5%8a%a9%e4%bc%81%e6%a5%ad%e7%87%9f%e5%95%86%e8%b7%af%e8%b5%b0%e5%be%97%e6%9b%b4%e9%81%a0\/#primaryimage"},"image":{"@id":"https:\/\/www.ipim.gov.mo\/pt-pt\/noticias-do-ipim\/20191004mif%e6%90%ad%e5%b9%b3%e5%8f%b0%e5%8a%a9%e4%bc%81%e6%a5%ad%e7%87%9f%e5%95%86%e8%b7%af%e8%b5%b0%e5%be%97%e6%9b%b4%e9%81%a0\/#primaryimage"},"thumbnailUrl":"https:\/\/www.ipim.gov.mo\/wp-content\/uploads\/2024\/07\/ipim-post-default.jpg","datePublished":"2019-10-04T10:30:45+00:00","dateModified":"2019-10-04T10:36:49+00:00","breadcrumb":{"@id":"https:\/\/www.ipim.gov.mo\/pt-pt\/noticias-do-ipim\/20191004mif%e6%90%ad%e5%b9%b3%e5%8f%b0%e5%8a%a9%e4%bc%81%e6%a5%ad%e7%87%9f%e5%95%86%e8%b7%af%e8%b5%b0%e5%be%97%e6%9b%b4%e9%81%a0\/#breadcrumb"},"inLanguage":"pt-PT","potentialAction":[{"@type":"ReadAction","target":["https:\/\/www.ipim.gov.mo\/pt-pt\/noticias-do-ipim\/20191004mif%e6%90%ad%e5%b9%b3%e5%8f%b0%e5%8a%a9%e4%bc%81%e6%a5%ad%e7%87%9f%e5%95%86%e8%b7%af%e8%b5%b0%e5%be%97%e6%9b%b4%e9%81%a0\/"]}]},{"@type":"ImageObject","inLanguage":"pt-PT","@id":"https:\/\/www.ipim.gov.mo\/pt-pt\/noticias-do-ipim\/20191004mif%e6%90%ad%e5%b9%b3%e5%8f%b0%e5%8a%a9%e4%bc%81%e6%a5%ad%e7%87%9f%e5%95%86%e8%b7%af%e8%b5%b0%e5%be%97%e6%9b%b4%e9%81%a0\/#primaryimage","url":"https:\/\/www.ipim.gov.mo\/wp-content\/uploads\/2024\/07\/ipim-post-default.jpg","contentUrl":"https:\/\/www.ipim.gov.mo\/wp-content\/uploads\/2024\/07\/ipim-post-default.jpg","width":1024,"height":768},{"@type":"BreadcrumbList","@id":"https:\/\/www.ipim.gov.mo\/pt-pt\/noticias-do-ipim\/20191004mif%e6%90%ad%e5%b9%b3%e5%8f%b0%e5%8a%a9%e4%bc%81%e6%a5%ad%e7%87%9f%e5%95%86%e8%b7%af%e8%b5%b0%e5%be%97%e6%9b%b4%e9%81%a0\/#breadcrumb","itemListElement":[{"@type":"ListItem","position":1,"name":"Home","item":"https:\/\/www.ipim.gov.mo\/pt-pt\/"},{"@type":"ListItem","position":2,"name":"[2019\/10\/04]MIF constr\u00f3i plataforma para ajudar empresas a desenvolverem os seus neg\u00f3cios"}]},{"@type":"WebSite","@id":"https:\/\/www.ipim.gov.mo\/zh-hans\/#website","url":"https:\/\/www.ipim.gov.mo\/zh-hans\/","name":"Commerce and Investment Promotion Institute","description":"Commerce and Investment Promotion Institute","publisher":{"@id":"https:\/\/www.ipim.gov.mo\/zh-hans\/#organization"},"potentialAction":[{"@type":"SearchAction","target":{"@type":"EntryPoint","urlTemplate":"https:\/\/www.ipim.gov.mo\/zh-hans\/?s={search_term_string}"},"query-input":{"@type":"PropertyValueSpecification","valueRequired":true,"valueName":"search_term_string"}}],"inLanguage":"pt-PT"},{"@type":"Organization","@id":"https:\/\/www.ipim.gov.mo\/zh-hans\/#organization","name":"IPIM","url":"https:\/\/www.ipim.gov.mo\/zh-hans\/","logo":{"@type":"ImageObject","inLanguage":"pt-PT","@id":"https:\/\/www.ipim.gov.mo\/zh-hans\/#\/schema\/logo\/image\/","url":"https:\/\/www.ipim.gov.mo\/wp-content\/uploads\/2022\/10\/default-post-thumbnail-ipim-logo.png","contentUrl":"https:\/\/www.ipim.gov.mo\/wp-content\/uploads\/2022\/10\/default-post-thumbnail-ipim-logo.png","width":1024,"height":768,"caption":"IPIM"},"image":{"@id":"https:\/\/www.ipim.gov.mo\/zh-hans\/#\/schema\/logo\/image\/"}}]}},"author_meta":{"display_name":"IPIM","author_link":"https:\/\/www.ipim.gov.mo\/pt-pt\/author\/ipim-trainer\/"},"featured_img":"https:\/\/www.ipim.gov.mo\/wp-content\/uploads\/2024\/07\/ipim-post-default-300x225.jpg","coauthors":[],"tax_additional":{"categories":{"linked":["<a href=\"https:\/\/www.ipim.gov.mo\/pt-pt\/category\/noticias-do-ipim\/\" class=\"advgb-post-tax-term\">Not\u00edcias do IPIM<\/a>"],"unlinked":["<span class=\"advgb-post-tax-term\">Not\u00edcias do IPIM<\/span>"]}},"comment_count":"0","relative_dates":{"created":"Posted 7 years ago","modified":"Updated 7 years ago"},"absolute_dates":{"created":"Posted on Outubro 4, 2019","modified":"Updated on Outubro 4, 2019"},"absolute_dates_time":{"created":"Posted on Outubro 4, 2019 6:30 pm","modified":"Updated on Outubro 4, 2019 6:36 pm"},"featured_img_caption":"","series_order":"","_links":{"self":[{"href":"https:\/\/www.ipim.gov.mo\/pt-pt\/wp-json\/wp\/v2\/posts\/267697","targetHints":{"allow":["GET"]}}],"collection":[{"href":"https:\/\/www.ipim.gov.mo\/pt-pt\/wp-json\/wp\/v2\/posts"}],"about":[{"href":"https:\/\/www.ipim.gov.mo\/pt-pt\/wp-json\/wp\/v2\/types\/post"}],"author":[{"embeddable":true,"href":"https:\/\/www.ipim.gov.mo\/pt-pt\/wp-json\/wp\/v2\/users\/3"}],"replies":[{"embeddable":true,"href":"https:\/\/www.ipim.gov.mo\/pt-pt\/wp-json\/wp\/v2\/comments?post=267697"}],"version-history":[{"count":0,"href":"https:\/\/www.ipim.gov.mo\/pt-pt\/wp-json\/wp\/v2\/posts\/267697\/revisions"}],"wp:featuredmedia":[{"embeddable":true,"href":"https:\/\/www.ipim.gov.mo\/pt-pt\/wp-json\/wp\/v2\/media\/467868"}],"wp:attachment":[{"href":"https:\/\/www.ipim.gov.mo\/pt-pt\/wp-json\/wp\/v2\/media?parent=267697"}],"wp:term":[{"taxonomy":"category","embeddable":true,"href":"https:\/\/www.ipim.gov.mo\/pt-pt\/wp-json\/wp\/v2\/categories?post=267697"},{"taxonomy":"post_tag","embeddable":true,"href":"https:\/\/www.ipim.gov.mo\/pt-pt\/wp-json\/wp\/v2\/tags?post=267697"}],"curies":[{"name":"wp","href":"https:\/\/api.w.org\/{rel}","templated":true}]}}