{"id":267455,"date":"2019-10-03T19:02:34","date_gmt":"2019-10-03T11:02:34","guid":{"rendered":"https:\/\/www.ipim.gov.mo\/pt-pt\/20191003%e8%b2%bf%e4%bf%83%e5%b1%80%e4%b8%bb%e5%b8%ad%e8%b5%b0%e8%a8%aa%e6%97%85%e9%99%a2-%e6%ad%a1%e8%bf%8e%e6%9c%89%e5%bf%97%e4%ba%ba%e5%a3%ab%e6%8a%95%e8%ba%ab%e6%9c%83%e5%b1%95%e6%94%9c\/"},"modified":"2019-10-03T19:07:38","modified_gmt":"2019-10-03T11:07:38","slug":"20191003%e8%b2%bf%e4%bf%83%e5%b1%80%e4%b8%bb%e5%b8%ad%e8%b5%b0%e8%a8%aa%e6%97%85%e9%99%a2-%e6%ad%a1%e8%bf%8e%e6%9c%89%e5%bf%97%e4%ba%ba%e5%a3%ab%e6%8a%95%e8%ba%ab%e6%9c%83%e5%b1%95%e6%94%9c","status":"publish","type":"post","link":"https:\/\/www.ipim.gov.mo\/pt-pt\/noticias-do-ipim\/20191003%e8%b2%bf%e4%bf%83%e5%b1%80%e4%b8%bb%e5%b8%ad%e8%b5%b0%e8%a8%aa%e6%97%85%e9%99%a2-%e6%ad%a1%e8%bf%8e%e6%9c%89%e5%bf%97%e4%ba%ba%e5%a3%ab%e6%8a%95%e8%ba%ab%e6%9c%83%e5%b1%95%e6%94%9c\/","title":{"rendered":"[2019\/10\/03]A Presidente do IPIM visitou o Instituto de Forma\u00e7\u00e3o Tur\u00edstica e apelou aos interessados para aproveitarem as novas oportunidades no sector de conven\u00e7\u00f5es e exposi\u00e7\u00f5es"},"content":{"rendered":"<p>Para refor\u00e7ar o interc\u00e2mbio e comunica\u00e7\u00e3o com os jovens de Macau de forma cont\u00ednua, a Presidente do Instituto de Promo\u00e7\u00e3o do Com\u00e9rcio e do Investimento de Macau (IPIM), Dra. Irene Va Kuan Lau, visitou a 30 de Setembro o Instituto de Forma\u00e7\u00e3o Tur\u00edstica (IFT) para fazer interc\u00e2mbio com mais de 30 estudantes, compartilhando com eles informa\u00e7\u00f5es de desenvolvimento do sector de conven\u00e7\u00f5es e exposi\u00e7\u00f5es, um dos sectores emergentes de Macau, e ao mesmo tempo conhecendo e recolhendo as suas opini\u00f5es e propostas a esse respeito. A Presidente apelou aos jovens interessados para se dedicarem ao sector de conven\u00e7\u00f5es e exposi\u00e7\u00f5es, apoiando conjuntamente a estrat\u00e9gia nacional de desenvolvimento, aproveitando bem as vantagens pr\u00f3prias de Macau e impulsionando o avan\u00e7o do sector de conven\u00e7\u00f5es e exposi\u00e7\u00f5es.<\/p>\n<p>Na actividade de \u201cVisita a Organiza\u00e7\u00f5es de Jovens e de Estudantes\u201d, a Presidente falou resumidamente sobre a actual situa\u00e7\u00e3o de desenvolvimento do sector de conven\u00e7\u00f5es e exposi\u00e7\u00f5es em Macau, os trabalhos do IPIM para impulsionar o desenvolvimento do sector, e como o sector pode ajudar participar e apoiar a concretiza\u00e7\u00e3o da iniciativa \u201cFaixa e Rota\u201d, desenvolver as potencialidades da \u201cPlataforma de Servi\u00e7os para a Coopera\u00e7\u00e3o Comercial entre a China e os Pa\u00edses de L\u00edngua Portuguesa\u201d e do papel de Macau como \u201cmotor essencial\u201d para o crescimento da Grande Ba\u00eda Guangdong-Hong Kong-Macau.<\/p>\n<p>A Presidente referiu no seu discurso que, relativamente \u00e0 promo\u00e7\u00e3o do sector de conven\u00e7\u00f5es e exposi\u00e7\u00f5es, o Governo da RAEM d\u00e1 muita import\u00e2ncia \u00e0 forma\u00e7\u00e3o dos talentos locais. Portanto o IPIM lan\u00e7ou o \u201cPrograma de Apoio para a Forma\u00e7\u00e3o de Profissionais na \u00c1rea de Conven\u00e7\u00f5es e Exposi\u00e7\u00f5es\u201d, que visa incentivar as institui\u00e7\u00f5es de educa\u00e7\u00e3o e forma\u00e7\u00e3o locais para lan\u00e7ar cursos de conven\u00e7\u00f5es e exposi\u00e7\u00f5es, assim como apoiar pessoas que exer\u00e7am esta profiss\u00e3o para participar nas forma\u00e7\u00f5es e provas. O IPIM tamb\u00e9m tem apoiado a coopera\u00e7\u00e3o entre o sector e organiza\u00e7\u00f5es internacionais de exposi\u00e7\u00f5es com maior prest\u00edgio, introduzindo em Macau forma\u00e7\u00f5es e provas de renome internacional, como por exemplo, o curso de \u201cCertificado em Gest\u00e3o de Exposi\u00e7\u00f5es\u201d (CEM) e o \u201cCurso Avan\u00e7ado de Gest\u00e3o de Exposi\u00e7\u00f5es\u201d (EMD). Ali\u00e1s, o IPIM recruta jovens locais para trabalhar nas suas actividades de conven\u00e7\u00f5es e exposi\u00e7\u00f5es, prestando-lhes oportunidades de pr\u00e1tica. Planeia-se tamb\u00e9m organizar, conjuntamente com diversas entidades, cursos t\u00e9cnicos ou <em>workshops<\/em>, para elevar a competitividade dos trabalhadores nessa \u00e1rea.<\/p>\n<p>Posteriormente, realizou-se uma interac\u00e7\u00e3o e interc\u00e2mbio entre a Presidente e os estudantes, que apresentaram perguntas e compartilharam opini\u00f5es activamente, nomeadamente sobre oportunidades e desafios para o desenvolvimento do sector de conven\u00e7\u00f5es e exposi\u00e7\u00f5es de Macau sob a iniciativa \u201cFaixa e\u00a0 Rota\u201d e pol\u00edtica de \u201cGrande Ba\u00eda Guangdong-Hong Kong-Macau\u201d, as perspectivas de emprego no sector, etc., sendo a atmosfera no local muito calorosa.<\/p>\n<p>A presente actividade contou ainda com a presen\u00e7a da Presidente Substituta do IFT, Dra. Diamantina Lu\u00edza do Ros\u00e1rio S\u00e1 Coimbra, do Chefe do Servi\u00e7o de Apoio T\u00e9cnico e Acad\u00e9mico do IFT, Dr. Chu Chan Weng, da Directora do Departamento de Actividades Promocionais e de Desenvolvimento de Conven\u00e7\u00f5es e Exposi\u00e7\u00f5es do IPIM, Dra. Elaine Wong, da Directora-Adjunta da Divis\u00e3o de Desenvolvimento da Ind\u00fastria de Conven\u00e7\u00f5es e Exposi\u00e7\u00f5es do IPIM, Dra. Gloria Chak, entre outros.<\/p>\n<p style=\"text-align: center;\"><img loading=\"lazy\" decoding=\"async\" class=\"alignnone size-large wp-image-267449\" src=\"https:\/\/www.ipim.gov.mo\/wp-content\/uploads\/2019\/10\/001-1024x518.jpg\" alt=\"001\" width=\"1024\" height=\"518\" srcset=\"https:\/\/www.ipim.gov.mo\/wp-content\/uploads\/2019\/10\/001-1024x518.jpg 1024w, https:\/\/www.ipim.gov.mo\/wp-content\/uploads\/2019\/10\/001-300x152.jpg 300w, https:\/\/www.ipim.gov.mo\/wp-content\/uploads\/2019\/10\/001-768x388.jpg 768w, https:\/\/www.ipim.gov.mo\/wp-content\/uploads\/2019\/10\/001-715x361.jpg 715w\" sizes=\"auto, (max-width: 1024px) 100vw, 1024px\" \/><\/p>\n<p style=\"text-align: center;\">A Presidente do IPIM visitou o IFT e interagiu com os estudantes sobre o sector de conven\u00e7\u00f5es e exposi\u00e7\u00f5es<\/p>\n<p style=\"text-align: center;\"><img loading=\"lazy\" decoding=\"async\" class=\"alignnone size-large wp-image-267450\" src=\"https:\/\/www.ipim.gov.mo\/wp-content\/uploads\/2019\/10\/002-1024x601.jpg\" alt=\"002\" width=\"1024\" height=\"601\" srcset=\"https:\/\/www.ipim.gov.mo\/wp-content\/uploads\/2019\/10\/002-1024x601.jpg 1024w, https:\/\/www.ipim.gov.mo\/wp-content\/uploads\/2019\/10\/002-300x176.jpg 300w, https:\/\/www.ipim.gov.mo\/wp-content\/uploads\/2019\/10\/002-768x451.jpg 768w, https:\/\/www.ipim.gov.mo\/wp-content\/uploads\/2019\/10\/002-715x420.jpg 715w\" sizes=\"auto, (max-width: 1024px) 100vw, 1024px\" \/><\/p>\n<p style=\"text-align: center;\">Os estudantes apresentaram perguntas e partilharam opini\u00f5es activamente<\/p>\n<p style=\"text-align: center;\"><img loading=\"lazy\" decoding=\"async\" class=\"alignnone size-large wp-image-267451\" src=\"https:\/\/www.ipim.gov.mo\/wp-content\/uploads\/2019\/10\/003-1024x683.jpg\" alt=\"003\" width=\"1024\" height=\"683\" srcset=\"https:\/\/www.ipim.gov.mo\/wp-content\/uploads\/2019\/10\/003-1024x683.jpg 1024w, https:\/\/www.ipim.gov.mo\/wp-content\/uploads\/2019\/10\/003-300x200.jpg 300w, https:\/\/www.ipim.gov.mo\/wp-content\/uploads\/2019\/10\/003-768x512.jpg 768w, https:\/\/www.ipim.gov.mo\/wp-content\/uploads\/2019\/10\/003-715x477.jpg 715w\" sizes=\"auto, (max-width: 1024px) 100vw, 1024px\" \/><\/p>\n<p style=\"text-align: center;\">A Presidente do IPIM, Dra. Irene Va Kuan Lau, apresentou as situa\u00e7\u00f5es de desenvolvimento do sector de conven\u00e7\u00f5es e exposi\u00e7\u00f5es em Macau<\/p>\n","protected":false},"excerpt":{"rendered":"<p>Para refor\u00e7ar o interc\u00e2mbio e comunica\u00e7\u00e3o com os jovens de Macau de forma cont\u00ednua, a Presidente do Instituto de Promo\u00e7\u00e3o do Com\u00e9rcio e do Investimento [&hellip;]<\/p>\n","protected":false},"author":3,"featured_media":467868,"comment_status":"closed","ping_status":"closed","sticky":false,"template":"","format":"standard","meta":{"_acf_changed":false,"inline_featured_image":false,"advgb_blocks_editor_width":"","advgb_blocks_columns_visual_guide":"","footnotes":""},"categories":[12],"tags":[],"class_list":["post-267455","post","type-post","status-publish","format-standard","has-post-thumbnail","hentry","category-noticias-do-ipim"],"acf":[],"yoast_head":"<!-- This site is optimized with the Yoast SEO plugin v26.2 - https:\/\/yoast.com\/wordpress\/plugins\/seo\/ -->\r\n<title>[2019\/10\/03]A Presidente do IPIM visitou o Instituto de Forma\u00e7\u00e3o Tur\u00edstica e apelou aos interessados para aproveitarem as novas oportunidades no sector de conven\u00e7\u00f5es e exposi\u00e7\u00f5es | Commerce and Investment Promotion Institute<\/title>\r\n<meta name=\"robots\" content=\"index, follow, max-snippet:-1, max-image-preview:large, max-video-preview:-1\" \/>\r\n<link rel=\"canonical\" href=\"https:\/\/www.ipim.gov.mo\/pt-pt\/noticias-do-ipim\/20191003\u8cbf\u4fc3\u5c40\u4e3b\u5e2d\u8d70\u8a2a\u65c5\u9662-\u6b61\u8fce\u6709\u5fd7\u4eba\u58eb\u6295\u8eab\u6703\u5c55\u651c\/\" \/>\r\n<meta property=\"og:locale\" content=\"pt_PT\" \/>\r\n<meta property=\"og:type\" content=\"article\" \/>\r\n<meta property=\"og:title\" content=\"[2019\/10\/03]A Presidente do IPIM visitou o Instituto de Forma\u00e7\u00e3o Tur\u00edstica e apelou aos interessados para aproveitarem as novas oportunidades no sector de conven\u00e7\u00f5es e exposi\u00e7\u00f5es | Commerce and Investment Promotion Institute\" \/>\r\n<meta property=\"og:description\" content=\"Para refor\u00e7ar o interc\u00e2mbio e comunica\u00e7\u00e3o com os jovens de Macau de forma cont\u00ednua, a Presidente do Instituto de Promo\u00e7\u00e3o do Com\u00e9rcio e do Investimento [&hellip;]\" \/>\r\n<meta property=\"og:url\" content=\"https:\/\/www.ipim.gov.mo\/pt-pt\/noticias-do-ipim\/20191003\u8cbf\u4fc3\u5c40\u4e3b\u5e2d\u8d70\u8a2a\u65c5\u9662-\u6b61\u8fce\u6709\u5fd7\u4eba\u58eb\u6295\u8eab\u6703\u5c55\u651c\/\" \/>\r\n<meta property=\"og:site_name\" content=\"Commerce and Investment Promotion Institute\" \/>\r\n<meta property=\"article:published_time\" content=\"2019-10-03T11:02:34+00:00\" \/>\r\n<meta property=\"article:modified_time\" content=\"2019-10-03T11:07:38+00:00\" \/>\r\n<meta property=\"og:image\" content=\"https:\/\/www.ipim.gov.mo\/wp-content\/uploads\/2024\/07\/ipim-post-default.jpg\" \/>\r\n\t<meta property=\"og:image:width\" content=\"1024\" \/>\r\n\t<meta property=\"og:image:height\" content=\"768\" \/>\r\n\t<meta property=\"og:image:type\" content=\"image\/jpeg\" \/>\r\n<meta name=\"author\" content=\"IPIM\" \/>\r\n<meta name=\"twitter:card\" content=\"summary_large_image\" \/>\r\n<meta name=\"twitter:label1\" content=\"Written by\" \/>\n\t<meta name=\"twitter:data1\" content=\"IPIM\" \/>\n\t<meta name=\"twitter:label2\" content=\"Est. reading time\" \/>\n\t<meta name=\"twitter:data2\" content=\"3 minutes\" \/>\r\n<script type=\"application\/ld+json\" class=\"yoast-schema-graph\">{\"@context\":\"https:\/\/schema.org\",\"@graph\":[{\"@type\":\"WebPage\",\"@id\":\"https:\/\/www.ipim.gov.mo\/pt-pt\/noticias-do-ipim\/20191003%e8%b2%bf%e4%bf%83%e5%b1%80%e4%b8%bb%e5%b8%ad%e8%b5%b0%e8%a8%aa%e6%97%85%e9%99%a2-%e6%ad%a1%e8%bf%8e%e6%9c%89%e5%bf%97%e4%ba%ba%e5%a3%ab%e6%8a%95%e8%ba%ab%e6%9c%83%e5%b1%95%e6%94%9c\/\",\"url\":\"https:\/\/www.ipim.gov.mo\/pt-pt\/noticias-do-ipim\/20191003%e8%b2%bf%e4%bf%83%e5%b1%80%e4%b8%bb%e5%b8%ad%e8%b5%b0%e8%a8%aa%e6%97%85%e9%99%a2-%e6%ad%a1%e8%bf%8e%e6%9c%89%e5%bf%97%e4%ba%ba%e5%a3%ab%e6%8a%95%e8%ba%ab%e6%9c%83%e5%b1%95%e6%94%9c\/\",\"name\":\"[2019\/10\/03]A Presidente do IPIM visitou o Instituto de Forma\u00e7\u00e3o Tur\u00edstica e apelou aos interessados para aproveitarem as novas oportunidades no sector de conven\u00e7\u00f5es e exposi\u00e7\u00f5es | Commerce and Investment Promotion Institute\",\"isPartOf\":{\"@id\":\"https:\/\/www.ipim.gov.mo\/zh-hans\/#website\"},\"primaryImageOfPage\":{\"@id\":\"https:\/\/www.ipim.gov.mo\/pt-pt\/noticias-do-ipim\/20191003%e8%b2%bf%e4%bf%83%e5%b1%80%e4%b8%bb%e5%b8%ad%e8%b5%b0%e8%a8%aa%e6%97%85%e9%99%a2-%e6%ad%a1%e8%bf%8e%e6%9c%89%e5%bf%97%e4%ba%ba%e5%a3%ab%e6%8a%95%e8%ba%ab%e6%9c%83%e5%b1%95%e6%94%9c\/#primaryimage\"},\"image\":{\"@id\":\"https:\/\/www.ipim.gov.mo\/pt-pt\/noticias-do-ipim\/20191003%e8%b2%bf%e4%bf%83%e5%b1%80%e4%b8%bb%e5%b8%ad%e8%b5%b0%e8%a8%aa%e6%97%85%e9%99%a2-%e6%ad%a1%e8%bf%8e%e6%9c%89%e5%bf%97%e4%ba%ba%e5%a3%ab%e6%8a%95%e8%ba%ab%e6%9c%83%e5%b1%95%e6%94%9c\/#primaryimage\"},\"thumbnailUrl\":\"https:\/\/www.ipim.gov.mo\/wp-content\/uploads\/2024\/07\/ipim-post-default.jpg\",\"datePublished\":\"2019-10-03T11:02:34+00:00\",\"dateModified\":\"2019-10-03T11:07:38+00:00\",\"breadcrumb\":{\"@id\":\"https:\/\/www.ipim.gov.mo\/pt-pt\/noticias-do-ipim\/20191003%e8%b2%bf%e4%bf%83%e5%b1%80%e4%b8%bb%e5%b8%ad%e8%b5%b0%e8%a8%aa%e6%97%85%e9%99%a2-%e6%ad%a1%e8%bf%8e%e6%9c%89%e5%bf%97%e4%ba%ba%e5%a3%ab%e6%8a%95%e8%ba%ab%e6%9c%83%e5%b1%95%e6%94%9c\/#breadcrumb\"},\"inLanguage\":\"pt-PT\",\"potentialAction\":[{\"@type\":\"ReadAction\",\"target\":[\"https:\/\/www.ipim.gov.mo\/pt-pt\/noticias-do-ipim\/20191003%e8%b2%bf%e4%bf%83%e5%b1%80%e4%b8%bb%e5%b8%ad%e8%b5%b0%e8%a8%aa%e6%97%85%e9%99%a2-%e6%ad%a1%e8%bf%8e%e6%9c%89%e5%bf%97%e4%ba%ba%e5%a3%ab%e6%8a%95%e8%ba%ab%e6%9c%83%e5%b1%95%e6%94%9c\/\"]}]},{\"@type\":\"ImageObject\",\"inLanguage\":\"pt-PT\",\"@id\":\"https:\/\/www.ipim.gov.mo\/pt-pt\/noticias-do-ipim\/20191003%e8%b2%bf%e4%bf%83%e5%b1%80%e4%b8%bb%e5%b8%ad%e8%b5%b0%e8%a8%aa%e6%97%85%e9%99%a2-%e6%ad%a1%e8%bf%8e%e6%9c%89%e5%bf%97%e4%ba%ba%e5%a3%ab%e6%8a%95%e8%ba%ab%e6%9c%83%e5%b1%95%e6%94%9c\/#primaryimage\",\"url\":\"https:\/\/www.ipim.gov.mo\/wp-content\/uploads\/2024\/07\/ipim-post-default.jpg\",\"contentUrl\":\"https:\/\/www.ipim.gov.mo\/wp-content\/uploads\/2024\/07\/ipim-post-default.jpg\",\"width\":1024,\"height\":768},{\"@type\":\"BreadcrumbList\",\"@id\":\"https:\/\/www.ipim.gov.mo\/pt-pt\/noticias-do-ipim\/20191003%e8%b2%bf%e4%bf%83%e5%b1%80%e4%b8%bb%e5%b8%ad%e8%b5%b0%e8%a8%aa%e6%97%85%e9%99%a2-%e6%ad%a1%e8%bf%8e%e6%9c%89%e5%bf%97%e4%ba%ba%e5%a3%ab%e6%8a%95%e8%ba%ab%e6%9c%83%e5%b1%95%e6%94%9c\/#breadcrumb\",\"itemListElement\":[{\"@type\":\"ListItem\",\"position\":1,\"name\":\"Home\",\"item\":\"https:\/\/www.ipim.gov.mo\/pt-pt\/\"},{\"@type\":\"ListItem\",\"position\":2,\"name\":\"[2019\/10\/03]A Presidente do IPIM visitou o Instituto de Forma\u00e7\u00e3o Tur\u00edstica e apelou aos interessados para aproveitarem as novas oportunidades no sector de conven\u00e7\u00f5es e exposi\u00e7\u00f5es\"}]},{\"@type\":\"WebSite\",\"@id\":\"https:\/\/www.ipim.gov.mo\/zh-hans\/#website\",\"url\":\"https:\/\/www.ipim.gov.mo\/zh-hans\/\",\"name\":\"Commerce and Investment Promotion Institute\",\"description\":\"Commerce and Investment Promotion Institute\",\"publisher\":{\"@id\":\"https:\/\/www.ipim.gov.mo\/zh-hans\/#organization\"},\"potentialAction\":[{\"@type\":\"SearchAction\",\"target\":{\"@type\":\"EntryPoint\",\"urlTemplate\":\"https:\/\/www.ipim.gov.mo\/zh-hans\/?s={search_term_string}\"},\"query-input\":{\"@type\":\"PropertyValueSpecification\",\"valueRequired\":true,\"valueName\":\"search_term_string\"}}],\"inLanguage\":\"pt-PT\"},{\"@type\":\"Organization\",\"@id\":\"https:\/\/www.ipim.gov.mo\/zh-hans\/#organization\",\"name\":\"IPIM\",\"url\":\"https:\/\/www.ipim.gov.mo\/zh-hans\/\",\"logo\":{\"@type\":\"ImageObject\",\"inLanguage\":\"pt-PT\",\"@id\":\"https:\/\/www.ipim.gov.mo\/zh-hans\/#\/schema\/logo\/image\/\",\"url\":\"https:\/\/www.ipim.gov.mo\/wp-content\/uploads\/2022\/10\/default-post-thumbnail-ipim-logo.png\",\"contentUrl\":\"https:\/\/www.ipim.gov.mo\/wp-content\/uploads\/2022\/10\/default-post-thumbnail-ipim-logo.png\",\"width\":1024,\"height\":768,\"caption\":\"IPIM\"},\"image\":{\"@id\":\"https:\/\/www.ipim.gov.mo\/zh-hans\/#\/schema\/logo\/image\/\"}}]}<\/script>\r\n<!-- \/ Yoast SEO plugin. -->","yoast_head_json":{"title":"[2019\/10\/03]A Presidente do IPIM visitou o Instituto de Forma\u00e7\u00e3o Tur\u00edstica e apelou aos interessados para aproveitarem as novas oportunidades no sector de conven\u00e7\u00f5es e exposi\u00e7\u00f5es | Commerce and Investment Promotion Institute","robots":{"index":"index","follow":"follow","max-snippet":"max-snippet:-1","max-image-preview":"max-image-preview:large","max-video-preview":"max-video-preview:-1"},"canonical":"https:\/\/www.ipim.gov.mo\/pt-pt\/noticias-do-ipim\/20191003\u8cbf\u4fc3\u5c40\u4e3b\u5e2d\u8d70\u8a2a\u65c5\u9662-\u6b61\u8fce\u6709\u5fd7\u4eba\u58eb\u6295\u8eab\u6703\u5c55\u651c\/","og_locale":"pt_PT","og_type":"article","og_title":"[2019\/10\/03]A Presidente do IPIM visitou o Instituto de Forma\u00e7\u00e3o Tur\u00edstica e apelou aos interessados para aproveitarem as novas oportunidades no sector de conven\u00e7\u00f5es e exposi\u00e7\u00f5es | Commerce and Investment Promotion Institute","og_description":"Para refor\u00e7ar o interc\u00e2mbio e comunica\u00e7\u00e3o com os jovens de Macau de forma cont\u00ednua, a Presidente do Instituto de Promo\u00e7\u00e3o do Com\u00e9rcio e do Investimento [&hellip;]","og_url":"https:\/\/www.ipim.gov.mo\/pt-pt\/noticias-do-ipim\/20191003\u8cbf\u4fc3\u5c40\u4e3b\u5e2d\u8d70\u8a2a\u65c5\u9662-\u6b61\u8fce\u6709\u5fd7\u4eba\u58eb\u6295\u8eab\u6703\u5c55\u651c\/","og_site_name":"Commerce and Investment Promotion Institute","article_published_time":"2019-10-03T11:02:34+00:00","article_modified_time":"2019-10-03T11:07:38+00:00","og_image":[{"width":1024,"height":768,"url":"https:\/\/www.ipim.gov.mo\/wp-content\/uploads\/2024\/07\/ipim-post-default.jpg","type":"image\/jpeg"}],"author":"IPIM","twitter_card":"summary_large_image","twitter_misc":{"Written by":"IPIM","Est. reading time":"3 minutes"},"schema":{"@context":"https:\/\/schema.org","@graph":[{"@type":"WebPage","@id":"https:\/\/www.ipim.gov.mo\/pt-pt\/noticias-do-ipim\/20191003%e8%b2%bf%e4%bf%83%e5%b1%80%e4%b8%bb%e5%b8%ad%e8%b5%b0%e8%a8%aa%e6%97%85%e9%99%a2-%e6%ad%a1%e8%bf%8e%e6%9c%89%e5%bf%97%e4%ba%ba%e5%a3%ab%e6%8a%95%e8%ba%ab%e6%9c%83%e5%b1%95%e6%94%9c\/","url":"https:\/\/www.ipim.gov.mo\/pt-pt\/noticias-do-ipim\/20191003%e8%b2%bf%e4%bf%83%e5%b1%80%e4%b8%bb%e5%b8%ad%e8%b5%b0%e8%a8%aa%e6%97%85%e9%99%a2-%e6%ad%a1%e8%bf%8e%e6%9c%89%e5%bf%97%e4%ba%ba%e5%a3%ab%e6%8a%95%e8%ba%ab%e6%9c%83%e5%b1%95%e6%94%9c\/","name":"[2019\/10\/03]A Presidente do IPIM visitou o Instituto de Forma\u00e7\u00e3o Tur\u00edstica e apelou aos interessados para aproveitarem as novas oportunidades no sector de conven\u00e7\u00f5es e exposi\u00e7\u00f5es | Commerce and Investment Promotion Institute","isPartOf":{"@id":"https:\/\/www.ipim.gov.mo\/zh-hans\/#website"},"primaryImageOfPage":{"@id":"https:\/\/www.ipim.gov.mo\/pt-pt\/noticias-do-ipim\/20191003%e8%b2%bf%e4%bf%83%e5%b1%80%e4%b8%bb%e5%b8%ad%e8%b5%b0%e8%a8%aa%e6%97%85%e9%99%a2-%e6%ad%a1%e8%bf%8e%e6%9c%89%e5%bf%97%e4%ba%ba%e5%a3%ab%e6%8a%95%e8%ba%ab%e6%9c%83%e5%b1%95%e6%94%9c\/#primaryimage"},"image":{"@id":"https:\/\/www.ipim.gov.mo\/pt-pt\/noticias-do-ipim\/20191003%e8%b2%bf%e4%bf%83%e5%b1%80%e4%b8%bb%e5%b8%ad%e8%b5%b0%e8%a8%aa%e6%97%85%e9%99%a2-%e6%ad%a1%e8%bf%8e%e6%9c%89%e5%bf%97%e4%ba%ba%e5%a3%ab%e6%8a%95%e8%ba%ab%e6%9c%83%e5%b1%95%e6%94%9c\/#primaryimage"},"thumbnailUrl":"https:\/\/www.ipim.gov.mo\/wp-content\/uploads\/2024\/07\/ipim-post-default.jpg","datePublished":"2019-10-03T11:02:34+00:00","dateModified":"2019-10-03T11:07:38+00:00","breadcrumb":{"@id":"https:\/\/www.ipim.gov.mo\/pt-pt\/noticias-do-ipim\/20191003%e8%b2%bf%e4%bf%83%e5%b1%80%e4%b8%bb%e5%b8%ad%e8%b5%b0%e8%a8%aa%e6%97%85%e9%99%a2-%e6%ad%a1%e8%bf%8e%e6%9c%89%e5%bf%97%e4%ba%ba%e5%a3%ab%e6%8a%95%e8%ba%ab%e6%9c%83%e5%b1%95%e6%94%9c\/#breadcrumb"},"inLanguage":"pt-PT","potentialAction":[{"@type":"ReadAction","target":["https:\/\/www.ipim.gov.mo\/pt-pt\/noticias-do-ipim\/20191003%e8%b2%bf%e4%bf%83%e5%b1%80%e4%b8%bb%e5%b8%ad%e8%b5%b0%e8%a8%aa%e6%97%85%e9%99%a2-%e6%ad%a1%e8%bf%8e%e6%9c%89%e5%bf%97%e4%ba%ba%e5%a3%ab%e6%8a%95%e8%ba%ab%e6%9c%83%e5%b1%95%e6%94%9c\/"]}]},{"@type":"ImageObject","inLanguage":"pt-PT","@id":"https:\/\/www.ipim.gov.mo\/pt-pt\/noticias-do-ipim\/20191003%e8%b2%bf%e4%bf%83%e5%b1%80%e4%b8%bb%e5%b8%ad%e8%b5%b0%e8%a8%aa%e6%97%85%e9%99%a2-%e6%ad%a1%e8%bf%8e%e6%9c%89%e5%bf%97%e4%ba%ba%e5%a3%ab%e6%8a%95%e8%ba%ab%e6%9c%83%e5%b1%95%e6%94%9c\/#primaryimage","url":"https:\/\/www.ipim.gov.mo\/wp-content\/uploads\/2024\/07\/ipim-post-default.jpg","contentUrl":"https:\/\/www.ipim.gov.mo\/wp-content\/uploads\/2024\/07\/ipim-post-default.jpg","width":1024,"height":768},{"@type":"BreadcrumbList","@id":"https:\/\/www.ipim.gov.mo\/pt-pt\/noticias-do-ipim\/20191003%e8%b2%bf%e4%bf%83%e5%b1%80%e4%b8%bb%e5%b8%ad%e8%b5%b0%e8%a8%aa%e6%97%85%e9%99%a2-%e6%ad%a1%e8%bf%8e%e6%9c%89%e5%bf%97%e4%ba%ba%e5%a3%ab%e6%8a%95%e8%ba%ab%e6%9c%83%e5%b1%95%e6%94%9c\/#breadcrumb","itemListElement":[{"@type":"ListItem","position":1,"name":"Home","item":"https:\/\/www.ipim.gov.mo\/pt-pt\/"},{"@type":"ListItem","position":2,"name":"[2019\/10\/03]A Presidente do IPIM visitou o Instituto de Forma\u00e7\u00e3o Tur\u00edstica e apelou aos interessados para aproveitarem as novas oportunidades no sector de conven\u00e7\u00f5es e exposi\u00e7\u00f5es"}]},{"@type":"WebSite","@id":"https:\/\/www.ipim.gov.mo\/zh-hans\/#website","url":"https:\/\/www.ipim.gov.mo\/zh-hans\/","name":"Commerce and Investment Promotion Institute","description":"Commerce and Investment Promotion Institute","publisher":{"@id":"https:\/\/www.ipim.gov.mo\/zh-hans\/#organization"},"potentialAction":[{"@type":"SearchAction","target":{"@type":"EntryPoint","urlTemplate":"https:\/\/www.ipim.gov.mo\/zh-hans\/?s={search_term_string}"},"query-input":{"@type":"PropertyValueSpecification","valueRequired":true,"valueName":"search_term_string"}}],"inLanguage":"pt-PT"},{"@type":"Organization","@id":"https:\/\/www.ipim.gov.mo\/zh-hans\/#organization","name":"IPIM","url":"https:\/\/www.ipim.gov.mo\/zh-hans\/","logo":{"@type":"ImageObject","inLanguage":"pt-PT","@id":"https:\/\/www.ipim.gov.mo\/zh-hans\/#\/schema\/logo\/image\/","url":"https:\/\/www.ipim.gov.mo\/wp-content\/uploads\/2022\/10\/default-post-thumbnail-ipim-logo.png","contentUrl":"https:\/\/www.ipim.gov.mo\/wp-content\/uploads\/2022\/10\/default-post-thumbnail-ipim-logo.png","width":1024,"height":768,"caption":"IPIM"},"image":{"@id":"https:\/\/www.ipim.gov.mo\/zh-hans\/#\/schema\/logo\/image\/"}}]}},"author_meta":{"display_name":"IPIM","author_link":"https:\/\/www.ipim.gov.mo\/pt-pt\/author\/ipim-trainer\/"},"featured_img":"https:\/\/www.ipim.gov.mo\/wp-content\/uploads\/2024\/07\/ipim-post-default-300x225.jpg","coauthors":[],"tax_additional":{"categories":{"linked":["<a href=\"https:\/\/www.ipim.gov.mo\/pt-pt\/category\/noticias-do-ipim\/\" class=\"advgb-post-tax-term\">Not\u00edcias do IPIM<\/a>"],"unlinked":["<span class=\"advgb-post-tax-term\">Not\u00edcias do IPIM<\/span>"]}},"comment_count":"0","relative_dates":{"created":"Posted 7 years ago","modified":"Updated 7 years ago"},"absolute_dates":{"created":"Posted on Outubro 3, 2019","modified":"Updated on Outubro 3, 2019"},"absolute_dates_time":{"created":"Posted on Outubro 3, 2019 7:02 pm","modified":"Updated on Outubro 3, 2019 7:07 pm"},"featured_img_caption":"","series_order":"","_links":{"self":[{"href":"https:\/\/www.ipim.gov.mo\/pt-pt\/wp-json\/wp\/v2\/posts\/267455","targetHints":{"allow":["GET"]}}],"collection":[{"href":"https:\/\/www.ipim.gov.mo\/pt-pt\/wp-json\/wp\/v2\/posts"}],"about":[{"href":"https:\/\/www.ipim.gov.mo\/pt-pt\/wp-json\/wp\/v2\/types\/post"}],"author":[{"embeddable":true,"href":"https:\/\/www.ipim.gov.mo\/pt-pt\/wp-json\/wp\/v2\/users\/3"}],"replies":[{"embeddable":true,"href":"https:\/\/www.ipim.gov.mo\/pt-pt\/wp-json\/wp\/v2\/comments?post=267455"}],"version-history":[{"count":0,"href":"https:\/\/www.ipim.gov.mo\/pt-pt\/wp-json\/wp\/v2\/posts\/267455\/revisions"}],"wp:featuredmedia":[{"embeddable":true,"href":"https:\/\/www.ipim.gov.mo\/pt-pt\/wp-json\/wp\/v2\/media\/467868"}],"wp:attachment":[{"href":"https:\/\/www.ipim.gov.mo\/pt-pt\/wp-json\/wp\/v2\/media?parent=267455"}],"wp:term":[{"taxonomy":"category","embeddable":true,"href":"https:\/\/www.ipim.gov.mo\/pt-pt\/wp-json\/wp\/v2\/categories?post=267455"},{"taxonomy":"post_tag","embeddable":true,"href":"https:\/\/www.ipim.gov.mo\/pt-pt\/wp-json\/wp\/v2\/tags?post=267455"}],"curies":[{"name":"wp","href":"https:\/\/api.w.org\/{rel}","templated":true}]}}