{"id":265852,"date":"2019-08-23T21:18:44","date_gmt":"2019-08-23T13:18:44","guid":{"rendered":"https:\/\/www.ipim.gov.mo\/pt-pt\/20190823-%e6%be%b3%e9%96%80%e4%bc%81%e6%a5%ad%e5%ae%b6%e4%bb%a3%e8%a1%a8%e5%9c%98%e8%b5%b4%e7%a9%97%e5%8f%83%e8%88%87%e6%b5%b7%e7%b5%b2%e5%8d%9a%e8%a6%bd%e6%9c%83%e8%a6%93%e7%99%bc%e5%b1%95\/"},"modified":"2019-08-26T10:56:53","modified_gmt":"2019-08-26T02:56:53","slug":"20190823-%e6%be%b3%e9%96%80%e4%bc%81%e6%a5%ad%e5%ae%b6%e4%bb%a3%e8%a1%a8%e5%9c%98%e8%b5%b4%e7%a9%97%e5%8f%83%e8%88%87%e6%b5%b7%e7%b5%b2%e5%8d%9a%e8%a6%bd%e6%9c%83%e8%a6%93%e7%99%bc%e5%b1%95","status":"publish","type":"post","link":"https:\/\/www.ipim.gov.mo\/pt-pt\/noticias-do-ipim\/20190823-%e6%be%b3%e9%96%80%e4%bc%81%e6%a5%ad%e5%ae%b6%e4%bb%a3%e8%a1%a8%e5%9c%98%e8%b5%b4%e7%a9%97%e5%8f%83%e8%88%87%e6%b5%b7%e7%b5%b2%e5%8d%9a%e8%a6%bd%e6%9c%83%e8%a6%93%e7%99%bc%e5%b1%95\/","title":{"rendered":"[2019\/08\/23] A delega\u00e7\u00e3o empresarial de Macau deslocou-se a Guangzhou para participar na Exposi\u00e7\u00e3o Internacional da Rota da Seda Mar\u00edtima do S\u00e9culo XXI &#8211; Guangdong, \u00e0 procura de novas oportunidades de desenvolvimento"},"content":{"rendered":"<p>Organizada pela Delega\u00e7\u00e3o de Guangdong do Conselho para a Promo\u00e7\u00e3o do Com\u00e9rcio Internacional da China e coordenada pelos Servi\u00e7os do Com\u00e9rcio da Prov\u00edncia de Guangdong, pelo Governo Popular do Munic\u00edpio de Guangzhou e pelo\u00a0<em>China Foreign Trade Centre<\/em>, a Exposi\u00e7\u00e3o Internacional da Rota da Seda Mar\u00edtima do S\u00e9culo XXI &#8211; Guangdong 2019 (MSRE, na sigla inglesa) realiza-se entre os dias 23 e 26 de Agosto, no Complexo da Feira de Importa\u00e7\u00e3o e Exporta\u00e7\u00e3o da China, em Guangzhou.<\/p>\n<p>Tendo em vista a promo\u00e7\u00e3o da coopera\u00e7\u00e3o e do interc\u00e2mbio econ\u00f3micos e comerciais entre as empresas macaenses e as suas cong\u00e9neres do Interior da China, o Instituto de Promo\u00e7\u00e3o do Com\u00e9rcio e do Investimento de Macau (IPIM) organizou uma delega\u00e7\u00e3o empresarial de Macau, composta por mais de 30 elementos, que se deslocou a Guangzhou nos dias 22 e 23 de Agosto para participar na MSRE. O IPIM instalou no recinto da exposi\u00e7\u00e3o o Pavilh\u00e3o de Macau, com uma \u00e1rea de 396 metros quadrados, essencialmente para divulgar a actualidade do ambiente de investimento em Macau, os servi\u00e7os prestados pelo IPIM, as mais recentes actividades expositivas a n\u00edvel econ\u00f3mico e comercial, bem como promover o posicionamento do desenvolvimento de Macau enquanto \u201cCentro Mundial de Turismo e Lazer\u201d e \u201cPlataforma de Servi\u00e7os para a Coopera\u00e7\u00e3o Comercial entre a China e os Pa\u00edses de L\u00edngua Portuguesa\u201d, cujas vantagens poder\u00e3o ser desenvolvidas no processo da participa\u00e7\u00e3o da RAEM na implementa\u00e7\u00e3o da Iniciativa Nacional \u201cFaixa e Rota\u201d e na constru\u00e7\u00e3o da Grande Ba\u00eda Guangdong-Hong Kong-Macau, proporcionando novas oportunidades para o desenvolvimento da coopera\u00e7\u00e3o econ\u00f3mica e comercial com o exterior.<\/p>\n<p>A Cerim\u00f3nia de Abertura contou com a presen\u00e7a do Ma Xingrui, Governador da Prov\u00edncia de Guangdong, do Wen Guohui, Presidente do Munic\u00edpio de Guangzhou e do Zhang Shenfeng, Vice-Presidente do Conselho para a Promo\u00e7\u00e3o do Com\u00e9rcio Internacional da China. Na tarde do mesmo dia, a Delega\u00e7\u00e3o participou no f\u00f3rum tem\u00e1tico da MSRE, o qual serve como plataforma essencial de coopera\u00e7\u00e3o e interc\u00e2mbio econ\u00f3mico e comercial de alto n\u00edvel, constru\u00eddo pelo Comit\u00e9 do PCC e pelo Governo Provincial de Guangdong no sentido de implementar de forma aprofundada a Iniciativa \u201cFaixa e Rota\u201d do nosso pa\u00eds. Tendo por tema a \u201cCoopera\u00e7\u00e3o de alto n\u00edvel e desenvolvimento de elevada qualidade\u201d, o f\u00f3rum deste ano debru\u00e7a-se sobre a constru\u00e7\u00e3o da referida Iniciativa e da Grande Ba\u00eda Guangdong-Hong Kong-Macau, com vista a abordar a forma de aprofundar ainda mais a conectividade das infra-estruturas, a coopera\u00e7\u00e3o econ\u00f3mica e comercial e o interc\u00e2mbio human\u00edstico com os pa\u00edses e regi\u00f5es relevantes. A n\u00edvel de interc\u00e2mbio, ser\u00e1 prestada aten\u00e7\u00e3o especial \u00e0 coopera\u00e7\u00e3o econ\u00f3mica internacional, designadamente, ao desenvolvimento integral da coopera\u00e7\u00e3o internacional na produtividade da qualidade elevada, \u00e0 constru\u00e7\u00e3o conjunta do parque industrial, \u00e0 promo\u00e7\u00e3o da inova\u00e7\u00e3o e integra\u00e7\u00e3o financeira e ao impulsionamento da liberaliza\u00e7\u00e3o do com\u00e9rcio. O Vice-Governador da Prov\u00edncia de Guangdong, Ouyang Weimin, e o Vice-Presidente do Conselho para a Promo\u00e7\u00e3o do Com\u00e9rcio Internacional da China, Zhang Shenfeng, participaram no f\u00f3rum e proferiram discursos.<\/p>\n<p>A MSRE deste ano ocupa uma \u00e1rea expositiva de aproximadamente 160 mil metros quadrados, tendo planeado tr\u00eas zonas gerais e quatro profissionais. As zonas gerais incluem zonas de exposi\u00e7\u00e3o para os pa\u00edses abrangidos pela Iniciativa \u201cFaixa e Rota\u201d, para as cidades da Grande Ba\u00eda Guangdong-Hong Kong-Macau e para as diversas prov\u00edncias e cidades do Interior da China. As zonas profissionais, por seu turno, s\u00e3o compostas pelas zonas de exposi\u00e7\u00e3o da agricultura moderna e ind\u00fastria de processamento alimentar, da ind\u00fastria de manufactura avan\u00e7ada, dos servi\u00e7os modernos e da economia mar\u00edtima.<\/p>\n<p>Um empres\u00e1rio representante de Macau reiterou que obteve resultados consider\u00e1veis durante a participa\u00e7\u00e3o no evento, pelo que, atrav\u00e9s do evento, tomou conhecimentos mais aprofundados sobre a constru\u00e7\u00e3o da Iniciativa \u201cFaixa e Rota\u201d por parte da Grande Ba\u00eda, assim como da actualidade do mercado da Regi\u00e3o do Sul da China, experimentando o dinamismo do mercado do Interior da China. Outro empres\u00e1rio macaense sublinhou que o f\u00f3rum reuniu os representantes dos pa\u00edses abrangidos pela Iniciativa \u201cFaixa e Rota\u201d \u00a0para a promo\u00e7\u00e3o e apresenta\u00e7\u00e3o das suas ind\u00fastrias, como o antigo Vice-Primeiro-Ministro da Tail\u00e2ndia e a Ministra da Ind\u00fastria, Com\u00e9rcio, Turismo, Terras e Recursos Minerais das Fiji, Trairong\u00a0Suwankiri e Premila Kumar, respectivamente. Atrav\u00e9s das conversas e do interc\u00e2mbio com os referidos, conseguiu conhecer a actualidade do desenvolvimento das ind\u00fastrias relevantes. Tamb\u00e9m um representante de Macau afirmou que o evento foi ben\u00e9fico para alargar horizontes e agarrar as oportunidades de desenvolvimento dos pa\u00edses abrangidos pela Iniciativa \u201cFaixa e Rota\u201d, esperando poder aproveitar o evento para identificar projectos e neg\u00f3cios de investimentos desenvolvidos no Interior da China e em Macau.<\/p>\n<p>A referida Delega\u00e7\u00e3o Empresarial, entre outras individualidades, contou com o Agostinho Vong Vai Lon, Vogal Executivo do IPIM, Ian Soi Kun, membro de Macau na Confer\u00eancia Consultiva Pol\u00edtica da Prov\u00edncia de Guangdong, Chu Hoi Sang, membro de Macau na Confer\u00eancia Consultiva Pol\u00edtica da Prov\u00edncia de Guangdong, Liu Yuk Lun, Presidente da Direc\u00e7\u00e3o da Associa\u00e7\u00e3o dos Fretadores de Macau, Lei Ioi Hang, Vice-Presidente da Direc\u00e7\u00e3o da Associa\u00e7\u00e3o Industrial de Macau, Ku Wing Cheung, Vice-Presidente da Direc\u00e7\u00e3o da Associa\u00e7\u00e3o de Comerciantes T\u00eaxtil de Macau, Sunny Ip Sio Man, Presidente da Associa\u00e7\u00e3o Comercial Federal de Ind\u00fastrias das Bebidas Alco\u00f3licas e de Alimenta\u00e7\u00e3o dos Pa\u00edses e Regi\u00f5es da Lusofonia de Macau, e Ho Wai Tim, Presidente da Direc\u00e7\u00e3o da\u00a0<em>Sino-Portuguese E-Commerce Chamber<\/em>.<\/p>\n<div style=\"width: 1203px\" class=\"wp-caption aligncenter\"><img loading=\"lazy\" decoding=\"async\" src=\"https:\/\/www.gcs.gov.mo\/news\/p\/P19HWG96Jw\/l\" alt=\"\" width=\"1193\" height=\"852\" \/><p class=\"wp-caption-text\">Fotografia de grupo da Delega\u00e7\u00e3o Empresarial de Macau em frente do Pavilh\u00e3o de Macau<\/p><\/div>\n","protected":false},"excerpt":{"rendered":"<p>Organizada pela Delega\u00e7\u00e3o de Guangdong do Conselho para a Promo\u00e7\u00e3o do Com\u00e9rcio Internacional da China e coordenada pelos Servi\u00e7os do Com\u00e9rcio da Prov\u00edncia de Guangdong, [&hellip;]<\/p>\n","protected":false},"author":1,"featured_media":467868,"comment_status":"closed","ping_status":"closed","sticky":false,"template":"","format":"standard","meta":{"_acf_changed":false,"inline_featured_image":false,"advgb_blocks_editor_width":"","advgb_blocks_columns_visual_guide":"","footnotes":""},"categories":[12],"tags":[],"class_list":["post-265852","post","type-post","status-publish","format-standard","has-post-thumbnail","hentry","category-noticias-do-ipim"],"acf":[],"yoast_head":"<!-- This site is optimized with the Yoast SEO plugin v26.2 - https:\/\/yoast.com\/wordpress\/plugins\/seo\/ -->\r\n<title>[2019\/08\/23] A delega\u00e7\u00e3o empresarial de Macau deslocou-se a Guangzhou para participar na Exposi\u00e7\u00e3o Internacional da Rota da Seda Mar\u00edtima do S\u00e9culo XXI - Guangdong, \u00e0 procura de novas oportunidades de desenvolvimento | Commerce and Investment Promotion Institute<\/title>\r\n<meta name=\"robots\" content=\"index, follow, max-snippet:-1, max-image-preview:large, max-video-preview:-1\" \/>\r\n<link rel=\"canonical\" href=\"https:\/\/www.ipim.gov.mo\/pt-pt\/noticias-do-ipim\/20190823-\u6fb3\u9580\u4f01\u696d\u5bb6\u4ee3\u8868\u5718\u8d74\u7a57\u53c3\u8207\u6d77\u7d72\u535a\u89bd\u6703\u8993\u767c\u5c55\/\" \/>\r\n<meta property=\"og:locale\" content=\"pt_PT\" \/>\r\n<meta property=\"og:type\" content=\"article\" \/>\r\n<meta property=\"og:title\" content=\"[2019\/08\/23] A delega\u00e7\u00e3o empresarial de Macau deslocou-se a Guangzhou para participar na Exposi\u00e7\u00e3o Internacional da Rota da Seda Mar\u00edtima do S\u00e9culo XXI - Guangdong, \u00e0 procura de novas oportunidades de desenvolvimento | Commerce and Investment Promotion Institute\" \/>\r\n<meta property=\"og:description\" content=\"Organizada pela Delega\u00e7\u00e3o de Guangdong do Conselho para a Promo\u00e7\u00e3o do Com\u00e9rcio Internacional da China e coordenada pelos Servi\u00e7os do Com\u00e9rcio da Prov\u00edncia de Guangdong, [&hellip;]\" \/>\r\n<meta property=\"og:url\" content=\"https:\/\/www.ipim.gov.mo\/pt-pt\/noticias-do-ipim\/20190823-\u6fb3\u9580\u4f01\u696d\u5bb6\u4ee3\u8868\u5718\u8d74\u7a57\u53c3\u8207\u6d77\u7d72\u535a\u89bd\u6703\u8993\u767c\u5c55\/\" \/>\r\n<meta property=\"og:site_name\" content=\"Commerce and Investment Promotion Institute\" \/>\r\n<meta property=\"article:published_time\" content=\"2019-08-23T13:18:44+00:00\" \/>\r\n<meta property=\"article:modified_time\" content=\"2019-08-26T02:56:53+00:00\" \/>\r\n<meta property=\"og:image\" content=\"https:\/\/www.ipim.gov.mo\/wp-content\/uploads\/2024\/07\/ipim-post-default.jpg\" \/>\r\n\t<meta property=\"og:image:width\" content=\"1024\" \/>\r\n\t<meta property=\"og:image:height\" content=\"768\" \/>\r\n\t<meta property=\"og:image:type\" content=\"image\/jpeg\" \/>\r\n<meta name=\"author\" content=\"admin\" \/>\r\n<meta name=\"twitter:card\" content=\"summary_large_image\" \/>\r\n<meta name=\"twitter:label1\" content=\"Written by\" \/>\n\t<meta name=\"twitter:data1\" content=\"admin\" \/>\n\t<meta name=\"twitter:label2\" content=\"Est. reading time\" \/>\n\t<meta name=\"twitter:data2\" content=\"5 minutes\" \/>\r\n<script type=\"application\/ld+json\" class=\"yoast-schema-graph\">{\"@context\":\"https:\/\/schema.org\",\"@graph\":[{\"@type\":\"WebPage\",\"@id\":\"https:\/\/www.ipim.gov.mo\/pt-pt\/noticias-do-ipim\/20190823-%e6%be%b3%e9%96%80%e4%bc%81%e6%a5%ad%e5%ae%b6%e4%bb%a3%e8%a1%a8%e5%9c%98%e8%b5%b4%e7%a9%97%e5%8f%83%e8%88%87%e6%b5%b7%e7%b5%b2%e5%8d%9a%e8%a6%bd%e6%9c%83%e8%a6%93%e7%99%bc%e5%b1%95\/\",\"url\":\"https:\/\/www.ipim.gov.mo\/pt-pt\/noticias-do-ipim\/20190823-%e6%be%b3%e9%96%80%e4%bc%81%e6%a5%ad%e5%ae%b6%e4%bb%a3%e8%a1%a8%e5%9c%98%e8%b5%b4%e7%a9%97%e5%8f%83%e8%88%87%e6%b5%b7%e7%b5%b2%e5%8d%9a%e8%a6%bd%e6%9c%83%e8%a6%93%e7%99%bc%e5%b1%95\/\",\"name\":\"[2019\/08\/23] A delega\u00e7\u00e3o empresarial de Macau deslocou-se a Guangzhou para participar na Exposi\u00e7\u00e3o Internacional da Rota da Seda Mar\u00edtima do S\u00e9culo XXI - Guangdong, \u00e0 procura de novas oportunidades de desenvolvimento | Commerce and Investment Promotion Institute\",\"isPartOf\":{\"@id\":\"https:\/\/www.ipim.gov.mo\/zh-hans\/#website\"},\"primaryImageOfPage\":{\"@id\":\"https:\/\/www.ipim.gov.mo\/pt-pt\/noticias-do-ipim\/20190823-%e6%be%b3%e9%96%80%e4%bc%81%e6%a5%ad%e5%ae%b6%e4%bb%a3%e8%a1%a8%e5%9c%98%e8%b5%b4%e7%a9%97%e5%8f%83%e8%88%87%e6%b5%b7%e7%b5%b2%e5%8d%9a%e8%a6%bd%e6%9c%83%e8%a6%93%e7%99%bc%e5%b1%95\/#primaryimage\"},\"image\":{\"@id\":\"https:\/\/www.ipim.gov.mo\/pt-pt\/noticias-do-ipim\/20190823-%e6%be%b3%e9%96%80%e4%bc%81%e6%a5%ad%e5%ae%b6%e4%bb%a3%e8%a1%a8%e5%9c%98%e8%b5%b4%e7%a9%97%e5%8f%83%e8%88%87%e6%b5%b7%e7%b5%b2%e5%8d%9a%e8%a6%bd%e6%9c%83%e8%a6%93%e7%99%bc%e5%b1%95\/#primaryimage\"},\"thumbnailUrl\":\"https:\/\/www.ipim.gov.mo\/wp-content\/uploads\/2024\/07\/ipim-post-default.jpg\",\"datePublished\":\"2019-08-23T13:18:44+00:00\",\"dateModified\":\"2019-08-26T02:56:53+00:00\",\"breadcrumb\":{\"@id\":\"https:\/\/www.ipim.gov.mo\/pt-pt\/noticias-do-ipim\/20190823-%e6%be%b3%e9%96%80%e4%bc%81%e6%a5%ad%e5%ae%b6%e4%bb%a3%e8%a1%a8%e5%9c%98%e8%b5%b4%e7%a9%97%e5%8f%83%e8%88%87%e6%b5%b7%e7%b5%b2%e5%8d%9a%e8%a6%bd%e6%9c%83%e8%a6%93%e7%99%bc%e5%b1%95\/#breadcrumb\"},\"inLanguage\":\"pt-PT\",\"potentialAction\":[{\"@type\":\"ReadAction\",\"target\":[\"https:\/\/www.ipim.gov.mo\/pt-pt\/noticias-do-ipim\/20190823-%e6%be%b3%e9%96%80%e4%bc%81%e6%a5%ad%e5%ae%b6%e4%bb%a3%e8%a1%a8%e5%9c%98%e8%b5%b4%e7%a9%97%e5%8f%83%e8%88%87%e6%b5%b7%e7%b5%b2%e5%8d%9a%e8%a6%bd%e6%9c%83%e8%a6%93%e7%99%bc%e5%b1%95\/\"]}]},{\"@type\":\"ImageObject\",\"inLanguage\":\"pt-PT\",\"@id\":\"https:\/\/www.ipim.gov.mo\/pt-pt\/noticias-do-ipim\/20190823-%e6%be%b3%e9%96%80%e4%bc%81%e6%a5%ad%e5%ae%b6%e4%bb%a3%e8%a1%a8%e5%9c%98%e8%b5%b4%e7%a9%97%e5%8f%83%e8%88%87%e6%b5%b7%e7%b5%b2%e5%8d%9a%e8%a6%bd%e6%9c%83%e8%a6%93%e7%99%bc%e5%b1%95\/#primaryimage\",\"url\":\"https:\/\/www.ipim.gov.mo\/wp-content\/uploads\/2024\/07\/ipim-post-default.jpg\",\"contentUrl\":\"https:\/\/www.ipim.gov.mo\/wp-content\/uploads\/2024\/07\/ipim-post-default.jpg\",\"width\":1024,\"height\":768},{\"@type\":\"BreadcrumbList\",\"@id\":\"https:\/\/www.ipim.gov.mo\/pt-pt\/noticias-do-ipim\/20190823-%e6%be%b3%e9%96%80%e4%bc%81%e6%a5%ad%e5%ae%b6%e4%bb%a3%e8%a1%a8%e5%9c%98%e8%b5%b4%e7%a9%97%e5%8f%83%e8%88%87%e6%b5%b7%e7%b5%b2%e5%8d%9a%e8%a6%bd%e6%9c%83%e8%a6%93%e7%99%bc%e5%b1%95\/#breadcrumb\",\"itemListElement\":[{\"@type\":\"ListItem\",\"position\":1,\"name\":\"Home\",\"item\":\"https:\/\/www.ipim.gov.mo\/pt-pt\/\"},{\"@type\":\"ListItem\",\"position\":2,\"name\":\"[2019\/08\/23] A delega\u00e7\u00e3o empresarial de Macau deslocou-se a Guangzhou para participar na Exposi\u00e7\u00e3o Internacional da Rota da Seda Mar\u00edtima do S\u00e9culo XXI &#8211; Guangdong, \u00e0 procura de novas oportunidades de desenvolvimento\"}]},{\"@type\":\"WebSite\",\"@id\":\"https:\/\/www.ipim.gov.mo\/zh-hans\/#website\",\"url\":\"https:\/\/www.ipim.gov.mo\/zh-hans\/\",\"name\":\"Commerce and Investment Promotion Institute\",\"description\":\"Commerce and Investment Promotion Institute\",\"publisher\":{\"@id\":\"https:\/\/www.ipim.gov.mo\/zh-hans\/#organization\"},\"potentialAction\":[{\"@type\":\"SearchAction\",\"target\":{\"@type\":\"EntryPoint\",\"urlTemplate\":\"https:\/\/www.ipim.gov.mo\/zh-hans\/?s={search_term_string}\"},\"query-input\":{\"@type\":\"PropertyValueSpecification\",\"valueRequired\":true,\"valueName\":\"search_term_string\"}}],\"inLanguage\":\"pt-PT\"},{\"@type\":\"Organization\",\"@id\":\"https:\/\/www.ipim.gov.mo\/zh-hans\/#organization\",\"name\":\"IPIM\",\"url\":\"https:\/\/www.ipim.gov.mo\/zh-hans\/\",\"logo\":{\"@type\":\"ImageObject\",\"inLanguage\":\"pt-PT\",\"@id\":\"https:\/\/www.ipim.gov.mo\/zh-hans\/#\/schema\/logo\/image\/\",\"url\":\"https:\/\/www.ipim.gov.mo\/wp-content\/uploads\/2022\/10\/default-post-thumbnail-ipim-logo.png\",\"contentUrl\":\"https:\/\/www.ipim.gov.mo\/wp-content\/uploads\/2022\/10\/default-post-thumbnail-ipim-logo.png\",\"width\":1024,\"height\":768,\"caption\":\"IPIM\"},\"image\":{\"@id\":\"https:\/\/www.ipim.gov.mo\/zh-hans\/#\/schema\/logo\/image\/\"}}]}<\/script>\r\n<!-- \/ Yoast SEO plugin. -->","yoast_head_json":{"title":"[2019\/08\/23] A delega\u00e7\u00e3o empresarial de Macau deslocou-se a Guangzhou para participar na Exposi\u00e7\u00e3o Internacional da Rota da Seda Mar\u00edtima do S\u00e9culo XXI - Guangdong, \u00e0 procura de novas oportunidades de desenvolvimento | Commerce and Investment Promotion Institute","robots":{"index":"index","follow":"follow","max-snippet":"max-snippet:-1","max-image-preview":"max-image-preview:large","max-video-preview":"max-video-preview:-1"},"canonical":"https:\/\/www.ipim.gov.mo\/pt-pt\/noticias-do-ipim\/20190823-\u6fb3\u9580\u4f01\u696d\u5bb6\u4ee3\u8868\u5718\u8d74\u7a57\u53c3\u8207\u6d77\u7d72\u535a\u89bd\u6703\u8993\u767c\u5c55\/","og_locale":"pt_PT","og_type":"article","og_title":"[2019\/08\/23] A delega\u00e7\u00e3o empresarial de Macau deslocou-se a Guangzhou para participar na Exposi\u00e7\u00e3o Internacional da Rota da Seda Mar\u00edtima do S\u00e9culo XXI - Guangdong, \u00e0 procura de novas oportunidades de desenvolvimento | Commerce and Investment Promotion Institute","og_description":"Organizada pela Delega\u00e7\u00e3o de Guangdong do Conselho para a Promo\u00e7\u00e3o do Com\u00e9rcio Internacional da China e coordenada pelos Servi\u00e7os do Com\u00e9rcio da Prov\u00edncia de Guangdong, [&hellip;]","og_url":"https:\/\/www.ipim.gov.mo\/pt-pt\/noticias-do-ipim\/20190823-\u6fb3\u9580\u4f01\u696d\u5bb6\u4ee3\u8868\u5718\u8d74\u7a57\u53c3\u8207\u6d77\u7d72\u535a\u89bd\u6703\u8993\u767c\u5c55\/","og_site_name":"Commerce and Investment Promotion Institute","article_published_time":"2019-08-23T13:18:44+00:00","article_modified_time":"2019-08-26T02:56:53+00:00","og_image":[{"width":1024,"height":768,"url":"https:\/\/www.ipim.gov.mo\/wp-content\/uploads\/2024\/07\/ipim-post-default.jpg","type":"image\/jpeg"}],"author":"admin","twitter_card":"summary_large_image","twitter_misc":{"Written by":"admin","Est. reading time":"5 minutes"},"schema":{"@context":"https:\/\/schema.org","@graph":[{"@type":"WebPage","@id":"https:\/\/www.ipim.gov.mo\/pt-pt\/noticias-do-ipim\/20190823-%e6%be%b3%e9%96%80%e4%bc%81%e6%a5%ad%e5%ae%b6%e4%bb%a3%e8%a1%a8%e5%9c%98%e8%b5%b4%e7%a9%97%e5%8f%83%e8%88%87%e6%b5%b7%e7%b5%b2%e5%8d%9a%e8%a6%bd%e6%9c%83%e8%a6%93%e7%99%bc%e5%b1%95\/","url":"https:\/\/www.ipim.gov.mo\/pt-pt\/noticias-do-ipim\/20190823-%e6%be%b3%e9%96%80%e4%bc%81%e6%a5%ad%e5%ae%b6%e4%bb%a3%e8%a1%a8%e5%9c%98%e8%b5%b4%e7%a9%97%e5%8f%83%e8%88%87%e6%b5%b7%e7%b5%b2%e5%8d%9a%e8%a6%bd%e6%9c%83%e8%a6%93%e7%99%bc%e5%b1%95\/","name":"[2019\/08\/23] A delega\u00e7\u00e3o empresarial de Macau deslocou-se a Guangzhou para participar na Exposi\u00e7\u00e3o Internacional da Rota da Seda Mar\u00edtima do S\u00e9culo XXI - Guangdong, \u00e0 procura de novas oportunidades de desenvolvimento | Commerce and Investment Promotion Institute","isPartOf":{"@id":"https:\/\/www.ipim.gov.mo\/zh-hans\/#website"},"primaryImageOfPage":{"@id":"https:\/\/www.ipim.gov.mo\/pt-pt\/noticias-do-ipim\/20190823-%e6%be%b3%e9%96%80%e4%bc%81%e6%a5%ad%e5%ae%b6%e4%bb%a3%e8%a1%a8%e5%9c%98%e8%b5%b4%e7%a9%97%e5%8f%83%e8%88%87%e6%b5%b7%e7%b5%b2%e5%8d%9a%e8%a6%bd%e6%9c%83%e8%a6%93%e7%99%bc%e5%b1%95\/#primaryimage"},"image":{"@id":"https:\/\/www.ipim.gov.mo\/pt-pt\/noticias-do-ipim\/20190823-%e6%be%b3%e9%96%80%e4%bc%81%e6%a5%ad%e5%ae%b6%e4%bb%a3%e8%a1%a8%e5%9c%98%e8%b5%b4%e7%a9%97%e5%8f%83%e8%88%87%e6%b5%b7%e7%b5%b2%e5%8d%9a%e8%a6%bd%e6%9c%83%e8%a6%93%e7%99%bc%e5%b1%95\/#primaryimage"},"thumbnailUrl":"https:\/\/www.ipim.gov.mo\/wp-content\/uploads\/2024\/07\/ipim-post-default.jpg","datePublished":"2019-08-23T13:18:44+00:00","dateModified":"2019-08-26T02:56:53+00:00","breadcrumb":{"@id":"https:\/\/www.ipim.gov.mo\/pt-pt\/noticias-do-ipim\/20190823-%e6%be%b3%e9%96%80%e4%bc%81%e6%a5%ad%e5%ae%b6%e4%bb%a3%e8%a1%a8%e5%9c%98%e8%b5%b4%e7%a9%97%e5%8f%83%e8%88%87%e6%b5%b7%e7%b5%b2%e5%8d%9a%e8%a6%bd%e6%9c%83%e8%a6%93%e7%99%bc%e5%b1%95\/#breadcrumb"},"inLanguage":"pt-PT","potentialAction":[{"@type":"ReadAction","target":["https:\/\/www.ipim.gov.mo\/pt-pt\/noticias-do-ipim\/20190823-%e6%be%b3%e9%96%80%e4%bc%81%e6%a5%ad%e5%ae%b6%e4%bb%a3%e8%a1%a8%e5%9c%98%e8%b5%b4%e7%a9%97%e5%8f%83%e8%88%87%e6%b5%b7%e7%b5%b2%e5%8d%9a%e8%a6%bd%e6%9c%83%e8%a6%93%e7%99%bc%e5%b1%95\/"]}]},{"@type":"ImageObject","inLanguage":"pt-PT","@id":"https:\/\/www.ipim.gov.mo\/pt-pt\/noticias-do-ipim\/20190823-%e6%be%b3%e9%96%80%e4%bc%81%e6%a5%ad%e5%ae%b6%e4%bb%a3%e8%a1%a8%e5%9c%98%e8%b5%b4%e7%a9%97%e5%8f%83%e8%88%87%e6%b5%b7%e7%b5%b2%e5%8d%9a%e8%a6%bd%e6%9c%83%e8%a6%93%e7%99%bc%e5%b1%95\/#primaryimage","url":"https:\/\/www.ipim.gov.mo\/wp-content\/uploads\/2024\/07\/ipim-post-default.jpg","contentUrl":"https:\/\/www.ipim.gov.mo\/wp-content\/uploads\/2024\/07\/ipim-post-default.jpg","width":1024,"height":768},{"@type":"BreadcrumbList","@id":"https:\/\/www.ipim.gov.mo\/pt-pt\/noticias-do-ipim\/20190823-%e6%be%b3%e9%96%80%e4%bc%81%e6%a5%ad%e5%ae%b6%e4%bb%a3%e8%a1%a8%e5%9c%98%e8%b5%b4%e7%a9%97%e5%8f%83%e8%88%87%e6%b5%b7%e7%b5%b2%e5%8d%9a%e8%a6%bd%e6%9c%83%e8%a6%93%e7%99%bc%e5%b1%95\/#breadcrumb","itemListElement":[{"@type":"ListItem","position":1,"name":"Home","item":"https:\/\/www.ipim.gov.mo\/pt-pt\/"},{"@type":"ListItem","position":2,"name":"[2019\/08\/23] A delega\u00e7\u00e3o empresarial de Macau deslocou-se a Guangzhou para participar na Exposi\u00e7\u00e3o Internacional da Rota da Seda Mar\u00edtima do S\u00e9culo XXI &#8211; Guangdong, \u00e0 procura de novas oportunidades de desenvolvimento"}]},{"@type":"WebSite","@id":"https:\/\/www.ipim.gov.mo\/zh-hans\/#website","url":"https:\/\/www.ipim.gov.mo\/zh-hans\/","name":"Commerce and Investment Promotion Institute","description":"Commerce and Investment Promotion Institute","publisher":{"@id":"https:\/\/www.ipim.gov.mo\/zh-hans\/#organization"},"potentialAction":[{"@type":"SearchAction","target":{"@type":"EntryPoint","urlTemplate":"https:\/\/www.ipim.gov.mo\/zh-hans\/?s={search_term_string}"},"query-input":{"@type":"PropertyValueSpecification","valueRequired":true,"valueName":"search_term_string"}}],"inLanguage":"pt-PT"},{"@type":"Organization","@id":"https:\/\/www.ipim.gov.mo\/zh-hans\/#organization","name":"IPIM","url":"https:\/\/www.ipim.gov.mo\/zh-hans\/","logo":{"@type":"ImageObject","inLanguage":"pt-PT","@id":"https:\/\/www.ipim.gov.mo\/zh-hans\/#\/schema\/logo\/image\/","url":"https:\/\/www.ipim.gov.mo\/wp-content\/uploads\/2022\/10\/default-post-thumbnail-ipim-logo.png","contentUrl":"https:\/\/www.ipim.gov.mo\/wp-content\/uploads\/2022\/10\/default-post-thumbnail-ipim-logo.png","width":1024,"height":768,"caption":"IPIM"},"image":{"@id":"https:\/\/www.ipim.gov.mo\/zh-hans\/#\/schema\/logo\/image\/"}}]}},"author_meta":{"display_name":"admin","author_link":"https:\/\/www.ipim.gov.mo\/pt-pt\/author\/admin\/"},"featured_img":"https:\/\/www.ipim.gov.mo\/wp-content\/uploads\/2024\/07\/ipim-post-default-300x225.jpg","coauthors":[],"tax_additional":{"categories":{"linked":["<a href=\"https:\/\/www.ipim.gov.mo\/pt-pt\/category\/noticias-do-ipim\/\" class=\"advgb-post-tax-term\">Not\u00edcias do IPIM<\/a>"],"unlinked":["<span class=\"advgb-post-tax-term\">Not\u00edcias do IPIM<\/span>"]}},"comment_count":"0","relative_dates":{"created":"Posted 7 years ago","modified":"Updated 7 years ago"},"absolute_dates":{"created":"Posted on Agosto 23, 2019","modified":"Updated on Agosto 26, 2019"},"absolute_dates_time":{"created":"Posted on Agosto 23, 2019 9:18 pm","modified":"Updated on Agosto 26, 2019 10:56 am"},"featured_img_caption":"","series_order":"","_links":{"self":[{"href":"https:\/\/www.ipim.gov.mo\/pt-pt\/wp-json\/wp\/v2\/posts\/265852","targetHints":{"allow":["GET"]}}],"collection":[{"href":"https:\/\/www.ipim.gov.mo\/pt-pt\/wp-json\/wp\/v2\/posts"}],"about":[{"href":"https:\/\/www.ipim.gov.mo\/pt-pt\/wp-json\/wp\/v2\/types\/post"}],"author":[{"embeddable":true,"href":"https:\/\/www.ipim.gov.mo\/pt-pt\/wp-json\/wp\/v2\/users\/1"}],"replies":[{"embeddable":true,"href":"https:\/\/www.ipim.gov.mo\/pt-pt\/wp-json\/wp\/v2\/comments?post=265852"}],"version-history":[{"count":0,"href":"https:\/\/www.ipim.gov.mo\/pt-pt\/wp-json\/wp\/v2\/posts\/265852\/revisions"}],"wp:featuredmedia":[{"embeddable":true,"href":"https:\/\/www.ipim.gov.mo\/pt-pt\/wp-json\/wp\/v2\/media\/467868"}],"wp:attachment":[{"href":"https:\/\/www.ipim.gov.mo\/pt-pt\/wp-json\/wp\/v2\/media?parent=265852"}],"wp:term":[{"taxonomy":"category","embeddable":true,"href":"https:\/\/www.ipim.gov.mo\/pt-pt\/wp-json\/wp\/v2\/categories?post=265852"},{"taxonomy":"post_tag","embeddable":true,"href":"https:\/\/www.ipim.gov.mo\/pt-pt\/wp-json\/wp\/v2\/tags?post=265852"}],"curies":[{"name":"wp","href":"https:\/\/api.w.org\/{rel}","templated":true}]}}