{"id":264926,"date":"2019-08-08T18:21:00","date_gmt":"2019-08-08T10:21:00","guid":{"rendered":"https:\/\/www.ipim.gov.mo\/zh-hant\/ipim-news-zh-hant\/20190808-a-comissao-para-o-desenvolvimento-de-convencoes-e-exposicoes-convocou-a-2-a-reuniao-plenaria-de-2019\/"},"modified":"2019-08-08T18:21:00","modified_gmt":"2019-08-08T10:21:00","slug":"20190808-a-comissao-para-o-desenvolvimento-de-convencoes-e-exposicoes-convocou-a-2-a-reuniao-plenaria-de-2019","status":"publish","type":"post","link":"https:\/\/www.ipim.gov.mo\/pt-pt\/noticias-do-ipim\/20190808-a-comissao-para-o-desenvolvimento-de-convencoes-e-exposicoes-convocou-a-2-a-reuniao-plenaria-de-2019\/","title":{"rendered":"[2019\/08\/08] A Comiss\u00e3o para o Desenvolvimento de Conven\u00e7\u00f5es e Exposi\u00e7\u00f5es convocou a 2.\u00aa Reuni\u00e3o Plen\u00e1ria de 2019"},"content":{"rendered":"<p style=\"text-align:justify\">A segunda Reuni&atilde;o Plen&aacute;ria da Comiss&atilde;o para o Desenvolvimento de Conven&ccedil;&otilde;es e Exposi&ccedil;&otilde;es (CDCE) foi realizada recentemente, no Sal&atilde;o de Confer&ecirc;ncia Multifuncional, situado no 19.&ordm; andar do Edif&iacute;cio China Civil Plaza. No decorrer da reuni&atilde;o, abordou-se a coopera&ccedil;&atilde;o entre Macau e as cidades da Grande Ba&iacute;a Guangdong-Hong Kong-Macau, incluindo o desenvolvimento do modo cooperativo \u201cum evento, dois locais\u201d e a licita&ccedil;&atilde;o conjunta das actividades de conven&ccedil;&otilde;es e exposi&ccedil;&otilde;es a n&iacute;vel internacional. Foram relatados ainda os trabalhos conclu&iacute;dos pelo Instituto de Promo&ccedil;&atilde;o do Com&eacute;rcio e do Investimento de Macau (IPIM) na primeira metade de 2019, em torno dos servi&ccedil;os \u201cOne-Stop\u201d para licita&ccedil;&atilde;o e apoio em Macau de actividades do sector das conven&ccedil;&otilde;es e exposi&ccedil;&otilde;es (MICE, na sigla inglesa).<\/p>\n<p style=\"text-align:justify\">A reuni&atilde;o foi presidida pelo Secret&aacute;rio para a Economia e Finan&ccedil;as, tamb&eacute;m Presidente da CDCE, Dr. Leong Vai Tac. Ele salientou que a ind&uacute;stria MICE desempenha um papel positivo face &agrave; promo&ccedil;&atilde;o do desenvolvimento adequado e diversificado da economia de Macau. Perante o ambiente da economia exterior, que &eacute; complexo e suscept&iacute;vel de mudan&ccedil;as, tanto o Governo da RAEM como o sector MICE devem preparar-se bem, com uma postura assente nos aspectos actuais e uma vis&atilde;o baseada em perspectivas de longo prazo, para consolidar as pr&oacute;prias vantagens e integrar-se no enquadramento global de desenvolvimento do nosso pa&iacute;s, agarrando as oportunidades, em prol das quais devem trabalhar activamente. O Dr. Leong Vai Tac acrescentou ainda que o Governo deve, no momento em que se empenhar em elevar ainda mais o n&iacute;vel de profissionaliza&ccedil;&atilde;o, internacionaliza&ccedil;&atilde;o e mercantiliza&ccedil;&atilde;o do sector MICE de Macau, potenciar plenamente o papel de irradia&ccedil;&atilde;o e motiva&ccedil;&atilde;o deste sector, com vista a beneficiar, da melhor forma poss&iacute;vel, a sociedade e o povo, fazendo-lhes chegar os frutos relevantes desse processo e aumentando o sentido de realiza&ccedil;&atilde;o dos residentes. O Dr. Leong sugeriu que se tire bom partido das vantagens do sector MICE de Macau para, em coordena&ccedil;&atilde;o com as necessidades da Grande Ba&iacute;a, fazer um melhor uso da fun&ccedil;&atilde;o de \u201ccontactos infal&iacute;veis\u201d. &Eacute; aconselh&aacute;vel ainda que o Governo d&ecirc; continuidade ao aprofundamento da coopera&ccedil;&atilde;o regional do ponto de vista \u201c+Macau\u201d e explore activamente as novas &aacute;reas e o respectivo conte&uacute;do da coopera&ccedil;&atilde;o MICE entre as cidades da Grande Ba&iacute;a, promovendo o desenvolvimento coordenado da economia regional.<\/p>\n<p style=\"text-align:justify\"><strong>Fazer uso das vantagens da Grande Ba&iacute;a Guangdong-Hong Kong-Macau, para promover o desenvolvimento do sector MICE<\/strong><\/p>\n<p style=\"text-align:justify\">A Secret&aacute;ria-Geral da CDCE e Presidente do IPIM, Dr.&ordf; Irene Va Kuan Lau, na sua apresenta&ccedil;&atilde;o sobre a coopera&ccedil;&atilde;o MICE realizada entre Macau e v&aacute;rias cidades da Grande Ba&iacute;a, reiterou que, sob o modo cooperativo \u201cum evento, dois locais\u201d, as conven&ccedil;&otilde;es e exposi&ccedil;&otilde;es das actividades MICE foram organizadas em diferentes cidades da Grande Ba&iacute;a, no sentido de aproveitar as suas pr&oacute;prias vantagens. Macau, por sua vez, &eacute; dotado de vantagens institucionais, de instala&ccedil;&otilde;es completas e de servi&ccedil;os internacionalizados, o que ser&aacute; ben&eacute;fico para ambas as partes desenvolverem, de formas diversas, uma coopera&ccedil;&atilde;o em projectos, com temas diversificados, esfor&ccedil;ando-se para incentivar as exposi&ccedil;&otilde;es atrav&eacute;s das conven&ccedil;&otilde;es e vice-versa, de modo a impulsionar a coopera&ccedil;&atilde;o conjunta de MICE em Macau. Segundo a Dr.&ordf; Lau, o modo referido abrange tamb&eacute;m as formas \u201cuma conven&ccedil;&atilde;o, dois locais\u201d, \u201cuma exposi&ccedil;&atilde;o, dois locais\u201d e \u201cuma viagem, multidestinos\u201d, as quais j&aacute; foram postas em pr&aacute;tica nas passadas actividades MICE.<\/p>\n<p style=\"text-align:justify\">O membro da CDCE e Vogal Executivo do IPIM, Dr. Sam Lei, afirmou que, na primeira metade de 2019, o IPIM deu seguimento, no total, a182 projectos MICE, entre os quais 110 j&aacute; foram concretizados. Em simult&acirc;neo, um total de 11 projectos de conven&ccedil;&atilde;o, com uma escala de mais de 1000 pessoas cada, foram introduzidos atrav&eacute;s do servi&ccedil;o \u201cOne-Stop\u201d para licita&ccedil;&atilde;o e apoio em Macau de actividades MICE.<\/p>\n<p style=\"text-align:justify\">Os membros participantes da CDCE partilharam as suas perspectivas em torno do tema da reuni&atilde;o. Um membro aconselhou que a Grande Ba&iacute;a organize simultaneamente as actividades MICE com o mesmo tema, de forma a aproveitar a super-plataforma para se desenvolver em grupo. Na actualidade, &eacute; vi&aacute;vel estudar ou explorar, com base nas vantagens das partes intervenientes, os temas sustent&aacute;veis das exposi&ccedil;&otilde;es, de entre os quais parece mais promissor o sector de joalharia. Outro membro prop&ocirc;s uma revis&atilde;o, de acordo com as novas tend&ecirc;ncias, das actuais pol&iacute;ticas relacionadas com o apoio ao desenvolvimento do sector MICE. Tamb&eacute;m houve membros que abordaram assuntos sobre a importa&ccedil;&atilde;o dos produtos expositivos, entre outros.<\/p>\n<div class=\"wp-caption alignnone\"><a href=\"https:\/\/www.gcs.gov.mo\/news\/p\/P19HHlfurb\/l\" class=\"fancybox\"><img decoding=\"async\" class=\"size-large\" src=\"https:\/\/www.gcs.gov.mo\/news\/p\/P19HHlfurb\/l\" alt=\"A Comiss\u00e3o para o Desenvolvimento de Conven\u00e7\u00f5es e Exposi\u00e7\u00f5es (CDCE) convocou a 2.\u00aa Reuni\u00e3o Plen\u00e1ria de 2019\" width=\"1024\"><\/a><\/p>\n<p class=\"wp-caption-text\">A Comiss\u00e3o para o Desenvolvimento de Conven\u00e7\u00f5es e Exposi\u00e7\u00f5es (CDCE) convocou a 2.\u00aa Reuni\u00e3o Plen\u00e1ria de 2019<\/p>\n<\/div>\n","protected":false},"excerpt":{"rendered":"<p>A segunda Reuni&atilde;o Plen&aacute;ria da Comiss&atilde;o para o Desenvolvimento de Conven&ccedil;&otilde;es e Exposi&ccedil;&otilde;es (CDCE) foi realizada recentemente, no Sal&atilde;o de Confer&ecirc;ncia Multifuncional, situado no 19.&ordm; [&hellip;]<\/p>\n","protected":false},"author":1,"featured_media":467868,"comment_status":"closed","ping_status":"closed","sticky":false,"template":"","format":"standard","meta":{"_acf_changed":false,"inline_featured_image":false,"advgb_blocks_editor_width":"","advgb_blocks_columns_visual_guide":"","footnotes":""},"categories":[12],"tags":[],"class_list":["post-264926","post","type-post","status-publish","format-standard","has-post-thumbnail","hentry","category-noticias-do-ipim"],"acf":[],"yoast_head":"<!-- This site is optimized with the Yoast SEO plugin v26.2 - https:\/\/yoast.com\/wordpress\/plugins\/seo\/ -->\r\n<title>[2019\/08\/08] A Comiss\u00e3o para o Desenvolvimento de Conven\u00e7\u00f5es e Exposi\u00e7\u00f5es convocou a 2.\u00aa Reuni\u00e3o Plen\u00e1ria de 2019 | Commerce and Investment Promotion Institute<\/title>\r\n<meta name=\"robots\" content=\"index, follow, max-snippet:-1, max-image-preview:large, max-video-preview:-1\" \/>\r\n<link rel=\"canonical\" href=\"https:\/\/www.ipim.gov.mo\/pt-pt\/noticias-do-ipim\/20190808-a-comissao-para-o-desenvolvimento-de-convencoes-e-exposicoes-convocou-a-2-a-reuniao-plenaria-de-2019\/\" \/>\r\n<meta property=\"og:locale\" content=\"pt_PT\" \/>\r\n<meta property=\"og:type\" content=\"article\" \/>\r\n<meta property=\"og:title\" content=\"[2019\/08\/08] A Comiss\u00e3o para o Desenvolvimento de Conven\u00e7\u00f5es e Exposi\u00e7\u00f5es convocou a 2.\u00aa Reuni\u00e3o Plen\u00e1ria de 2019 | Commerce and Investment Promotion Institute\" \/>\r\n<meta property=\"og:description\" content=\"A segunda Reuni&atilde;o Plen&aacute;ria da Comiss&atilde;o para o Desenvolvimento de Conven&ccedil;&otilde;es e Exposi&ccedil;&otilde;es (CDCE) foi realizada recentemente, no Sal&atilde;o de Confer&ecirc;ncia Multifuncional, situado no 19.&ordm; [&hellip;]\" \/>\r\n<meta property=\"og:url\" content=\"https:\/\/www.ipim.gov.mo\/pt-pt\/noticias-do-ipim\/20190808-a-comissao-para-o-desenvolvimento-de-convencoes-e-exposicoes-convocou-a-2-a-reuniao-plenaria-de-2019\/\" \/>\r\n<meta property=\"og:site_name\" content=\"Commerce and Investment Promotion Institute\" \/>\r\n<meta property=\"article:published_time\" content=\"2019-08-08T10:21:00+00:00\" \/>\r\n<meta property=\"og:image\" content=\"https:\/\/www.ipim.gov.mo\/wp-content\/uploads\/2024\/07\/ipim-post-default.jpg\" \/>\r\n\t<meta property=\"og:image:width\" content=\"1024\" \/>\r\n\t<meta property=\"og:image:height\" content=\"768\" \/>\r\n\t<meta property=\"og:image:type\" content=\"image\/jpeg\" \/>\r\n<meta name=\"author\" content=\"admin\" \/>\r\n<meta name=\"twitter:card\" content=\"summary_large_image\" \/>\r\n<meta name=\"twitter:label1\" content=\"Written by\" \/>\n\t<meta name=\"twitter:data1\" content=\"admin\" \/>\n\t<meta name=\"twitter:label2\" content=\"Est. reading time\" \/>\n\t<meta name=\"twitter:data2\" content=\"5 minutes\" \/>\r\n<script type=\"application\/ld+json\" class=\"yoast-schema-graph\">{\"@context\":\"https:\/\/schema.org\",\"@graph\":[{\"@type\":\"WebPage\",\"@id\":\"https:\/\/www.ipim.gov.mo\/pt-pt\/noticias-do-ipim\/20190808-a-comissao-para-o-desenvolvimento-de-convencoes-e-exposicoes-convocou-a-2-a-reuniao-plenaria-de-2019\/\",\"url\":\"https:\/\/www.ipim.gov.mo\/pt-pt\/noticias-do-ipim\/20190808-a-comissao-para-o-desenvolvimento-de-convencoes-e-exposicoes-convocou-a-2-a-reuniao-plenaria-de-2019\/\",\"name\":\"[2019\/08\/08] A Comiss\u00e3o para o Desenvolvimento de Conven\u00e7\u00f5es e Exposi\u00e7\u00f5es convocou a 2.\u00aa Reuni\u00e3o Plen\u00e1ria de 2019 | Commerce and Investment Promotion Institute\",\"isPartOf\":{\"@id\":\"https:\/\/www.ipim.gov.mo\/zh-hans\/#website\"},\"primaryImageOfPage\":{\"@id\":\"https:\/\/www.ipim.gov.mo\/pt-pt\/noticias-do-ipim\/20190808-a-comissao-para-o-desenvolvimento-de-convencoes-e-exposicoes-convocou-a-2-a-reuniao-plenaria-de-2019\/#primaryimage\"},\"image\":{\"@id\":\"https:\/\/www.ipim.gov.mo\/pt-pt\/noticias-do-ipim\/20190808-a-comissao-para-o-desenvolvimento-de-convencoes-e-exposicoes-convocou-a-2-a-reuniao-plenaria-de-2019\/#primaryimage\"},\"thumbnailUrl\":\"https:\/\/www.ipim.gov.mo\/wp-content\/uploads\/2024\/07\/ipim-post-default.jpg\",\"datePublished\":\"2019-08-08T10:21:00+00:00\",\"breadcrumb\":{\"@id\":\"https:\/\/www.ipim.gov.mo\/pt-pt\/noticias-do-ipim\/20190808-a-comissao-para-o-desenvolvimento-de-convencoes-e-exposicoes-convocou-a-2-a-reuniao-plenaria-de-2019\/#breadcrumb\"},\"inLanguage\":\"pt-PT\",\"potentialAction\":[{\"@type\":\"ReadAction\",\"target\":[\"https:\/\/www.ipim.gov.mo\/pt-pt\/noticias-do-ipim\/20190808-a-comissao-para-o-desenvolvimento-de-convencoes-e-exposicoes-convocou-a-2-a-reuniao-plenaria-de-2019\/\"]}]},{\"@type\":\"ImageObject\",\"inLanguage\":\"pt-PT\",\"@id\":\"https:\/\/www.ipim.gov.mo\/pt-pt\/noticias-do-ipim\/20190808-a-comissao-para-o-desenvolvimento-de-convencoes-e-exposicoes-convocou-a-2-a-reuniao-plenaria-de-2019\/#primaryimage\",\"url\":\"https:\/\/www.ipim.gov.mo\/wp-content\/uploads\/2024\/07\/ipim-post-default.jpg\",\"contentUrl\":\"https:\/\/www.ipim.gov.mo\/wp-content\/uploads\/2024\/07\/ipim-post-default.jpg\",\"width\":1024,\"height\":768},{\"@type\":\"BreadcrumbList\",\"@id\":\"https:\/\/www.ipim.gov.mo\/pt-pt\/noticias-do-ipim\/20190808-a-comissao-para-o-desenvolvimento-de-convencoes-e-exposicoes-convocou-a-2-a-reuniao-plenaria-de-2019\/#breadcrumb\",\"itemListElement\":[{\"@type\":\"ListItem\",\"position\":1,\"name\":\"Home\",\"item\":\"https:\/\/www.ipim.gov.mo\/pt-pt\/\"},{\"@type\":\"ListItem\",\"position\":2,\"name\":\"[2019\/08\/08] A Comiss\u00e3o para o Desenvolvimento de Conven\u00e7\u00f5es e Exposi\u00e7\u00f5es convocou a 2.\u00aa Reuni\u00e3o Plen\u00e1ria de 2019\"}]},{\"@type\":\"WebSite\",\"@id\":\"https:\/\/www.ipim.gov.mo\/zh-hans\/#website\",\"url\":\"https:\/\/www.ipim.gov.mo\/zh-hans\/\",\"name\":\"Commerce and Investment Promotion Institute\",\"description\":\"Commerce and Investment Promotion Institute\",\"publisher\":{\"@id\":\"https:\/\/www.ipim.gov.mo\/zh-hans\/#organization\"},\"potentialAction\":[{\"@type\":\"SearchAction\",\"target\":{\"@type\":\"EntryPoint\",\"urlTemplate\":\"https:\/\/www.ipim.gov.mo\/zh-hans\/?s={search_term_string}\"},\"query-input\":{\"@type\":\"PropertyValueSpecification\",\"valueRequired\":true,\"valueName\":\"search_term_string\"}}],\"inLanguage\":\"pt-PT\"},{\"@type\":\"Organization\",\"@id\":\"https:\/\/www.ipim.gov.mo\/zh-hans\/#organization\",\"name\":\"IPIM\",\"url\":\"https:\/\/www.ipim.gov.mo\/zh-hans\/\",\"logo\":{\"@type\":\"ImageObject\",\"inLanguage\":\"pt-PT\",\"@id\":\"https:\/\/www.ipim.gov.mo\/zh-hans\/#\/schema\/logo\/image\/\",\"url\":\"https:\/\/www.ipim.gov.mo\/wp-content\/uploads\/2022\/10\/default-post-thumbnail-ipim-logo.png\",\"contentUrl\":\"https:\/\/www.ipim.gov.mo\/wp-content\/uploads\/2022\/10\/default-post-thumbnail-ipim-logo.png\",\"width\":1024,\"height\":768,\"caption\":\"IPIM\"},\"image\":{\"@id\":\"https:\/\/www.ipim.gov.mo\/zh-hans\/#\/schema\/logo\/image\/\"}}]}<\/script>\r\n<!-- \/ Yoast SEO plugin. -->","yoast_head_json":{"title":"[2019\/08\/08] A Comiss\u00e3o para o Desenvolvimento de Conven\u00e7\u00f5es e Exposi\u00e7\u00f5es convocou a 2.\u00aa Reuni\u00e3o Plen\u00e1ria de 2019 | Commerce and Investment Promotion Institute","robots":{"index":"index","follow":"follow","max-snippet":"max-snippet:-1","max-image-preview":"max-image-preview:large","max-video-preview":"max-video-preview:-1"},"canonical":"https:\/\/www.ipim.gov.mo\/pt-pt\/noticias-do-ipim\/20190808-a-comissao-para-o-desenvolvimento-de-convencoes-e-exposicoes-convocou-a-2-a-reuniao-plenaria-de-2019\/","og_locale":"pt_PT","og_type":"article","og_title":"[2019\/08\/08] A Comiss\u00e3o para o Desenvolvimento de Conven\u00e7\u00f5es e Exposi\u00e7\u00f5es convocou a 2.\u00aa Reuni\u00e3o Plen\u00e1ria de 2019 | Commerce and Investment Promotion Institute","og_description":"A segunda Reuni&atilde;o Plen&aacute;ria da Comiss&atilde;o para o Desenvolvimento de Conven&ccedil;&otilde;es e Exposi&ccedil;&otilde;es (CDCE) foi realizada recentemente, no Sal&atilde;o de Confer&ecirc;ncia Multifuncional, situado no 19.&ordm; [&hellip;]","og_url":"https:\/\/www.ipim.gov.mo\/pt-pt\/noticias-do-ipim\/20190808-a-comissao-para-o-desenvolvimento-de-convencoes-e-exposicoes-convocou-a-2-a-reuniao-plenaria-de-2019\/","og_site_name":"Commerce and Investment Promotion Institute","article_published_time":"2019-08-08T10:21:00+00:00","og_image":[{"width":1024,"height":768,"url":"https:\/\/www.ipim.gov.mo\/wp-content\/uploads\/2024\/07\/ipim-post-default.jpg","type":"image\/jpeg"}],"author":"admin","twitter_card":"summary_large_image","twitter_misc":{"Written by":"admin","Est. reading time":"5 minutes"},"schema":{"@context":"https:\/\/schema.org","@graph":[{"@type":"WebPage","@id":"https:\/\/www.ipim.gov.mo\/pt-pt\/noticias-do-ipim\/20190808-a-comissao-para-o-desenvolvimento-de-convencoes-e-exposicoes-convocou-a-2-a-reuniao-plenaria-de-2019\/","url":"https:\/\/www.ipim.gov.mo\/pt-pt\/noticias-do-ipim\/20190808-a-comissao-para-o-desenvolvimento-de-convencoes-e-exposicoes-convocou-a-2-a-reuniao-plenaria-de-2019\/","name":"[2019\/08\/08] A Comiss\u00e3o para o Desenvolvimento de Conven\u00e7\u00f5es e Exposi\u00e7\u00f5es convocou a 2.\u00aa Reuni\u00e3o Plen\u00e1ria de 2019 | Commerce and Investment Promotion Institute","isPartOf":{"@id":"https:\/\/www.ipim.gov.mo\/zh-hans\/#website"},"primaryImageOfPage":{"@id":"https:\/\/www.ipim.gov.mo\/pt-pt\/noticias-do-ipim\/20190808-a-comissao-para-o-desenvolvimento-de-convencoes-e-exposicoes-convocou-a-2-a-reuniao-plenaria-de-2019\/#primaryimage"},"image":{"@id":"https:\/\/www.ipim.gov.mo\/pt-pt\/noticias-do-ipim\/20190808-a-comissao-para-o-desenvolvimento-de-convencoes-e-exposicoes-convocou-a-2-a-reuniao-plenaria-de-2019\/#primaryimage"},"thumbnailUrl":"https:\/\/www.ipim.gov.mo\/wp-content\/uploads\/2024\/07\/ipim-post-default.jpg","datePublished":"2019-08-08T10:21:00+00:00","breadcrumb":{"@id":"https:\/\/www.ipim.gov.mo\/pt-pt\/noticias-do-ipim\/20190808-a-comissao-para-o-desenvolvimento-de-convencoes-e-exposicoes-convocou-a-2-a-reuniao-plenaria-de-2019\/#breadcrumb"},"inLanguage":"pt-PT","potentialAction":[{"@type":"ReadAction","target":["https:\/\/www.ipim.gov.mo\/pt-pt\/noticias-do-ipim\/20190808-a-comissao-para-o-desenvolvimento-de-convencoes-e-exposicoes-convocou-a-2-a-reuniao-plenaria-de-2019\/"]}]},{"@type":"ImageObject","inLanguage":"pt-PT","@id":"https:\/\/www.ipim.gov.mo\/pt-pt\/noticias-do-ipim\/20190808-a-comissao-para-o-desenvolvimento-de-convencoes-e-exposicoes-convocou-a-2-a-reuniao-plenaria-de-2019\/#primaryimage","url":"https:\/\/www.ipim.gov.mo\/wp-content\/uploads\/2024\/07\/ipim-post-default.jpg","contentUrl":"https:\/\/www.ipim.gov.mo\/wp-content\/uploads\/2024\/07\/ipim-post-default.jpg","width":1024,"height":768},{"@type":"BreadcrumbList","@id":"https:\/\/www.ipim.gov.mo\/pt-pt\/noticias-do-ipim\/20190808-a-comissao-para-o-desenvolvimento-de-convencoes-e-exposicoes-convocou-a-2-a-reuniao-plenaria-de-2019\/#breadcrumb","itemListElement":[{"@type":"ListItem","position":1,"name":"Home","item":"https:\/\/www.ipim.gov.mo\/pt-pt\/"},{"@type":"ListItem","position":2,"name":"[2019\/08\/08] A Comiss\u00e3o para o Desenvolvimento de Conven\u00e7\u00f5es e Exposi\u00e7\u00f5es convocou a 2.\u00aa Reuni\u00e3o Plen\u00e1ria de 2019"}]},{"@type":"WebSite","@id":"https:\/\/www.ipim.gov.mo\/zh-hans\/#website","url":"https:\/\/www.ipim.gov.mo\/zh-hans\/","name":"Commerce and Investment Promotion Institute","description":"Commerce and Investment Promotion Institute","publisher":{"@id":"https:\/\/www.ipim.gov.mo\/zh-hans\/#organization"},"potentialAction":[{"@type":"SearchAction","target":{"@type":"EntryPoint","urlTemplate":"https:\/\/www.ipim.gov.mo\/zh-hans\/?s={search_term_string}"},"query-input":{"@type":"PropertyValueSpecification","valueRequired":true,"valueName":"search_term_string"}}],"inLanguage":"pt-PT"},{"@type":"Organization","@id":"https:\/\/www.ipim.gov.mo\/zh-hans\/#organization","name":"IPIM","url":"https:\/\/www.ipim.gov.mo\/zh-hans\/","logo":{"@type":"ImageObject","inLanguage":"pt-PT","@id":"https:\/\/www.ipim.gov.mo\/zh-hans\/#\/schema\/logo\/image\/","url":"https:\/\/www.ipim.gov.mo\/wp-content\/uploads\/2022\/10\/default-post-thumbnail-ipim-logo.png","contentUrl":"https:\/\/www.ipim.gov.mo\/wp-content\/uploads\/2022\/10\/default-post-thumbnail-ipim-logo.png","width":1024,"height":768,"caption":"IPIM"},"image":{"@id":"https:\/\/www.ipim.gov.mo\/zh-hans\/#\/schema\/logo\/image\/"}}]}},"author_meta":{"display_name":"admin","author_link":"https:\/\/www.ipim.gov.mo\/pt-pt\/author\/admin\/"},"featured_img":"https:\/\/www.ipim.gov.mo\/wp-content\/uploads\/2024\/07\/ipim-post-default-300x225.jpg","coauthors":[],"tax_additional":{"categories":{"linked":["<a href=\"https:\/\/www.ipim.gov.mo\/pt-pt\/category\/noticias-do-ipim\/\" class=\"advgb-post-tax-term\">Not\u00edcias do IPIM<\/a>"],"unlinked":["<span class=\"advgb-post-tax-term\">Not\u00edcias do IPIM<\/span>"]}},"comment_count":"0","relative_dates":{"created":"Posted 7 years ago","modified":"Updated 7 years ago"},"absolute_dates":{"created":"Posted on Agosto 8, 2019","modified":"Updated on Agosto 8, 2019"},"absolute_dates_time":{"created":"Posted on Agosto 8, 2019 6:21 pm","modified":"Updated on Agosto 8, 2019 6:21 pm"},"featured_img_caption":"","series_order":"","_links":{"self":[{"href":"https:\/\/www.ipim.gov.mo\/pt-pt\/wp-json\/wp\/v2\/posts\/264926","targetHints":{"allow":["GET"]}}],"collection":[{"href":"https:\/\/www.ipim.gov.mo\/pt-pt\/wp-json\/wp\/v2\/posts"}],"about":[{"href":"https:\/\/www.ipim.gov.mo\/pt-pt\/wp-json\/wp\/v2\/types\/post"}],"author":[{"embeddable":true,"href":"https:\/\/www.ipim.gov.mo\/pt-pt\/wp-json\/wp\/v2\/users\/1"}],"replies":[{"embeddable":true,"href":"https:\/\/www.ipim.gov.mo\/pt-pt\/wp-json\/wp\/v2\/comments?post=264926"}],"version-history":[{"count":0,"href":"https:\/\/www.ipim.gov.mo\/pt-pt\/wp-json\/wp\/v2\/posts\/264926\/revisions"}],"wp:featuredmedia":[{"embeddable":true,"href":"https:\/\/www.ipim.gov.mo\/pt-pt\/wp-json\/wp\/v2\/media\/467868"}],"wp:attachment":[{"href":"https:\/\/www.ipim.gov.mo\/pt-pt\/wp-json\/wp\/v2\/media?parent=264926"}],"wp:term":[{"taxonomy":"category","embeddable":true,"href":"https:\/\/www.ipim.gov.mo\/pt-pt\/wp-json\/wp\/v2\/categories?post=264926"},{"taxonomy":"post_tag","embeddable":true,"href":"https:\/\/www.ipim.gov.mo\/pt-pt\/wp-json\/wp\/v2\/tags?post=264926"}],"curies":[{"name":"wp","href":"https:\/\/api.w.org\/{rel}","templated":true}]}}