{"id":264811,"date":"2019-07-29T00:04:00","date_gmt":"2019-07-28T16:04:00","guid":{"rendered":"https:\/\/www.ipim.gov.mo\/pt-pt\/20190729-%e6%be%b3%e9%96%80%e5%9c%8b%e9%9a%9b%e5%93%81%e7%89%8c%e9%80%a3%e9%8e%96%e5%8a%a0%e7%9b%9f%e5%b1%952019%e8%88%87%e6%9c%83%e4%ba%ba%e5%a3%ab%e6%8c%87%e6%88%90%e6%95%88\/"},"modified":"2019-08-06T10:44:59","modified_gmt":"2019-08-06T02:44:59","slug":"20190729-%e6%be%b3%e9%96%80%e5%9c%8b%e9%9a%9b%e5%93%81%e7%89%8c%e9%80%a3%e9%8e%96%e5%8a%a0%e7%9b%9f%e5%b1%952019%e8%88%87%e6%9c%83%e4%ba%ba%e5%a3%ab%e6%8c%87%e6%88%90%e6%95%88","status":"publish","type":"post","link":"https:\/\/www.ipim.gov.mo\/pt-pt\/noticias-do-ipim\/20190729-%e6%be%b3%e9%96%80%e5%9c%8b%e9%9a%9b%e5%93%81%e7%89%8c%e9%80%a3%e9%8e%96%e5%8a%a0%e7%9b%9f%e5%b1%952019%e8%88%87%e6%9c%83%e4%ba%ba%e5%a3%ab%e6%8c%87%e6%88%90%e6%95%88\/","title":{"rendered":"[2019\/07\/29] Os participantes est\u00e3o satisfeitas com os resultados alcan\u00e7ados durante a Exposi\u00e7\u00e3o de Franquia de Macau 2019"},"content":{"rendered":"<p>Com a integra\u00e7\u00e3o da experi\u00eancia dos \u00faltimos dez anos, v\u00e1rios expositores e participantes consideram que a \u201cExposi\u00e7\u00e3o de Franquia de Macau 2019\u201d (2019MFE) tem aperfei\u00e7oado os diversos trabalhos e servi\u00e7os de forma aprofundada. A MFE, enquanto uma plataforma de refer\u00eancia internacional para a promo\u00e7\u00e3o dos regimes de franquia de marcas e de cadeias de lojas, est\u00e1 a desenvolver as potencialidades singulares de Macau, tendo as entidades expositoras e participantes conseguido obter resultados satisfat\u00f3rios.<\/p>\n<p>Em coordena\u00e7\u00e3o com as \u201cLinhas Gerais do Planeamento para o Desenvolvimento da Grande Ba\u00eda Guangdong-Hong Kong-Macau\u201d, foi inclu\u00eddo nesta edi\u00e7\u00e3o da MFE um vasto leque de elementos relativos \u00e0 Grande Ba\u00eda, visando impulsionar a coopera\u00e7\u00e3o inter-regional e aproveitar oportunidades de desenvolvimento, atrav\u00e9s da participa\u00e7\u00e3o de delega\u00e7\u00f5es provenientes dos munic\u00edpios integrados na Grande Ba\u00eda, da \u201cZona de Com\u00e9rcio da Regi\u00e3o da Grande Ba\u00eda de Guangdong-Hong Kong-Macau\u201d e das actividades de \u201cInvestiga\u00e7\u00e3o de Mercado destinada \u00e0 Grande Ba\u00eda Guangdong-Hong Kong-Macau: Macau e Zhongshan\u201d. Paralelamente, tendo como objectivo desenvolver as potencialidades de Macau enquanto plataforma de servi\u00e7os para a coopera\u00e7\u00e3o comercial entre a China e os Pa\u00edses de L\u00edngua Portuguesa de forma aprofundada, a presente edi\u00e7\u00e3o da MFE ampliou ainda mais a \u201cZona de Exposi\u00e7\u00e3o dos Pa\u00edses de L\u00edngua Portuguesa\u201d, na qual se constatou um acr\u00e9scimo de empresas participantes em rela\u00e7\u00e3o ao ano passado, tendo atra\u00eddo mais de vinte expositores provenientes de Portugal e do Brasil. A par do referido, al\u00e9m de continuar com a \u201cAvenida Gourmet\u201d e o \u201cPavilh\u00e3o de Consultadoria de Marcas\u201d, este ano foram acrescentadas a \u201cZona de Exposi\u00e7\u00e3o para o Novo Modelo de Venda a Retalho e de Apoio Comercial\u201d, a \u201cZona de Marcas Caracter\u00edsticas\u201d e a \u201cZona de Marcas Famosas\u201d, com vista a ajudar os comerciantes expositores a encontrar parceiros comerciais e a promover melhor os seus produtos e servi\u00e7os.<\/p>\n<p>A Sra. Wong, respons\u00e1vel do Departamento de Marketing de uma marca local de bebidas de ch\u00e1, disse que foi a primeira vez que participou na MFE. A sua empresa dedica-se a vender bebidas de ch\u00e1 com frutas frescas e j\u00e1 possui um total de seis lojas em Macau. Dentro em breve ser\u00e3o abertas lojas de franquia em Londres. A Sra. Wong indicou que durante a exposi\u00e7\u00e3o, muitos comerciantes provenientes da Indon\u00e9sia, dos EUA e de pa\u00edses europeus vieram pedir informa\u00e7\u00f5es para ter mais conhecimentos sobre a empresa. O Sr. Chan, director-geral de uma empresa retalhista de produtos aliment\u00edcios brutos e frescos de Zhuhai explicou que a sua empresa estabeleceu mais de trezentas lojas de conveni\u00eancia e supermercados nas cidades de Zhuhai, Zhongshan, Shenzhen, Guangzhou e Jiangmen. Desta vez, o seu objectivo principal ao participar na exposi\u00e7\u00e3o foi de promover os produtos de boa qualidade vendidos pela empresa. O Sr. Chan afirmou que ficou muito satisfeito com os resultados alcan\u00e7ados pela participa\u00e7\u00e3o na exposi\u00e7\u00e3o.<\/p>\n<p>O Sr. Carvalho, representante de uma empresa portuguesa dedicada \u00e0 explora\u00e7\u00e3o de centros de\u00a0<em>fitness<\/em>, disse que a sua empresa criou v\u00e1rios gin\u00e1sios em Portugal, e a sua filosofia de neg\u00f3cio reside em desenhar equipamentos de\u00a0<em>fitness<\/em>\u00a0personalizado e seleccionar instrutores de\u00a0<em>fitness\u00a0<\/em>pessoal, com base nas condi\u00e7\u00f5es f\u00edsicas das pessoas que pretendem praticar exerc\u00edcio. O Sr. Carvalho revelou que muitos comerciantes demonstraram um grande interesse na empresa durante o decorrer da exposi\u00e7\u00e3o, esperando poder estabelecer parcerias com eles no futuro.<\/p>\n<p>O Sr. Kurihara, respons\u00e1vel de uma marca famosa de r\u00e1men do Jap\u00e3o, indicou que foi a primeira vez que participou na MFE, e que durante os tr\u00eas dias da exposi\u00e7\u00e3o, recebeu pedidos de coopera\u00e7\u00e3o de empresas de diversos pa\u00edses e regi\u00f5es, tais como do Interior da China, da Austr\u00e1lia, da Indon\u00e9sia, do Vietname, de Macau, etc., estando bastante satisfeito com os resultados obtidos pela participa\u00e7\u00e3o na exposi\u00e7\u00e3o.<\/p>\n<p>Na \u201cZona de Exposi\u00e7\u00e3o para o Novo Modelo de Venda a Retalho e de Apoio Comercial\u201d, o Sr. Lao, director-geral de uma empresa dedicada \u00e0 promo\u00e7\u00e3o de m\u00e1quinas de venda autom\u00e1tica que comercializa exclusivamente bebidas quentes, afirmou que o aperfei\u00e7oamento das formas de pagamento online e\u00a0<em>off-line<\/em>, neste momento, tem uma certa import\u00e2ncia para a expans\u00e3o de neg\u00f3cios das empresas. Acrescentou que a m\u00e1quina de venda autom\u00e1tica de bebidas, que promoveu desta vez, consegue fornecer mais de dez tipos de bebidas quentes e os utilizadores podem escolher \u00e0 vontade de acordo com as pr\u00f3prias necessidades, e por isso, a referida m\u00e1quina atraiu um bom n\u00famero de entidades do sector de restaura\u00e7\u00e3o e empreendedorismo. Por sua vez, outro expositor, o Sr. Chung, director do Departamento de Venda a Retalho de um banco, afirmou que n\u00e3o s\u00f3 conseguiu dar a conhecer melhor ao p\u00fablico o servi\u00e7o de financiamento do banco, mas tamb\u00e9m comunicou melhor com outros expositores participantes no recinto da exposi\u00e7\u00e3o, a fim de encontrar parceiros e mais oportunidades de neg\u00f3cio.<\/p>\n<p>Na \u201cZona de Marcas Caracter\u00edsticas\u201d acrescentada este ano, a Sra. Chan, directora do Departamento de Com\u00e9rcio Electr\u00f3nico de uma sociedade de marca de beleza de Macau, disse que a referida marca de beleza foi criada em Macau h\u00e1 mais de vinte anos, e os seus neg\u00f3cios j\u00e1 se expandiram ao mercado do Interior da China. Nos \u00faltimos anos, a sua empresa tem-se dedicado a desenvolver os pr\u00f3prios produtos de beleza, e at\u00e9 a combinar os mesmos com especialidades e lembran\u00e7as locais, sobretudo m\u00e1scara com embalagem de carta postal, produtos de beleza dentro de caixinhas de presente, entre outros. A par do referido, a Sra. Chan adiantou que durante a exposi\u00e7\u00e3o, muitas entidades e empresas vieram pedir informa\u00e7\u00f5es e manifestaram a inten\u00e7\u00e3o de cooperar, estando por isso muito satisfeita com os resultados obtidos atrav\u00e9s da sua primeira participa\u00e7\u00e3o na MFE. Por fim, a Sra. Chan manifestou a sua vontade de participar novamente no pr\u00f3ximo ano.<\/p>\n<p>A \u201cAvenida Gourmet\u201d, por seu turno, foi sempre muito aclamada pelo p\u00fablico desde a sua cria\u00e7\u00e3o. O Sr. Chan, director-geral de mercado de uma empresa dedicada ao fabrico de comida pr\u00e9-confeccionada, explicou que a respectiva marca de comida foi criada em Macau h\u00e1 cerca de 25 anos, e para al\u00e9m desta, a empresa tem desenvolvido outros tipos de produtos nos \u00faltimos anos, tais como molho de caril, doubanjiang (pasta de soja fermentada), etc. Em simult\u00e2neo, o Sr. Chan valorizou o servi\u00e7o de bolsas de contactos levado a cabo pela entidade organizadora da MFE, salientando que as sess\u00f5es de bolsas de contactos proporcionaram oportunidades de encontro aos investidores com verdadeiras inten\u00e7\u00f5es de coopera\u00e7\u00e3o, e auxiliaram os expositores a encontrar facilmente parceiros adequados.<\/p>\n<p>Adicionalmente, a organiza\u00e7\u00e3o voltou a estabelecer o \u201cPavilh\u00e3o de Consultadoria de Marcas\u201d durante a presente edi\u00e7\u00e3o da MFE, disponibilizando servi\u00e7os de consultoria relativos \u00e0 valoriza\u00e7\u00e3o de marcas aos interessados em lan\u00e7ar ou expandir um neg\u00f3cio atrav\u00e9s do regime de franquia de marcas. O Sr. Kou de Hong Kong, director de projecto de uma empresa de purificadores de ar, indicou que recebeu uma an\u00e1lise personalizada relativamente aos problemas da pr\u00f3pria empresa no referido pavilh\u00e3o, no sentido de aperfei\u00e7oar a imagem de marca e elaborar estrat\u00e9gias de promo\u00e7\u00e3o adequadas \u00e0 sua medida. O Sr. Sio, instrutor no recinto da exposi\u00e7\u00e3o, revelou que muitas empresas oferecem produtos com grande potencialidade, s\u00f3 que carecem de uma embalagem e promo\u00e7\u00e3o da marca, e o referido Pavilh\u00e3o pode oferecer pareceres profissionais destinados \u00e0 resolu\u00e7\u00e3o dos problemas existentes.<\/p>\n<p>Al\u00e9m do mais, foram celebrados v\u00e1rios acordos no Centro de Assinatura de Protocolos durante o decorrer da exposi\u00e7\u00e3o, entre os quais, uma empresa de marca de bebidas de caf\u00e9 e ch\u00e1 de Macau celebrou um contrato de coopera\u00e7\u00e3o com o seu parceiro de Zhuhai. O administrador da referida empresa, o Sr. Chan, afirmou que para al\u00e9m de refor\u00e7ar ainda mais as rela\u00e7\u00f5es de coopera\u00e7\u00e3o com o parceiro, a presente coopera\u00e7\u00e3o serve, ao mesmo tempo, como ponto de partida para a empresa expandir os neg\u00f3cios na Grande Ba\u00eda Guangdong-Hong Kong-Macau, entre outros mercados. Durante a exposi\u00e7\u00e3o, houve outra empresa comercial de Macau com uma longa hist\u00f3ria que celebrou um protocolo de coopera\u00e7\u00e3o com uma empresa de Zhuhai. A gestora-adjunta da referida empresa comercial, a Sra. Lo, revelou que a empresa est\u00e1 a planear abrir uma loja no aeroporto na fase inicial da coopera\u00e7\u00e3o, tendo em vista realizar encontros com as entidades dos munic\u00edpios integrados na Regi\u00e3o da Grande Ba\u00eda, com a finalidade de promover melhor os vinhos e produtos aliment\u00edcios de Portugal.<\/p>\n<div class=\"wp-caption alignnone\"><a class=\"fancybox\" href=\"https:\/\/www.gcs.gov.mo\/news\/p\/P19Gbz9gp9\/l\"><img decoding=\"async\" class=\"size-large\" src=\"https:\/\/www.gcs.gov.mo\/news\/p\/P19Gbz9gp9\/l\" alt=\"\u5ba2\u5546\u65bc\u201c\u8461\u8a9e\u570b\u5bb6\u5c55\u5340\u201d\u914d\u5c0d\u6d3d\u8ac7\" width=\"1024\" \/><\/a><\/p>\n<p class=\"wp-caption-text\">Comerciantes participaram na bolsa de contactos na Zona de Exposi\u00e7\u00e3o dos Pa\u00edses de L\u00edngua Portuguesa<\/p>\n<\/div>\n<div class=\"wp-caption alignnone\"><a class=\"fancybox\" href=\"https:\/\/www.gcs.gov.mo\/news\/p\/P19GbExg5Z\/l\"><img decoding=\"async\" class=\"size-large\" src=\"https:\/\/www.gcs.gov.mo\/news\/p\/P19GbExg5Z\/l\" alt=\"\u201c\u7f8e\u98df\u8857\uff02\u805a\u96c6\u4eba\u6c23\" width=\"1024\" \/><\/a><\/p>\n<p class=\"wp-caption-text\">A \u201cAvenida Gourmet\u201d atraiu um bom n\u00famero de visitantes<\/p>\n<\/div>\n","protected":false},"excerpt":{"rendered":"<p>Com a integra\u00e7\u00e3o da experi\u00eancia dos \u00faltimos dez anos, v\u00e1rios expositores e participantes consideram que a \u201cExposi\u00e7\u00e3o de Franquia de Macau 2019\u201d (2019MFE) tem aperfei\u00e7oado [&hellip;]<\/p>\n","protected":false},"author":1,"featured_media":467868,"comment_status":"closed","ping_status":"closed","sticky":false,"template":"","format":"standard","meta":{"_acf_changed":false,"inline_featured_image":false,"advgb_blocks_editor_width":"","advgb_blocks_columns_visual_guide":"","footnotes":""},"categories":[12],"tags":[],"class_list":["post-264811","post","type-post","status-publish","format-standard","has-post-thumbnail","hentry","category-noticias-do-ipim"],"acf":[],"yoast_head":"<!-- This site is optimized with the Yoast SEO plugin v26.2 - https:\/\/yoast.com\/wordpress\/plugins\/seo\/ -->\r\n<title>[2019\/07\/29] Os participantes est\u00e3o satisfeitas com os resultados alcan\u00e7ados durante a Exposi\u00e7\u00e3o de Franquia de Macau 2019 | Commerce and Investment Promotion Institute<\/title>\r\n<meta name=\"robots\" content=\"index, follow, max-snippet:-1, max-image-preview:large, max-video-preview:-1\" \/>\r\n<link rel=\"canonical\" href=\"https:\/\/www.ipim.gov.mo\/pt-pt\/noticias-do-ipim\/20190729-\u6fb3\u9580\u570b\u969b\u54c1\u724c\u9023\u9396\u52a0\u76df\u5c552019\u8207\u6703\u4eba\u58eb\u6307\u6210\u6548\/\" \/>\r\n<meta property=\"og:locale\" content=\"pt_PT\" \/>\r\n<meta property=\"og:type\" content=\"article\" \/>\r\n<meta property=\"og:title\" content=\"[2019\/07\/29] Os participantes est\u00e3o satisfeitas com os resultados alcan\u00e7ados durante a Exposi\u00e7\u00e3o de Franquia de Macau 2019 | Commerce and Investment Promotion Institute\" \/>\r\n<meta property=\"og:description\" content=\"Com a integra\u00e7\u00e3o da experi\u00eancia dos \u00faltimos dez anos, v\u00e1rios expositores e participantes consideram que a \u201cExposi\u00e7\u00e3o de Franquia de Macau 2019\u201d (2019MFE) tem aperfei\u00e7oado [&hellip;]\" \/>\r\n<meta property=\"og:url\" content=\"https:\/\/www.ipim.gov.mo\/pt-pt\/noticias-do-ipim\/20190729-\u6fb3\u9580\u570b\u969b\u54c1\u724c\u9023\u9396\u52a0\u76df\u5c552019\u8207\u6703\u4eba\u58eb\u6307\u6210\u6548\/\" \/>\r\n<meta property=\"og:site_name\" content=\"Commerce and Investment Promotion Institute\" \/>\r\n<meta property=\"article:published_time\" content=\"2019-07-28T16:04:00+00:00\" \/>\r\n<meta property=\"article:modified_time\" content=\"2019-08-06T02:44:59+00:00\" \/>\r\n<meta property=\"og:image\" content=\"https:\/\/www.ipim.gov.mo\/wp-content\/uploads\/2024\/07\/ipim-post-default.jpg\" \/>\r\n\t<meta property=\"og:image:width\" content=\"1024\" \/>\r\n\t<meta property=\"og:image:height\" content=\"768\" \/>\r\n\t<meta property=\"og:image:type\" content=\"image\/jpeg\" \/>\r\n<meta name=\"author\" content=\"admin\" \/>\r\n<meta name=\"twitter:card\" content=\"summary_large_image\" \/>\r\n<meta name=\"twitter:label1\" content=\"Written by\" \/>\n\t<meta name=\"twitter:data1\" content=\"admin\" \/>\n\t<meta name=\"twitter:label2\" content=\"Est. reading time\" \/>\n\t<meta name=\"twitter:data2\" content=\"8 minutes\" \/>\r\n<script type=\"application\/ld+json\" class=\"yoast-schema-graph\">{\"@context\":\"https:\/\/schema.org\",\"@graph\":[{\"@type\":\"WebPage\",\"@id\":\"https:\/\/www.ipim.gov.mo\/pt-pt\/noticias-do-ipim\/20190729-%e6%be%b3%e9%96%80%e5%9c%8b%e9%9a%9b%e5%93%81%e7%89%8c%e9%80%a3%e9%8e%96%e5%8a%a0%e7%9b%9f%e5%b1%952019%e8%88%87%e6%9c%83%e4%ba%ba%e5%a3%ab%e6%8c%87%e6%88%90%e6%95%88\/\",\"url\":\"https:\/\/www.ipim.gov.mo\/pt-pt\/noticias-do-ipim\/20190729-%e6%be%b3%e9%96%80%e5%9c%8b%e9%9a%9b%e5%93%81%e7%89%8c%e9%80%a3%e9%8e%96%e5%8a%a0%e7%9b%9f%e5%b1%952019%e8%88%87%e6%9c%83%e4%ba%ba%e5%a3%ab%e6%8c%87%e6%88%90%e6%95%88\/\",\"name\":\"[2019\/07\/29] Os participantes est\u00e3o satisfeitas com os resultados alcan\u00e7ados durante a Exposi\u00e7\u00e3o de Franquia de Macau 2019 | Commerce and Investment Promotion Institute\",\"isPartOf\":{\"@id\":\"https:\/\/www.ipim.gov.mo\/zh-hans\/#website\"},\"primaryImageOfPage\":{\"@id\":\"https:\/\/www.ipim.gov.mo\/pt-pt\/noticias-do-ipim\/20190729-%e6%be%b3%e9%96%80%e5%9c%8b%e9%9a%9b%e5%93%81%e7%89%8c%e9%80%a3%e9%8e%96%e5%8a%a0%e7%9b%9f%e5%b1%952019%e8%88%87%e6%9c%83%e4%ba%ba%e5%a3%ab%e6%8c%87%e6%88%90%e6%95%88\/#primaryimage\"},\"image\":{\"@id\":\"https:\/\/www.ipim.gov.mo\/pt-pt\/noticias-do-ipim\/20190729-%e6%be%b3%e9%96%80%e5%9c%8b%e9%9a%9b%e5%93%81%e7%89%8c%e9%80%a3%e9%8e%96%e5%8a%a0%e7%9b%9f%e5%b1%952019%e8%88%87%e6%9c%83%e4%ba%ba%e5%a3%ab%e6%8c%87%e6%88%90%e6%95%88\/#primaryimage\"},\"thumbnailUrl\":\"https:\/\/www.ipim.gov.mo\/wp-content\/uploads\/2024\/07\/ipim-post-default.jpg\",\"datePublished\":\"2019-07-28T16:04:00+00:00\",\"dateModified\":\"2019-08-06T02:44:59+00:00\",\"breadcrumb\":{\"@id\":\"https:\/\/www.ipim.gov.mo\/pt-pt\/noticias-do-ipim\/20190729-%e6%be%b3%e9%96%80%e5%9c%8b%e9%9a%9b%e5%93%81%e7%89%8c%e9%80%a3%e9%8e%96%e5%8a%a0%e7%9b%9f%e5%b1%952019%e8%88%87%e6%9c%83%e4%ba%ba%e5%a3%ab%e6%8c%87%e6%88%90%e6%95%88\/#breadcrumb\"},\"inLanguage\":\"pt-PT\",\"potentialAction\":[{\"@type\":\"ReadAction\",\"target\":[\"https:\/\/www.ipim.gov.mo\/pt-pt\/noticias-do-ipim\/20190729-%e6%be%b3%e9%96%80%e5%9c%8b%e9%9a%9b%e5%93%81%e7%89%8c%e9%80%a3%e9%8e%96%e5%8a%a0%e7%9b%9f%e5%b1%952019%e8%88%87%e6%9c%83%e4%ba%ba%e5%a3%ab%e6%8c%87%e6%88%90%e6%95%88\/\"]}]},{\"@type\":\"ImageObject\",\"inLanguage\":\"pt-PT\",\"@id\":\"https:\/\/www.ipim.gov.mo\/pt-pt\/noticias-do-ipim\/20190729-%e6%be%b3%e9%96%80%e5%9c%8b%e9%9a%9b%e5%93%81%e7%89%8c%e9%80%a3%e9%8e%96%e5%8a%a0%e7%9b%9f%e5%b1%952019%e8%88%87%e6%9c%83%e4%ba%ba%e5%a3%ab%e6%8c%87%e6%88%90%e6%95%88\/#primaryimage\",\"url\":\"https:\/\/www.ipim.gov.mo\/wp-content\/uploads\/2024\/07\/ipim-post-default.jpg\",\"contentUrl\":\"https:\/\/www.ipim.gov.mo\/wp-content\/uploads\/2024\/07\/ipim-post-default.jpg\",\"width\":1024,\"height\":768},{\"@type\":\"BreadcrumbList\",\"@id\":\"https:\/\/www.ipim.gov.mo\/pt-pt\/noticias-do-ipim\/20190729-%e6%be%b3%e9%96%80%e5%9c%8b%e9%9a%9b%e5%93%81%e7%89%8c%e9%80%a3%e9%8e%96%e5%8a%a0%e7%9b%9f%e5%b1%952019%e8%88%87%e6%9c%83%e4%ba%ba%e5%a3%ab%e6%8c%87%e6%88%90%e6%95%88\/#breadcrumb\",\"itemListElement\":[{\"@type\":\"ListItem\",\"position\":1,\"name\":\"Home\",\"item\":\"https:\/\/www.ipim.gov.mo\/pt-pt\/\"},{\"@type\":\"ListItem\",\"position\":2,\"name\":\"[2019\/07\/29] Os participantes est\u00e3o satisfeitas com os resultados alcan\u00e7ados durante a Exposi\u00e7\u00e3o de Franquia de Macau 2019\"}]},{\"@type\":\"WebSite\",\"@id\":\"https:\/\/www.ipim.gov.mo\/zh-hans\/#website\",\"url\":\"https:\/\/www.ipim.gov.mo\/zh-hans\/\",\"name\":\"Commerce and Investment Promotion Institute\",\"description\":\"Commerce and Investment Promotion Institute\",\"publisher\":{\"@id\":\"https:\/\/www.ipim.gov.mo\/zh-hans\/#organization\"},\"potentialAction\":[{\"@type\":\"SearchAction\",\"target\":{\"@type\":\"EntryPoint\",\"urlTemplate\":\"https:\/\/www.ipim.gov.mo\/zh-hans\/?s={search_term_string}\"},\"query-input\":{\"@type\":\"PropertyValueSpecification\",\"valueRequired\":true,\"valueName\":\"search_term_string\"}}],\"inLanguage\":\"pt-PT\"},{\"@type\":\"Organization\",\"@id\":\"https:\/\/www.ipim.gov.mo\/zh-hans\/#organization\",\"name\":\"IPIM\",\"url\":\"https:\/\/www.ipim.gov.mo\/zh-hans\/\",\"logo\":{\"@type\":\"ImageObject\",\"inLanguage\":\"pt-PT\",\"@id\":\"https:\/\/www.ipim.gov.mo\/zh-hans\/#\/schema\/logo\/image\/\",\"url\":\"https:\/\/www.ipim.gov.mo\/wp-content\/uploads\/2022\/10\/default-post-thumbnail-ipim-logo.png\",\"contentUrl\":\"https:\/\/www.ipim.gov.mo\/wp-content\/uploads\/2022\/10\/default-post-thumbnail-ipim-logo.png\",\"width\":1024,\"height\":768,\"caption\":\"IPIM\"},\"image\":{\"@id\":\"https:\/\/www.ipim.gov.mo\/zh-hans\/#\/schema\/logo\/image\/\"}}]}<\/script>\r\n<!-- \/ Yoast SEO plugin. -->","yoast_head_json":{"title":"[2019\/07\/29] Os participantes est\u00e3o satisfeitas com os resultados alcan\u00e7ados durante a Exposi\u00e7\u00e3o de Franquia de Macau 2019 | Commerce and Investment Promotion Institute","robots":{"index":"index","follow":"follow","max-snippet":"max-snippet:-1","max-image-preview":"max-image-preview:large","max-video-preview":"max-video-preview:-1"},"canonical":"https:\/\/www.ipim.gov.mo\/pt-pt\/noticias-do-ipim\/20190729-\u6fb3\u9580\u570b\u969b\u54c1\u724c\u9023\u9396\u52a0\u76df\u5c552019\u8207\u6703\u4eba\u58eb\u6307\u6210\u6548\/","og_locale":"pt_PT","og_type":"article","og_title":"[2019\/07\/29] Os participantes est\u00e3o satisfeitas com os resultados alcan\u00e7ados durante a Exposi\u00e7\u00e3o de Franquia de Macau 2019 | Commerce and Investment Promotion Institute","og_description":"Com a integra\u00e7\u00e3o da experi\u00eancia dos \u00faltimos dez anos, v\u00e1rios expositores e participantes consideram que a \u201cExposi\u00e7\u00e3o de Franquia de Macau 2019\u201d (2019MFE) tem aperfei\u00e7oado [&hellip;]","og_url":"https:\/\/www.ipim.gov.mo\/pt-pt\/noticias-do-ipim\/20190729-\u6fb3\u9580\u570b\u969b\u54c1\u724c\u9023\u9396\u52a0\u76df\u5c552019\u8207\u6703\u4eba\u58eb\u6307\u6210\u6548\/","og_site_name":"Commerce and Investment Promotion Institute","article_published_time":"2019-07-28T16:04:00+00:00","article_modified_time":"2019-08-06T02:44:59+00:00","og_image":[{"width":1024,"height":768,"url":"https:\/\/www.ipim.gov.mo\/wp-content\/uploads\/2024\/07\/ipim-post-default.jpg","type":"image\/jpeg"}],"author":"admin","twitter_card":"summary_large_image","twitter_misc":{"Written by":"admin","Est. reading time":"8 minutes"},"schema":{"@context":"https:\/\/schema.org","@graph":[{"@type":"WebPage","@id":"https:\/\/www.ipim.gov.mo\/pt-pt\/noticias-do-ipim\/20190729-%e6%be%b3%e9%96%80%e5%9c%8b%e9%9a%9b%e5%93%81%e7%89%8c%e9%80%a3%e9%8e%96%e5%8a%a0%e7%9b%9f%e5%b1%952019%e8%88%87%e6%9c%83%e4%ba%ba%e5%a3%ab%e6%8c%87%e6%88%90%e6%95%88\/","url":"https:\/\/www.ipim.gov.mo\/pt-pt\/noticias-do-ipim\/20190729-%e6%be%b3%e9%96%80%e5%9c%8b%e9%9a%9b%e5%93%81%e7%89%8c%e9%80%a3%e9%8e%96%e5%8a%a0%e7%9b%9f%e5%b1%952019%e8%88%87%e6%9c%83%e4%ba%ba%e5%a3%ab%e6%8c%87%e6%88%90%e6%95%88\/","name":"[2019\/07\/29] Os participantes est\u00e3o satisfeitas com os resultados alcan\u00e7ados durante a Exposi\u00e7\u00e3o de Franquia de Macau 2019 | Commerce and Investment Promotion Institute","isPartOf":{"@id":"https:\/\/www.ipim.gov.mo\/zh-hans\/#website"},"primaryImageOfPage":{"@id":"https:\/\/www.ipim.gov.mo\/pt-pt\/noticias-do-ipim\/20190729-%e6%be%b3%e9%96%80%e5%9c%8b%e9%9a%9b%e5%93%81%e7%89%8c%e9%80%a3%e9%8e%96%e5%8a%a0%e7%9b%9f%e5%b1%952019%e8%88%87%e6%9c%83%e4%ba%ba%e5%a3%ab%e6%8c%87%e6%88%90%e6%95%88\/#primaryimage"},"image":{"@id":"https:\/\/www.ipim.gov.mo\/pt-pt\/noticias-do-ipim\/20190729-%e6%be%b3%e9%96%80%e5%9c%8b%e9%9a%9b%e5%93%81%e7%89%8c%e9%80%a3%e9%8e%96%e5%8a%a0%e7%9b%9f%e5%b1%952019%e8%88%87%e6%9c%83%e4%ba%ba%e5%a3%ab%e6%8c%87%e6%88%90%e6%95%88\/#primaryimage"},"thumbnailUrl":"https:\/\/www.ipim.gov.mo\/wp-content\/uploads\/2024\/07\/ipim-post-default.jpg","datePublished":"2019-07-28T16:04:00+00:00","dateModified":"2019-08-06T02:44:59+00:00","breadcrumb":{"@id":"https:\/\/www.ipim.gov.mo\/pt-pt\/noticias-do-ipim\/20190729-%e6%be%b3%e9%96%80%e5%9c%8b%e9%9a%9b%e5%93%81%e7%89%8c%e9%80%a3%e9%8e%96%e5%8a%a0%e7%9b%9f%e5%b1%952019%e8%88%87%e6%9c%83%e4%ba%ba%e5%a3%ab%e6%8c%87%e6%88%90%e6%95%88\/#breadcrumb"},"inLanguage":"pt-PT","potentialAction":[{"@type":"ReadAction","target":["https:\/\/www.ipim.gov.mo\/pt-pt\/noticias-do-ipim\/20190729-%e6%be%b3%e9%96%80%e5%9c%8b%e9%9a%9b%e5%93%81%e7%89%8c%e9%80%a3%e9%8e%96%e5%8a%a0%e7%9b%9f%e5%b1%952019%e8%88%87%e6%9c%83%e4%ba%ba%e5%a3%ab%e6%8c%87%e6%88%90%e6%95%88\/"]}]},{"@type":"ImageObject","inLanguage":"pt-PT","@id":"https:\/\/www.ipim.gov.mo\/pt-pt\/noticias-do-ipim\/20190729-%e6%be%b3%e9%96%80%e5%9c%8b%e9%9a%9b%e5%93%81%e7%89%8c%e9%80%a3%e9%8e%96%e5%8a%a0%e7%9b%9f%e5%b1%952019%e8%88%87%e6%9c%83%e4%ba%ba%e5%a3%ab%e6%8c%87%e6%88%90%e6%95%88\/#primaryimage","url":"https:\/\/www.ipim.gov.mo\/wp-content\/uploads\/2024\/07\/ipim-post-default.jpg","contentUrl":"https:\/\/www.ipim.gov.mo\/wp-content\/uploads\/2024\/07\/ipim-post-default.jpg","width":1024,"height":768},{"@type":"BreadcrumbList","@id":"https:\/\/www.ipim.gov.mo\/pt-pt\/noticias-do-ipim\/20190729-%e6%be%b3%e9%96%80%e5%9c%8b%e9%9a%9b%e5%93%81%e7%89%8c%e9%80%a3%e9%8e%96%e5%8a%a0%e7%9b%9f%e5%b1%952019%e8%88%87%e6%9c%83%e4%ba%ba%e5%a3%ab%e6%8c%87%e6%88%90%e6%95%88\/#breadcrumb","itemListElement":[{"@type":"ListItem","position":1,"name":"Home","item":"https:\/\/www.ipim.gov.mo\/pt-pt\/"},{"@type":"ListItem","position":2,"name":"[2019\/07\/29] Os participantes est\u00e3o satisfeitas com os resultados alcan\u00e7ados durante a Exposi\u00e7\u00e3o de Franquia de Macau 2019"}]},{"@type":"WebSite","@id":"https:\/\/www.ipim.gov.mo\/zh-hans\/#website","url":"https:\/\/www.ipim.gov.mo\/zh-hans\/","name":"Commerce and Investment Promotion Institute","description":"Commerce and Investment Promotion Institute","publisher":{"@id":"https:\/\/www.ipim.gov.mo\/zh-hans\/#organization"},"potentialAction":[{"@type":"SearchAction","target":{"@type":"EntryPoint","urlTemplate":"https:\/\/www.ipim.gov.mo\/zh-hans\/?s={search_term_string}"},"query-input":{"@type":"PropertyValueSpecification","valueRequired":true,"valueName":"search_term_string"}}],"inLanguage":"pt-PT"},{"@type":"Organization","@id":"https:\/\/www.ipim.gov.mo\/zh-hans\/#organization","name":"IPIM","url":"https:\/\/www.ipim.gov.mo\/zh-hans\/","logo":{"@type":"ImageObject","inLanguage":"pt-PT","@id":"https:\/\/www.ipim.gov.mo\/zh-hans\/#\/schema\/logo\/image\/","url":"https:\/\/www.ipim.gov.mo\/wp-content\/uploads\/2022\/10\/default-post-thumbnail-ipim-logo.png","contentUrl":"https:\/\/www.ipim.gov.mo\/wp-content\/uploads\/2022\/10\/default-post-thumbnail-ipim-logo.png","width":1024,"height":768,"caption":"IPIM"},"image":{"@id":"https:\/\/www.ipim.gov.mo\/zh-hans\/#\/schema\/logo\/image\/"}}]}},"author_meta":{"display_name":"admin","author_link":"https:\/\/www.ipim.gov.mo\/pt-pt\/author\/admin\/"},"featured_img":"https:\/\/www.ipim.gov.mo\/wp-content\/uploads\/2024\/07\/ipim-post-default-300x225.jpg","coauthors":[],"tax_additional":{"categories":{"linked":["<a href=\"https:\/\/www.ipim.gov.mo\/pt-pt\/category\/noticias-do-ipim\/\" class=\"advgb-post-tax-term\">Not\u00edcias do IPIM<\/a>"],"unlinked":["<span class=\"advgb-post-tax-term\">Not\u00edcias do IPIM<\/span>"]}},"comment_count":"0","relative_dates":{"created":"Posted 7 years ago","modified":"Updated 7 years ago"},"absolute_dates":{"created":"Posted on Julho 29, 2019","modified":"Updated on Agosto 6, 2019"},"absolute_dates_time":{"created":"Posted on Julho 29, 2019 12:04 am","modified":"Updated on Agosto 6, 2019 10:44 am"},"featured_img_caption":"","series_order":"","_links":{"self":[{"href":"https:\/\/www.ipim.gov.mo\/pt-pt\/wp-json\/wp\/v2\/posts\/264811","targetHints":{"allow":["GET"]}}],"collection":[{"href":"https:\/\/www.ipim.gov.mo\/pt-pt\/wp-json\/wp\/v2\/posts"}],"about":[{"href":"https:\/\/www.ipim.gov.mo\/pt-pt\/wp-json\/wp\/v2\/types\/post"}],"author":[{"embeddable":true,"href":"https:\/\/www.ipim.gov.mo\/pt-pt\/wp-json\/wp\/v2\/users\/1"}],"replies":[{"embeddable":true,"href":"https:\/\/www.ipim.gov.mo\/pt-pt\/wp-json\/wp\/v2\/comments?post=264811"}],"version-history":[{"count":0,"href":"https:\/\/www.ipim.gov.mo\/pt-pt\/wp-json\/wp\/v2\/posts\/264811\/revisions"}],"wp:featuredmedia":[{"embeddable":true,"href":"https:\/\/www.ipim.gov.mo\/pt-pt\/wp-json\/wp\/v2\/media\/467868"}],"wp:attachment":[{"href":"https:\/\/www.ipim.gov.mo\/pt-pt\/wp-json\/wp\/v2\/media?parent=264811"}],"wp:term":[{"taxonomy":"category","embeddable":true,"href":"https:\/\/www.ipim.gov.mo\/pt-pt\/wp-json\/wp\/v2\/categories?post=264811"},{"taxonomy":"post_tag","embeddable":true,"href":"https:\/\/www.ipim.gov.mo\/pt-pt\/wp-json\/wp\/v2\/tags?post=264811"}],"curies":[{"name":"wp","href":"https:\/\/api.w.org\/{rel}","templated":true}]}}