{"id":261617,"date":"2019-05-19T22:17:00","date_gmt":"2019-05-19T14:17:00","guid":{"rendered":"https:\/\/www.ipim.gov.mo\/en\/ipim-news\/20190519-visita-da-delegacao-empresarial-de-macau-a-jiangxi-para-participar-na-expo-de-investimento-e-comercio-da-china-central-organizado-o-forum-para-intercambio-e-cooperacao-das-empresas-dos-do\/"},"modified":"2019-05-19T22:17:00","modified_gmt":"2019-05-19T14:17:00","slug":"20190519-visita-da-delegacao-empresarial-de-macau-a-jiangxi-para-participar-na-expo-de-investimento-e-comercio-da-china-central-organizado-o-forum-para-intercambio-e-cooperacao-das-empresas-dos-do","status":"publish","type":"post","link":"https:\/\/www.ipim.gov.mo\/pt-pt\/noticias-do-ipim\/20190519-visita-da-delegacao-empresarial-de-macau-a-jiangxi-para-participar-na-expo-de-investimento-e-comercio-da-china-central-organizado-o-forum-para-intercambio-e-cooperacao-das-empresas-dos-do\/","title":{"rendered":"[2019\/05\/19] Visita da Delega\u00e7\u00e3o Empresarial de Macau a Jiangxi para participar na Expo de Investimento e Com\u00e9rcio da China Central Organizado o f\u00f3rum para interc\u00e2mbio e coopera\u00e7\u00e3o das empresas dos dois territ\u00f3rios"},"content":{"rendered":"<p style=\"text-align:justify\">A \u201c11.&ordf; Edi&ccedil;&atilde;o da Expo da China Central\u201d (Expo Central China) foi realizada nos dias 18 a 20 de Maio, no \u201cGreen Space International Expo Center\u201d de Nanchang. O Instituto de Promo&ccedil;&atilde;o do Com&eacute;rcio e do Investimento de Macau (IPIM) instalou o \u201cPavilh&atilde;o de Macau\u201d <em>in loco<\/em> com uma &aacute;rea de 400 metros quadrados, tendo como principal objectivo promover o actual ambiente de investimento de Macau, a integra&ccedil;&atilde;o de Macau na estrat&eacute;gia de desenvolvimento nacional, a Plataforma de Coopera&ccedil;&atilde;o entre a China e os Pa&iacute;ses de L&iacute;ngua Portuguesa e as actividades de conven&ccedil;&otilde;es e exposi&ccedil;&otilde;es realizadas em Macau, entre outros. O IPIM organizou uma delega&ccedil;&atilde;o composta mais de 30 empres&aacute;rios locais para a participa&ccedil;&atilde;o no evento em Nanchang nos dias 17 a 19 de Maio.<\/p>\n<p style=\"text-align:justify\">A cerim&oacute;nia de abertura e o f&oacute;rum tem&aacute;tico da Expo Central China decorreu na manh&atilde; de 18 de Maio, tendo convidado o Senhor Vice Primeiro-Ministro do Conselho de Estado, Dr. Hu Chunhua, o Senhor Ministro do Com&eacute;rcio do Estado, Dr. Zhongshan e os governadores das seis prov&iacute;ncias da regi&atilde;o Central da China, que proferiram discursos em redor do tema \u201cAltos padr&otilde;es de abertura, desenvolvimento de alta qualidade &#8211; novas pol&iacute;ticas, novas ind&uacute;strias e novas oportunidades.<\/p>\n<p style=\"text-align:justify\">Nessa tarde, o IPIM e os Servi&ccedil;os do Com&eacute;rcio da Prov&iacute;ncia de Jiangxi organizaram em conjunto o \u201cF&oacute;rum de Coopera&ccedil;&atilde;o de Investimento entre Macau e Jiangxi &#8211; Sess&atilde;o de Apresenta&ccedil;&atilde;o da Plataforma de Servi&ccedil;os para a Coopera&ccedil;&atilde;o Comercial entre a China e os Pa&iacute;ses de L&iacute;ngua Portuguesa\u201d. No decorrer do F&oacute;rum, a Presidente Substituta do IPIM, Dra. Irene Va Kuan Lau, referiu no seu discurso que, nos &uacute;ltimos anos, o desenvolvimento da ind&uacute;stria de conven&ccedil;&otilde;es e &nbsp;exposi&ccedil;&otilde;es de Macau tem vindo a elevar-se em termos de qualidade, al&eacute;m das sinergias acrescidas pelo desempenho de Macau como plataforma de coopera&ccedil;&atilde;o entre a China e os Pa&iacute;ses de L&iacute;ngua Portuguesa, tornando-se um ponto de partida para a promo&ccedil;&atilde;o cont&iacute;nua de contactos empresariais entre a China Continental, incluindo Jiangxi, Macau e o exterior, especialmente com os Pa&iacute;ses de L&iacute;ngua Portuguesa. Nos &uacute;ltimos anos, Macau encontra-se activamente na constru&ccedil;&atilde;o de uma plataforma de servi&ccedil;os financeiros entre a China e os Pa&iacute;ses de L&iacute;ngua Portuguesa, focando-se no desenvolvimento de servi&ccedil;os financeiros com caracter&iacute;sticas pr&oacute;prias, como loca&ccedil;&atilde;o financeira, liquida&ccedil;&atilde;o em RMB e gest&atilde;o de fortunas, tendo alcan&ccedil;ado grandes progressos, incluindo o lan&ccedil;amento de duas leis sobre loca&ccedil;&atilde;o financeira em Mar&ccedil;o deste ano, cujo conte&uacute;do abrange a&nbsp; elimina&ccedil;&atilde;o de algumas restri&ccedil;&otilde;es a n&iacute;vel da supervis&atilde;o das empresas de loca&ccedil;&atilde;o financeira, assim como os incentivos fiscais, de modo a criar um ambiente favor&aacute;vel &agrave;s empresas de Jiangxi na realiza&ccedil;&atilde;o de neg&oacute;cios de loca&ccedil;&atilde;o financeira em Macau, fornecendo mais apoio financeiro para a exporta&ccedil;&atilde;o da capacidade de produ&ccedil;&atilde;o vantajosa de Jiangxi.<\/p>\n<p style=\"text-align:justify\">Paralelamente, o Vice-director dos Servi&ccedil;os do Com&eacute;rcio da Prov&iacute;ncia de Jiangxi, Fang Xiangjun, o Administrador do Fundo de Desenvolvimento para a Coopera&ccedil;&atilde;o entre a&nbsp; China-Pa&iacute;ses de L&iacute;ngua Portuguesa, Song Yunsong e a representante da Associa&ccedil;&atilde;o de Advogados de Macau, Kuong Iok Kao, Ver&oacute;nica discursaram sucessivamente, sendo tamb&eacute;m convidada a empresa de Jiangxi envolvida nos &nbsp;&nbsp;neg&oacute;cios de energia para partilhar a sua experi&ecirc;ncia de investimento nos Pa&iacute;ses de L&iacute;ngua Portuguesa. O f&oacute;rum atraiu mais de 100 representantes de empresas da prov&iacute;ncia de Jiangxi e de Macau e foram organizadas sess&otilde;es de bolsa de contactos, nas quais os empres&aacute;rios de Macau e Jiangxi envolvidos nas ind&uacute;strias financeiras, de constru&ccedil;&atilde;o civil, restaura&ccedil;&atilde;o, com&eacute;rcio e entre outras interagiram activamente. Por outro lado, tamb&eacute;m foi providenciado o servi&ccedil;o de consultoria sobre o ambiente de investimento de Macau atrav&eacute;s de v&iacute;deo confer&ecirc;ncia, no sentido de responder &agrave;s consultas de investimentos dos empres&aacute;rios de Jiangxi sobre o com&eacute;rcio e a economia de Macau pelos funcion&aacute;rios do IPIM em Macau.<\/p>\n<p style=\"text-align:justify\">A representante da empresa de Jiangxi que participou como oradora neste f&oacute;rum referiu que pretendia que atrav&eacute;s da partilha das pr&oacute;prias experi&ecirc;ncias de desenvolvimento nos Pa&iacute;ses de L&iacute;ngua Portuguesa, nomeadamente prestar mais aten&ccedil;&atilde;o das pol&iacute;ticas de promo&ccedil;&atilde;o do com&eacute;rcio e do investimento dos pa&iacute;ses de l&iacute;ngua portuguesa e aproveitar os respectivos incentivos; mais, aproveitando&nbsp; as vantagens de Macau como plataforma entre a China e os Pa&iacute;ses de L&iacute;ngua Portuguesa, permitindo que mais empres&aacute;rios de Jiangxi reparassem neste mercado com grande potencialidade. Por outro lado, houve um empres&aacute;rio de Macau, envolvido em neg&oacute;cios de re-exporta&ccedil;&atilde;o para os Pa&iacute;ses de L&iacute;ngua Portuguesa, achou que &eacute; frut&iacute;fero a sua participa&ccedil;&atilde;o neste evento, atrav&eacute;s de negocia&ccedil;&otilde;es de bolsa de contactos do evento, conheceu um empres&aacute;rio de Jiangxi envolvido na produ&ccedil;&atilde;o de artigos de escrit&oacute;rios, estando a explorar de forma activa as futuras&nbsp; inten&ccedil;&otilde;es &nbsp;de coopera&ccedil;&atilde;o, e mencionou que pretende introduzir os artigos de escrit&oacute;rios da China para Angola e outros Pa&iacute;ses de L&iacute;ngua Portuguesa.<\/p>\n<p style=\"text-align:justify\">Al&eacute;m disso, a delega&ccedil;&atilde;o empresarial de Macau liderada pela Presidente substituta do IPIM, Dra. Irene Va Kuan Lau e a delega&ccedil;&atilde;o de Hong Kong liderada pelo Presidente da Associa&ccedil;&atilde;o Geral de Com&eacute;rcio de Hong Kong, Dr. Choi Koon Shum foram recebidas em audi&ecirc;ncia pelo Vice-Ministro do Com&eacute;rcio da China, Dr. Wang Shouwen, tendo sido debru&ccedil;ados v&aacute;rios assuntos, tais como a constru&ccedil;&atilde;o da Grande Ba&iacute;a Guangdong-Hong Kong-Macau, a plataforma&nbsp; entre a China e os Pa&iacute;ses de L&iacute;ngua Portuguesa e o acordo CEPA.<\/p>\n<p style=\"text-align:justify\">Os principais membros da delega&ccedil;&atilde;o incluem a Subdirectora do Departamento para os Assuntos Econ&oacute;micos do Gabinete de Liga&ccedil;&atilde;o do Governo Central da Rep&uacute;blica Popular da China na RAEM, Dra. Li Huaying, Membro permanente de Macau na Confer&ecirc;ncia Consultiva Pol&iacute;tica de Jiangxi, Dr. Yun Kinkun, Membro da mesma Confer&ecirc;ncia, Dr. Ip Chong Man, Vice-Presidente da Direc&ccedil;&atilde;o da Associa&ccedil;&atilde;o de Comerciantes T&ecirc;xtil de Macau\uff0cSr. Ku Wing Cheung,Vice-Presidente da Associa&ccedil;&atilde;o Geral das Mulheres de Macau,Sra. Jan Lei Ioi Hang, Membro de Macau da Confer&ecirc;ncia Consultiva pol&iacute;tica da prov&iacute;ncia de Guangdong, Sr. Chu Hoisange Presidente da Associa&ccedil;&atilde;o das Ourivesarias de Macau, Sr. Lei Chi Fong, entre outros.<\/p>\n<div class=\"wp-caption alignnone\"><a href=\"https:\/\/www.gcs.gov.mo\/news\/p\/P19ESOg5Dk\/l\" class=\"fancybox\"><img decoding=\"async\" class=\"size-large\" src=\"https:\/\/www.gcs.gov.mo\/news\/p\/P19ESOg5Dk\/l\" alt=\"Fotografia da delega\u00e7\u00e3o empresarial de Macau no Pavilh\u00e3o de Macau\" width=\"1024\"><\/a><\/p>\n<p class=\"wp-caption-text\">Fotografia da delega\u00e7\u00e3o empresarial de Macau no Pavilh\u00e3o de Macau<\/p>\n<\/div>\n<div class=\"wp-caption alignnone\"><a href=\"https:\/\/www.gcs.gov.mo\/news\/p\/P19ESdGPTq\/l\" class=\"fancybox\"><img decoding=\"async\" class=\"size-large\" src=\"https:\/\/www.gcs.gov.mo\/news\/p\/P19ESdGPTq\/l\" alt=\"Recep\u00e7\u00e3o das delega\u00e7\u00f5es empresariais de Macau e de Hong Kong pelo Vice-Ministro do Com\u00e9rcio da China, Dr. Wang Shouwen\" width=\"1024\"><\/a><\/p>\n<p class=\"wp-caption-text\">Recep\u00e7\u00e3o das delega\u00e7\u00f5es empresariais de Macau e de Hong Kong pelo Vice-Ministro do Com\u00e9rcio da China, Dr. Wang Shouwen<\/p>\n<\/div>\n<div class=\"wp-caption alignnone\"><a href=\"https:\/\/www.gcs.gov.mo\/news\/p\/P19ESz2DAG\/l\" class=\"fancybox\"><img decoding=\"async\" class=\"size-large\" src=\"https:\/\/www.gcs.gov.mo\/news\/p\/P19ESz2DAG\/l\" alt=\"F\u00f3rum para Coopera\u00e7\u00e3o na \u00c1rea de Investimentos entre Macau e Jiangxi- Apresenta\u00e7\u00e3o sobre a Plataforma de Servi\u00e7os para a Coopera\u00e7\u00e3o Comercial entre a China e os Pa\u00edses de L\u00edngua Portuguesa\" width=\"1024\"><\/a><\/p>\n<p class=\"wp-caption-text\">F\u00f3rum para Coopera\u00e7\u00e3o na \u00c1rea de Investimentos entre Macau e Jiangxi- Apresenta\u00e7\u00e3o sobre a Plataforma de Servi\u00e7os para a Coopera\u00e7\u00e3o Comercial entre a China e os Pa\u00edses de L\u00edngua Portuguesa<\/p>\n<\/div>\n","protected":false},"excerpt":{"rendered":"<p>A \u201c11.&ordf; Edi&ccedil;&atilde;o da Expo da China Central\u201d (Expo Central China) foi realizada nos dias 18 a 20 de Maio, no \u201cGreen Space International Expo [&hellip;]<\/p>\n","protected":false},"author":1,"featured_media":467868,"comment_status":"closed","ping_status":"closed","sticky":false,"template":"","format":"standard","meta":{"_acf_changed":false,"inline_featured_image":false,"advgb_blocks_editor_width":"","advgb_blocks_columns_visual_guide":"","footnotes":""},"categories":[12],"tags":[],"class_list":["post-261617","post","type-post","status-publish","format-standard","has-post-thumbnail","hentry","category-noticias-do-ipim"],"acf":[],"yoast_head":"<!-- This site is optimized with the Yoast SEO plugin v26.2 - https:\/\/yoast.com\/wordpress\/plugins\/seo\/ -->\r\n<title>[2019\/05\/19] Visita da Delega\u00e7\u00e3o Empresarial de Macau a Jiangxi para participar na Expo de Investimento e Com\u00e9rcio da China Central Organizado o f\u00f3rum para interc\u00e2mbio e coopera\u00e7\u00e3o das empresas dos dois territ\u00f3rios | Commerce and Investment Promotion Institute<\/title>\r\n<meta name=\"robots\" content=\"index, follow, max-snippet:-1, max-image-preview:large, max-video-preview:-1\" \/>\r\n<link rel=\"canonical\" href=\"https:\/\/www.ipim.gov.mo\/pt-pt\/noticias-do-ipim\/20190519-visita-da-delegacao-empresarial-de-macau-a-jiangxi-para-participar-na-expo-de-investimento-e-comercio-da-china-central-organizado-o-forum-para-intercambio-e-cooperacao-das-empresas-dos-do\/\" \/>\r\n<meta property=\"og:locale\" content=\"pt_PT\" \/>\r\n<meta property=\"og:type\" content=\"article\" \/>\r\n<meta property=\"og:title\" content=\"[2019\/05\/19] Visita da Delega\u00e7\u00e3o Empresarial de Macau a Jiangxi para participar na Expo de Investimento e Com\u00e9rcio da China Central Organizado o f\u00f3rum para interc\u00e2mbio e coopera\u00e7\u00e3o das empresas dos dois territ\u00f3rios | Commerce and Investment Promotion Institute\" \/>\r\n<meta property=\"og:description\" content=\"A \u201c11.&ordf; Edi&ccedil;&atilde;o da Expo da China Central\u201d (Expo Central China) foi realizada nos dias 18 a 20 de Maio, no \u201cGreen Space International Expo [&hellip;]\" \/>\r\n<meta property=\"og:url\" content=\"https:\/\/www.ipim.gov.mo\/pt-pt\/noticias-do-ipim\/20190519-visita-da-delegacao-empresarial-de-macau-a-jiangxi-para-participar-na-expo-de-investimento-e-comercio-da-china-central-organizado-o-forum-para-intercambio-e-cooperacao-das-empresas-dos-do\/\" \/>\r\n<meta property=\"og:site_name\" content=\"Commerce and Investment Promotion Institute\" \/>\r\n<meta property=\"article:published_time\" content=\"2019-05-19T14:17:00+00:00\" \/>\r\n<meta property=\"og:image\" content=\"https:\/\/www.ipim.gov.mo\/wp-content\/uploads\/2024\/07\/ipim-post-default.jpg\" \/>\r\n\t<meta property=\"og:image:width\" content=\"1024\" \/>\r\n\t<meta property=\"og:image:height\" content=\"768\" \/>\r\n\t<meta property=\"og:image:type\" content=\"image\/jpeg\" \/>\r\n<meta name=\"author\" content=\"admin\" \/>\r\n<meta name=\"twitter:card\" content=\"summary_large_image\" \/>\r\n<meta name=\"twitter:label1\" content=\"Written by\" \/>\n\t<meta name=\"twitter:data1\" content=\"admin\" \/>\n\t<meta name=\"twitter:label2\" content=\"Est. reading time\" \/>\n\t<meta name=\"twitter:data2\" content=\"7 minutes\" \/>\r\n<script type=\"application\/ld+json\" class=\"yoast-schema-graph\">{\"@context\":\"https:\/\/schema.org\",\"@graph\":[{\"@type\":\"WebPage\",\"@id\":\"https:\/\/www.ipim.gov.mo\/pt-pt\/noticias-do-ipim\/20190519-visita-da-delegacao-empresarial-de-macau-a-jiangxi-para-participar-na-expo-de-investimento-e-comercio-da-china-central-organizado-o-forum-para-intercambio-e-cooperacao-das-empresas-dos-do\/\",\"url\":\"https:\/\/www.ipim.gov.mo\/pt-pt\/noticias-do-ipim\/20190519-visita-da-delegacao-empresarial-de-macau-a-jiangxi-para-participar-na-expo-de-investimento-e-comercio-da-china-central-organizado-o-forum-para-intercambio-e-cooperacao-das-empresas-dos-do\/\",\"name\":\"[2019\/05\/19] Visita da Delega\u00e7\u00e3o Empresarial de Macau a Jiangxi para participar na Expo de Investimento e Com\u00e9rcio da China Central Organizado o f\u00f3rum para interc\u00e2mbio e coopera\u00e7\u00e3o das empresas dos dois territ\u00f3rios | Commerce and Investment Promotion Institute\",\"isPartOf\":{\"@id\":\"https:\/\/www.ipim.gov.mo\/zh-hans\/#website\"},\"primaryImageOfPage\":{\"@id\":\"https:\/\/www.ipim.gov.mo\/pt-pt\/noticias-do-ipim\/20190519-visita-da-delegacao-empresarial-de-macau-a-jiangxi-para-participar-na-expo-de-investimento-e-comercio-da-china-central-organizado-o-forum-para-intercambio-e-cooperacao-das-empresas-dos-do\/#primaryimage\"},\"image\":{\"@id\":\"https:\/\/www.ipim.gov.mo\/pt-pt\/noticias-do-ipim\/20190519-visita-da-delegacao-empresarial-de-macau-a-jiangxi-para-participar-na-expo-de-investimento-e-comercio-da-china-central-organizado-o-forum-para-intercambio-e-cooperacao-das-empresas-dos-do\/#primaryimage\"},\"thumbnailUrl\":\"https:\/\/www.ipim.gov.mo\/wp-content\/uploads\/2024\/07\/ipim-post-default.jpg\",\"datePublished\":\"2019-05-19T14:17:00+00:00\",\"breadcrumb\":{\"@id\":\"https:\/\/www.ipim.gov.mo\/pt-pt\/noticias-do-ipim\/20190519-visita-da-delegacao-empresarial-de-macau-a-jiangxi-para-participar-na-expo-de-investimento-e-comercio-da-china-central-organizado-o-forum-para-intercambio-e-cooperacao-das-empresas-dos-do\/#breadcrumb\"},\"inLanguage\":\"pt-PT\",\"potentialAction\":[{\"@type\":\"ReadAction\",\"target\":[\"https:\/\/www.ipim.gov.mo\/pt-pt\/noticias-do-ipim\/20190519-visita-da-delegacao-empresarial-de-macau-a-jiangxi-para-participar-na-expo-de-investimento-e-comercio-da-china-central-organizado-o-forum-para-intercambio-e-cooperacao-das-empresas-dos-do\/\"]}]},{\"@type\":\"ImageObject\",\"inLanguage\":\"pt-PT\",\"@id\":\"https:\/\/www.ipim.gov.mo\/pt-pt\/noticias-do-ipim\/20190519-visita-da-delegacao-empresarial-de-macau-a-jiangxi-para-participar-na-expo-de-investimento-e-comercio-da-china-central-organizado-o-forum-para-intercambio-e-cooperacao-das-empresas-dos-do\/#primaryimage\",\"url\":\"https:\/\/www.ipim.gov.mo\/wp-content\/uploads\/2024\/07\/ipim-post-default.jpg\",\"contentUrl\":\"https:\/\/www.ipim.gov.mo\/wp-content\/uploads\/2024\/07\/ipim-post-default.jpg\",\"width\":1024,\"height\":768},{\"@type\":\"BreadcrumbList\",\"@id\":\"https:\/\/www.ipim.gov.mo\/pt-pt\/noticias-do-ipim\/20190519-visita-da-delegacao-empresarial-de-macau-a-jiangxi-para-participar-na-expo-de-investimento-e-comercio-da-china-central-organizado-o-forum-para-intercambio-e-cooperacao-das-empresas-dos-do\/#breadcrumb\",\"itemListElement\":[{\"@type\":\"ListItem\",\"position\":1,\"name\":\"Home\",\"item\":\"https:\/\/www.ipim.gov.mo\/pt-pt\/\"},{\"@type\":\"ListItem\",\"position\":2,\"name\":\"[2019\/05\/19] Visita da Delega\u00e7\u00e3o Empresarial de Macau a Jiangxi para participar na Expo de Investimento e Com\u00e9rcio da China Central Organizado o f\u00f3rum para interc\u00e2mbio e coopera\u00e7\u00e3o das empresas dos dois territ\u00f3rios\"}]},{\"@type\":\"WebSite\",\"@id\":\"https:\/\/www.ipim.gov.mo\/zh-hans\/#website\",\"url\":\"https:\/\/www.ipim.gov.mo\/zh-hans\/\",\"name\":\"Commerce and Investment Promotion Institute\",\"description\":\"Commerce and Investment Promotion Institute\",\"publisher\":{\"@id\":\"https:\/\/www.ipim.gov.mo\/zh-hans\/#organization\"},\"potentialAction\":[{\"@type\":\"SearchAction\",\"target\":{\"@type\":\"EntryPoint\",\"urlTemplate\":\"https:\/\/www.ipim.gov.mo\/zh-hans\/?s={search_term_string}\"},\"query-input\":{\"@type\":\"PropertyValueSpecification\",\"valueRequired\":true,\"valueName\":\"search_term_string\"}}],\"inLanguage\":\"pt-PT\"},{\"@type\":\"Organization\",\"@id\":\"https:\/\/www.ipim.gov.mo\/zh-hans\/#organization\",\"name\":\"IPIM\",\"url\":\"https:\/\/www.ipim.gov.mo\/zh-hans\/\",\"logo\":{\"@type\":\"ImageObject\",\"inLanguage\":\"pt-PT\",\"@id\":\"https:\/\/www.ipim.gov.mo\/zh-hans\/#\/schema\/logo\/image\/\",\"url\":\"https:\/\/www.ipim.gov.mo\/wp-content\/uploads\/2022\/10\/default-post-thumbnail-ipim-logo.png\",\"contentUrl\":\"https:\/\/www.ipim.gov.mo\/wp-content\/uploads\/2022\/10\/default-post-thumbnail-ipim-logo.png\",\"width\":1024,\"height\":768,\"caption\":\"IPIM\"},\"image\":{\"@id\":\"https:\/\/www.ipim.gov.mo\/zh-hans\/#\/schema\/logo\/image\/\"}}]}<\/script>\r\n<!-- \/ Yoast SEO plugin. -->","yoast_head_json":{"title":"[2019\/05\/19] Visita da Delega\u00e7\u00e3o Empresarial de Macau a Jiangxi para participar na Expo de Investimento e Com\u00e9rcio da China Central Organizado o f\u00f3rum para interc\u00e2mbio e coopera\u00e7\u00e3o das empresas dos dois territ\u00f3rios | Commerce and Investment Promotion Institute","robots":{"index":"index","follow":"follow","max-snippet":"max-snippet:-1","max-image-preview":"max-image-preview:large","max-video-preview":"max-video-preview:-1"},"canonical":"https:\/\/www.ipim.gov.mo\/pt-pt\/noticias-do-ipim\/20190519-visita-da-delegacao-empresarial-de-macau-a-jiangxi-para-participar-na-expo-de-investimento-e-comercio-da-china-central-organizado-o-forum-para-intercambio-e-cooperacao-das-empresas-dos-do\/","og_locale":"pt_PT","og_type":"article","og_title":"[2019\/05\/19] Visita da Delega\u00e7\u00e3o Empresarial de Macau a Jiangxi para participar na Expo de Investimento e Com\u00e9rcio da China Central Organizado o f\u00f3rum para interc\u00e2mbio e coopera\u00e7\u00e3o das empresas dos dois territ\u00f3rios | Commerce and Investment Promotion Institute","og_description":"A \u201c11.&ordf; Edi&ccedil;&atilde;o da Expo da China Central\u201d (Expo Central China) foi realizada nos dias 18 a 20 de Maio, no \u201cGreen Space International Expo [&hellip;]","og_url":"https:\/\/www.ipim.gov.mo\/pt-pt\/noticias-do-ipim\/20190519-visita-da-delegacao-empresarial-de-macau-a-jiangxi-para-participar-na-expo-de-investimento-e-comercio-da-china-central-organizado-o-forum-para-intercambio-e-cooperacao-das-empresas-dos-do\/","og_site_name":"Commerce and Investment Promotion Institute","article_published_time":"2019-05-19T14:17:00+00:00","og_image":[{"width":1024,"height":768,"url":"https:\/\/www.ipim.gov.mo\/wp-content\/uploads\/2024\/07\/ipim-post-default.jpg","type":"image\/jpeg"}],"author":"admin","twitter_card":"summary_large_image","twitter_misc":{"Written by":"admin","Est. reading time":"7 minutes"},"schema":{"@context":"https:\/\/schema.org","@graph":[{"@type":"WebPage","@id":"https:\/\/www.ipim.gov.mo\/pt-pt\/noticias-do-ipim\/20190519-visita-da-delegacao-empresarial-de-macau-a-jiangxi-para-participar-na-expo-de-investimento-e-comercio-da-china-central-organizado-o-forum-para-intercambio-e-cooperacao-das-empresas-dos-do\/","url":"https:\/\/www.ipim.gov.mo\/pt-pt\/noticias-do-ipim\/20190519-visita-da-delegacao-empresarial-de-macau-a-jiangxi-para-participar-na-expo-de-investimento-e-comercio-da-china-central-organizado-o-forum-para-intercambio-e-cooperacao-das-empresas-dos-do\/","name":"[2019\/05\/19] Visita da Delega\u00e7\u00e3o Empresarial de Macau a Jiangxi para participar na Expo de Investimento e Com\u00e9rcio da China Central Organizado o f\u00f3rum para interc\u00e2mbio e coopera\u00e7\u00e3o das empresas dos dois territ\u00f3rios | Commerce and Investment Promotion Institute","isPartOf":{"@id":"https:\/\/www.ipim.gov.mo\/zh-hans\/#website"},"primaryImageOfPage":{"@id":"https:\/\/www.ipim.gov.mo\/pt-pt\/noticias-do-ipim\/20190519-visita-da-delegacao-empresarial-de-macau-a-jiangxi-para-participar-na-expo-de-investimento-e-comercio-da-china-central-organizado-o-forum-para-intercambio-e-cooperacao-das-empresas-dos-do\/#primaryimage"},"image":{"@id":"https:\/\/www.ipim.gov.mo\/pt-pt\/noticias-do-ipim\/20190519-visita-da-delegacao-empresarial-de-macau-a-jiangxi-para-participar-na-expo-de-investimento-e-comercio-da-china-central-organizado-o-forum-para-intercambio-e-cooperacao-das-empresas-dos-do\/#primaryimage"},"thumbnailUrl":"https:\/\/www.ipim.gov.mo\/wp-content\/uploads\/2024\/07\/ipim-post-default.jpg","datePublished":"2019-05-19T14:17:00+00:00","breadcrumb":{"@id":"https:\/\/www.ipim.gov.mo\/pt-pt\/noticias-do-ipim\/20190519-visita-da-delegacao-empresarial-de-macau-a-jiangxi-para-participar-na-expo-de-investimento-e-comercio-da-china-central-organizado-o-forum-para-intercambio-e-cooperacao-das-empresas-dos-do\/#breadcrumb"},"inLanguage":"pt-PT","potentialAction":[{"@type":"ReadAction","target":["https:\/\/www.ipim.gov.mo\/pt-pt\/noticias-do-ipim\/20190519-visita-da-delegacao-empresarial-de-macau-a-jiangxi-para-participar-na-expo-de-investimento-e-comercio-da-china-central-organizado-o-forum-para-intercambio-e-cooperacao-das-empresas-dos-do\/"]}]},{"@type":"ImageObject","inLanguage":"pt-PT","@id":"https:\/\/www.ipim.gov.mo\/pt-pt\/noticias-do-ipim\/20190519-visita-da-delegacao-empresarial-de-macau-a-jiangxi-para-participar-na-expo-de-investimento-e-comercio-da-china-central-organizado-o-forum-para-intercambio-e-cooperacao-das-empresas-dos-do\/#primaryimage","url":"https:\/\/www.ipim.gov.mo\/wp-content\/uploads\/2024\/07\/ipim-post-default.jpg","contentUrl":"https:\/\/www.ipim.gov.mo\/wp-content\/uploads\/2024\/07\/ipim-post-default.jpg","width":1024,"height":768},{"@type":"BreadcrumbList","@id":"https:\/\/www.ipim.gov.mo\/pt-pt\/noticias-do-ipim\/20190519-visita-da-delegacao-empresarial-de-macau-a-jiangxi-para-participar-na-expo-de-investimento-e-comercio-da-china-central-organizado-o-forum-para-intercambio-e-cooperacao-das-empresas-dos-do\/#breadcrumb","itemListElement":[{"@type":"ListItem","position":1,"name":"Home","item":"https:\/\/www.ipim.gov.mo\/pt-pt\/"},{"@type":"ListItem","position":2,"name":"[2019\/05\/19] Visita da Delega\u00e7\u00e3o Empresarial de Macau a Jiangxi para participar na Expo de Investimento e Com\u00e9rcio da China Central Organizado o f\u00f3rum para interc\u00e2mbio e coopera\u00e7\u00e3o das empresas dos dois territ\u00f3rios"}]},{"@type":"WebSite","@id":"https:\/\/www.ipim.gov.mo\/zh-hans\/#website","url":"https:\/\/www.ipim.gov.mo\/zh-hans\/","name":"Commerce and Investment Promotion Institute","description":"Commerce and Investment Promotion Institute","publisher":{"@id":"https:\/\/www.ipim.gov.mo\/zh-hans\/#organization"},"potentialAction":[{"@type":"SearchAction","target":{"@type":"EntryPoint","urlTemplate":"https:\/\/www.ipim.gov.mo\/zh-hans\/?s={search_term_string}"},"query-input":{"@type":"PropertyValueSpecification","valueRequired":true,"valueName":"search_term_string"}}],"inLanguage":"pt-PT"},{"@type":"Organization","@id":"https:\/\/www.ipim.gov.mo\/zh-hans\/#organization","name":"IPIM","url":"https:\/\/www.ipim.gov.mo\/zh-hans\/","logo":{"@type":"ImageObject","inLanguage":"pt-PT","@id":"https:\/\/www.ipim.gov.mo\/zh-hans\/#\/schema\/logo\/image\/","url":"https:\/\/www.ipim.gov.mo\/wp-content\/uploads\/2022\/10\/default-post-thumbnail-ipim-logo.png","contentUrl":"https:\/\/www.ipim.gov.mo\/wp-content\/uploads\/2022\/10\/default-post-thumbnail-ipim-logo.png","width":1024,"height":768,"caption":"IPIM"},"image":{"@id":"https:\/\/www.ipim.gov.mo\/zh-hans\/#\/schema\/logo\/image\/"}}]}},"author_meta":{"display_name":"admin","author_link":"https:\/\/www.ipim.gov.mo\/pt-pt\/author\/admin\/"},"featured_img":"https:\/\/www.ipim.gov.mo\/wp-content\/uploads\/2024\/07\/ipim-post-default-300x225.jpg","coauthors":[],"tax_additional":{"categories":{"linked":["<a href=\"https:\/\/www.ipim.gov.mo\/pt-pt\/category\/noticias-do-ipim\/\" class=\"advgb-post-tax-term\">Not\u00edcias do IPIM<\/a>"],"unlinked":["<span class=\"advgb-post-tax-term\">Not\u00edcias do IPIM<\/span>"]}},"comment_count":"0","relative_dates":{"created":"Posted 7 years ago","modified":"Updated 7 years ago"},"absolute_dates":{"created":"Posted on Maio 19, 2019","modified":"Updated on Maio 19, 2019"},"absolute_dates_time":{"created":"Posted on Maio 19, 2019 10:17 pm","modified":"Updated on Maio 19, 2019 10:17 pm"},"featured_img_caption":"","series_order":"","_links":{"self":[{"href":"https:\/\/www.ipim.gov.mo\/pt-pt\/wp-json\/wp\/v2\/posts\/261617","targetHints":{"allow":["GET"]}}],"collection":[{"href":"https:\/\/www.ipim.gov.mo\/pt-pt\/wp-json\/wp\/v2\/posts"}],"about":[{"href":"https:\/\/www.ipim.gov.mo\/pt-pt\/wp-json\/wp\/v2\/types\/post"}],"author":[{"embeddable":true,"href":"https:\/\/www.ipim.gov.mo\/pt-pt\/wp-json\/wp\/v2\/users\/1"}],"replies":[{"embeddable":true,"href":"https:\/\/www.ipim.gov.mo\/pt-pt\/wp-json\/wp\/v2\/comments?post=261617"}],"version-history":[{"count":0,"href":"https:\/\/www.ipim.gov.mo\/pt-pt\/wp-json\/wp\/v2\/posts\/261617\/revisions"}],"wp:featuredmedia":[{"embeddable":true,"href":"https:\/\/www.ipim.gov.mo\/pt-pt\/wp-json\/wp\/v2\/media\/467868"}],"wp:attachment":[{"href":"https:\/\/www.ipim.gov.mo\/pt-pt\/wp-json\/wp\/v2\/media?parent=261617"}],"wp:term":[{"taxonomy":"category","embeddable":true,"href":"https:\/\/www.ipim.gov.mo\/pt-pt\/wp-json\/wp\/v2\/categories?post=261617"},{"taxonomy":"post_tag","embeddable":true,"href":"https:\/\/www.ipim.gov.mo\/pt-pt\/wp-json\/wp\/v2\/tags?post=261617"}],"curies":[{"name":"wp","href":"https:\/\/api.w.org\/{rel}","templated":true}]}}