{"id":261559,"date":"2019-05-15T22:16:00","date_gmt":"2019-05-15T14:16:00","guid":{"rendered":"https:\/\/www.ipim.gov.mo\/zh-hans\/ipim-news-sc\/20190515-alcancando-o-efeito-de-sinergia-a-sessao-de-bolsas-de-contacto-alusivas-aos-produtos-dos-paises-de-lingua-portuguesa-organizada-pelo-ipim-realiza-se-paralelamente-com-a-semana-dinamica-d\/"},"modified":"2019-05-15T22:16:00","modified_gmt":"2019-05-15T14:16:00","slug":"20190515-alcancando-o-efeito-de-sinergia-a-sessao-de-bolsas-de-contacto-alusivas-aos-produtos-dos-paises-de-lingua-portuguesa-organizada-pelo-ipim-realiza-se-paralelamente-com-a-semana-dinamica-d","status":"publish","type":"post","link":"https:\/\/www.ipim.gov.mo\/pt-pt\/noticias-do-ipim\/20190515-alcancando-o-efeito-de-sinergia-a-sessao-de-bolsas-de-contacto-alusivas-aos-produtos-dos-paises-de-lingua-portuguesa-organizada-pelo-ipim-realiza-se-paralelamente-com-a-semana-dinamica-d\/","title":{"rendered":"[2019\/05\/15] Alcan\u00e7ando o efeito de sinergia, a Sess\u00e3o de Bolsas de Contacto alusivas aos Produtos dos Pa\u00edses de L\u00edngua Portuguesa organizada pelo IPIM realiza-se paralelamente com a Semana Din\u00e2mica de Macau, no mesmo local"},"content":{"rendered":"<p style=\"text-align:justify\">Organizada pelo Instituto de Promo&ccedil;&atilde;o do Com&eacute;rcio e do Investimento de Macau (IPIM), co-organizada por v&aacute;rias associa&ccedil;&otilde;es comerciais locais de Macau, apoiada pelo Departamento do Com&eacute;rcio da Prov&iacute;ncia de Guangdong, e coordenada pela C&acirc;mara de Com&eacute;rcio da China para Importa&ccedil;&atilde;o e Exporta&ccedil;&atilde;o de Alimentos e Produtos Nativos e Subprodutos Animais, a \u201cActividade Promocional e a Sess&atilde;o de Bolsas de Contacto alusivas aos Produtos dos Pa&iacute;ses de L&iacute;ngua Portuguesa\u201d teve lugar no Complexo da Feira de Importa&ccedil;&atilde;o e Exporta&ccedil;&atilde;o da China. Esta foi a primeira vez que a referida Sess&atilde;o de Bolsas de Contacto se realizou paralelamente com a \u201cSemana Din&acirc;mica de Macau\u201d (doravante abreviada como Semana Din&acirc;mica) no mesmo local, aproveitando-se para alcan&ccedil;ar o efeito de sinergia e aumentar a efic&aacute;cia do evento.<\/p>\n<p style=\"text-align:justify\">O IPIM organizou 23 fornecedores envolvidos no com&eacute;rcio de produtos dos Pa&iacute;ses de L&iacute;ngua Portuguesa a participar na exposi&ccedil;&atilde;o no dia 9 de Maio, exibindo produtos dos pa&iacute;ses lus&oacute;fonos como caf&eacute;, bebidas alco&oacute;licas, &aacute;gua mineral, petiscos, sal, sumo, leite em p&oacute;, etc, na zona do evento \u201cVamos Desfrutar\u201d da Semana Din&acirc;mica &#8211; Esta&ccedil;&atilde;o de Guangzhou, permitindo aos compradores e fornecedores realizarem as bolsas de contacto e melhorarem o conhecimento sobre os produtos e o efeito de negocia&ccedil;&atilde;o atrav&eacute;s da degusta&ccedil;&atilde;o das iguarias famosas dos pa&iacute;ses lus&oacute;fonos. No s&iacute;tio, v&aacute;rios fornecedores e compradores inscreveram-se como usu&aacute;rios do \u201cPortal para a Coopera&ccedil;&atilde;o nas &Aacute;reas Econ&oacute;mica, Comercial e de Recursos Humanos entre a China e os Pa&iacute;ses de L&iacute;ngua Portuguesa\u201d, facilitando de tal modo o acesso a informa&ccedil;&otilde;es em rela&ccedil;&atilde;o &agrave; aquisi&ccedil;&atilde;o de produtos e projectos colaborativos no futuro no &acirc;mbito dos pa&iacute;ses lus&oacute;fonos. Atrav&eacute;s da realiza&ccedil;&atilde;o paralela das actividades online e offline, salienta-se o papel da Sess&atilde;o de Bolsas de Contacto como plataforma eficiente de aquisi&ccedil;&atilde;o e coopera&ccedil;&atilde;o, no intuito de estender, com mais dinamismo, a funcionalidade e desempenho do Centro de Distribui&ccedil;&atilde;o dos Produtos Alimentares dos Pa&iacute;ses de L&iacute;ngua Portuguesa.<\/p>\n<p style=\"text-align:justify\"><strong>Ambiente animado no s&iacute;tio de negocia&ccedil;&otilde;es, expandindo oportunidades <\/strong><strong>comerciais<\/strong><strong> nas cidades da Grande Ba&iacute;a.<\/strong><\/p>\n<p style=\"text-align:justify\">&Aacute; referida Sess&atilde;o de Bolsas de Contacto &#8211; Esta&ccedil;&atilde;o de Guangzhou tamb&eacute;m contou com a primeira participa&ccedil;&atilde;o de alguns novos fornecedores de produtos lus&oacute;fonos. A Sra. Cheong, representante de um fornecedor que participou no evento pela primeira vez, afirmou que tinha grandes expectativas com a realiza&ccedil;&atilde;o da Sess&atilde;o de Bolsas de Contacto na China Continental. Referiu que a participa&ccedil;&atilde;o neste evento tinha acesso a efeitos significativos e que certamente acompanhar&aacute; os clientes interessados, com expectativa de ainda fechar neg&oacute;cios, Simultaneamente, mencionou que o evento mostrou-lhe o potencial do mercado da Grande Ba&iacute;a, fazendo com que almeje a sua participa&ccedil;&atilde;o cont&iacute;nua na pr&oacute;xima Sess&atilde;o de Bolsas de Contacto. O Sr. Si, distribuidor de bebidas alco&oacute;licas dos pa&iacute;ses lus&oacute;fonos, por sua vez, julgou que a realiza&ccedil;&atilde;o simult&acirc;nea da Sess&atilde;o de Bolsas de Contacto e da Semana Din&acirc;mica no mesmo local podia atrair reciprocamente compradores de sectores diferentes, realizando a promo&ccedil;&atilde;o e a divulga&ccedil;&atilde;o directas da marca da empresa aos compradores na China Continental. Acrescentou que por meio do evento, tamb&eacute;m conheceu os outros fornecedores de produtos lus&oacute;fonos de Macau, com os quais tem confian&ccedil;a de realizar coopera&ccedil;&otilde;es futuras, expandindo conjuntamente o mercado din&acirc;mico e potencial da China Continental.<\/p>\n<p style=\"text-align:justify\">De acordo com o Sr. Zhang da Wine Workshop Commercial Limited de Guangzhou, a Sess&atilde;o de Bolsa de Contacto gerou-lhe grande interesse em produtos alimentares dos Pa&iacute;ses de L&iacute;ngua Portuguesa, fazendo com que conhe&ccedil;a mais profundamente as gastronomias e produtos culturais dos pa&iacute;ses lus&oacute;fonos, por isso ele ficou a considerar em introduzir marcas e produtos de excelente qualidade, sobretudo os produtos vin&iacute;culas. Al&eacute;m disso, ficou a conhecer algumas actividades caracter&iacute;sticas do IPIM, atrav&eacute;s das quais espera introduzir ainda mais produtos estrangeiros na Grande Ba&iacute;a Guangdong-Hong Kong-Macau, entre outras cidades no Interior da China.<\/p>\n<p style=\"text-align:justify\">A referida Sess&atilde;o de Bolsas de Contacto atraiu a participa&ccedil;&atilde;o de mais de 170 compradores da Grande Ba&iacute;a Guangdong-Hong Kong-Macau, tendo aprofundadoo conhecimento dos comerciantes de cidades integradas naGrande Ba&iacute;asobre produtos dos Pa&iacute;ses de L&iacute;ngua Portuguesa, elevando a popularidade e a influ&ecirc;ncia dos mesmos. Prev&ecirc;-se que a pr&oacute;xima esta&ccedil;&atilde;oda Sess&atilde;o de Bolsas de Contacto ter&aacute; lugar no quarto trimestre em simult&acirc;neo com a\u201cSemana Din&acirc;mica de Macau \u2013 Changzhou, Jiangsu\u201d neste ano.No futuro, o IPIM ir&aacute; continuar a realizar as actividades promocionais dos produtos dos Pa&iacute;ses de L&iacute;ngua Portuguesa em diferentes cidades da China Continental.<\/p>\n<div class=\"wp-caption alignnone\"><a href=\"https:\/\/www.gcs.gov.mo\/news\/p\/P19EOeRsG1\/l\" class=\"fancybox\"><img decoding=\"async\" class=\"size-large\" src=\"https:\/\/www.gcs.gov.mo\/news\/p\/P19EOeRsG1\/l\" alt=\"\u201cActividade Promocional e a Sess\u00e3o de Bolsas de Contacto alusivas aos Produtos dos Pa\u00edses de L\u00edngua Portuguesa\u201datrai m\u00faltiplos visitantes\" width=\"1024\"><\/a><\/p>\n<p class=\"wp-caption-text\">\u201cActividade Promocional e a Sess\u00e3o de Bolsas de Contacto alusivas aos Produtos dos Pa\u00edses de L\u00edngua Portuguesa\u201datrai m\u00faltiplos visitantes<\/p>\n<\/div>\n<div class=\"wp-caption alignnone\"><a href=\"https:\/\/www.gcs.gov.mo\/news\/p\/P19EOZ4IaQ\/l\" class=\"fancybox\"><img decoding=\"async\" class=\"size-large\" src=\"https:\/\/www.gcs.gov.mo\/news\/p\/P19EOZ4IaQ\/l\" alt=\"23 distribuidores dos produtos lus\u00f3fonos fazem promo\u00e7\u00e3o no local\" width=\"1024\"><\/a><\/p>\n<p class=\"wp-caption-text\">23 distribuidores dos produtos lus\u00f3fonos fazem promo\u00e7\u00e3o no local<\/p>\n<\/div>\n<div class=\"wp-caption alignnone\"><a href=\"https:\/\/www.gcs.gov.mo\/news\/p\/P19EO3X7CQ\/l\" class=\"fancybox\"><img decoding=\"async\" class=\"size-large\" src=\"https:\/\/www.gcs.gov.mo\/news\/p\/P19EO3X7CQ\/l\" alt=\"Ambiente animado entre as negocia\u00e7\u00f5es no local da Sess\u00e3o de Bolsas de Contacto\" width=\"1024\"><\/a><\/p>\n<p class=\"wp-caption-text\">Ambiente animado entre as negocia\u00e7\u00f5es no local da Sess\u00e3o de Bolsas de Contacto<\/p>\n<\/div>\n<div class=\"wp-caption alignnone\"><a href=\"https:\/\/www.gcs.gov.mo\/news\/p\/P19EOqvHKY\/l\" class=\"fancybox\"><img decoding=\"async\" class=\"size-large\" src=\"https:\/\/www.gcs.gov.mo\/news\/p\/P19EOqvHKY\/l\" alt=\"Ambiente animado entre as negocia\u00e7\u00f5es no local da Sess\u00e3o de Bolsas de Contacto\" width=\"1024\"><\/a><\/p>\n<p class=\"wp-caption-text\">Ambiente animado entre as negocia\u00e7\u00f5es no local da Sess\u00e3o de Bolsas de Contacto<\/p>\n<\/div>\n","protected":false},"excerpt":{"rendered":"<p>Organizada pelo Instituto de Promo&ccedil;&atilde;o do Com&eacute;rcio e do Investimento de Macau (IPIM), co-organizada por v&aacute;rias associa&ccedil;&otilde;es comerciais locais de Macau, apoiada pelo Departamento do [&hellip;]<\/p>\n","protected":false},"author":1,"featured_media":467868,"comment_status":"closed","ping_status":"closed","sticky":false,"template":"","format":"standard","meta":{"_acf_changed":false,"inline_featured_image":false,"advgb_blocks_editor_width":"","advgb_blocks_columns_visual_guide":"","footnotes":""},"categories":[12],"tags":[],"class_list":["post-261559","post","type-post","status-publish","format-standard","has-post-thumbnail","hentry","category-noticias-do-ipim"],"acf":[],"yoast_head":"<!-- This site is optimized with the Yoast SEO plugin v26.2 - https:\/\/yoast.com\/wordpress\/plugins\/seo\/ -->\r\n<title>[2019\/05\/15] Alcan\u00e7ando o efeito de sinergia, a Sess\u00e3o de Bolsas de Contacto alusivas aos Produtos dos Pa\u00edses de L\u00edngua Portuguesa organizada pelo IPIM realiza-se paralelamente com a Semana Din\u00e2mica de Macau, no mesmo local | Commerce and Investment Promotion Institute<\/title>\r\n<meta name=\"robots\" content=\"index, follow, max-snippet:-1, max-image-preview:large, max-video-preview:-1\" \/>\r\n<link rel=\"canonical\" href=\"https:\/\/www.ipim.gov.mo\/pt-pt\/noticias-do-ipim\/20190515-alcancando-o-efeito-de-sinergia-a-sessao-de-bolsas-de-contacto-alusivas-aos-produtos-dos-paises-de-lingua-portuguesa-organizada-pelo-ipim-realiza-se-paralelamente-com-a-semana-dinamica-d\/\" \/>\r\n<meta property=\"og:locale\" content=\"pt_PT\" \/>\r\n<meta property=\"og:type\" content=\"article\" \/>\r\n<meta property=\"og:title\" content=\"[2019\/05\/15] Alcan\u00e7ando o efeito de sinergia, a Sess\u00e3o de Bolsas de Contacto alusivas aos Produtos dos Pa\u00edses de L\u00edngua Portuguesa organizada pelo IPIM realiza-se paralelamente com a Semana Din\u00e2mica de Macau, no mesmo local | Commerce and Investment Promotion Institute\" \/>\r\n<meta property=\"og:description\" content=\"Organizada pelo Instituto de Promo&ccedil;&atilde;o do Com&eacute;rcio e do Investimento de Macau (IPIM), co-organizada por v&aacute;rias associa&ccedil;&otilde;es comerciais locais de Macau, apoiada pelo Departamento do [&hellip;]\" \/>\r\n<meta property=\"og:url\" content=\"https:\/\/www.ipim.gov.mo\/pt-pt\/noticias-do-ipim\/20190515-alcancando-o-efeito-de-sinergia-a-sessao-de-bolsas-de-contacto-alusivas-aos-produtos-dos-paises-de-lingua-portuguesa-organizada-pelo-ipim-realiza-se-paralelamente-com-a-semana-dinamica-d\/\" \/>\r\n<meta property=\"og:site_name\" content=\"Commerce and Investment Promotion Institute\" \/>\r\n<meta property=\"article:published_time\" content=\"2019-05-15T14:16:00+00:00\" \/>\r\n<meta property=\"og:image\" content=\"https:\/\/www.ipim.gov.mo\/wp-content\/uploads\/2024\/07\/ipim-post-default.jpg\" \/>\r\n\t<meta property=\"og:image:width\" content=\"1024\" \/>\r\n\t<meta property=\"og:image:height\" content=\"768\" \/>\r\n\t<meta property=\"og:image:type\" content=\"image\/jpeg\" \/>\r\n<meta name=\"author\" content=\"admin\" \/>\r\n<meta name=\"twitter:card\" content=\"summary_large_image\" \/>\r\n<meta name=\"twitter:label1\" content=\"Written by\" \/>\n\t<meta name=\"twitter:data1\" content=\"admin\" \/>\n\t<meta name=\"twitter:label2\" content=\"Est. reading time\" \/>\n\t<meta name=\"twitter:data2\" content=\"5 minutes\" \/>\r\n<script type=\"application\/ld+json\" class=\"yoast-schema-graph\">{\"@context\":\"https:\/\/schema.org\",\"@graph\":[{\"@type\":\"WebPage\",\"@id\":\"https:\/\/www.ipim.gov.mo\/pt-pt\/noticias-do-ipim\/20190515-alcancando-o-efeito-de-sinergia-a-sessao-de-bolsas-de-contacto-alusivas-aos-produtos-dos-paises-de-lingua-portuguesa-organizada-pelo-ipim-realiza-se-paralelamente-com-a-semana-dinamica-d\/\",\"url\":\"https:\/\/www.ipim.gov.mo\/pt-pt\/noticias-do-ipim\/20190515-alcancando-o-efeito-de-sinergia-a-sessao-de-bolsas-de-contacto-alusivas-aos-produtos-dos-paises-de-lingua-portuguesa-organizada-pelo-ipim-realiza-se-paralelamente-com-a-semana-dinamica-d\/\",\"name\":\"[2019\/05\/15] Alcan\u00e7ando o efeito de sinergia, a Sess\u00e3o de Bolsas de Contacto alusivas aos Produtos dos Pa\u00edses de L\u00edngua Portuguesa organizada pelo IPIM realiza-se paralelamente com a Semana Din\u00e2mica de Macau, no mesmo local | Commerce and Investment Promotion Institute\",\"isPartOf\":{\"@id\":\"https:\/\/www.ipim.gov.mo\/zh-hans\/#website\"},\"primaryImageOfPage\":{\"@id\":\"https:\/\/www.ipim.gov.mo\/pt-pt\/noticias-do-ipim\/20190515-alcancando-o-efeito-de-sinergia-a-sessao-de-bolsas-de-contacto-alusivas-aos-produtos-dos-paises-de-lingua-portuguesa-organizada-pelo-ipim-realiza-se-paralelamente-com-a-semana-dinamica-d\/#primaryimage\"},\"image\":{\"@id\":\"https:\/\/www.ipim.gov.mo\/pt-pt\/noticias-do-ipim\/20190515-alcancando-o-efeito-de-sinergia-a-sessao-de-bolsas-de-contacto-alusivas-aos-produtos-dos-paises-de-lingua-portuguesa-organizada-pelo-ipim-realiza-se-paralelamente-com-a-semana-dinamica-d\/#primaryimage\"},\"thumbnailUrl\":\"https:\/\/www.ipim.gov.mo\/wp-content\/uploads\/2024\/07\/ipim-post-default.jpg\",\"datePublished\":\"2019-05-15T14:16:00+00:00\",\"breadcrumb\":{\"@id\":\"https:\/\/www.ipim.gov.mo\/pt-pt\/noticias-do-ipim\/20190515-alcancando-o-efeito-de-sinergia-a-sessao-de-bolsas-de-contacto-alusivas-aos-produtos-dos-paises-de-lingua-portuguesa-organizada-pelo-ipim-realiza-se-paralelamente-com-a-semana-dinamica-d\/#breadcrumb\"},\"inLanguage\":\"pt-PT\",\"potentialAction\":[{\"@type\":\"ReadAction\",\"target\":[\"https:\/\/www.ipim.gov.mo\/pt-pt\/noticias-do-ipim\/20190515-alcancando-o-efeito-de-sinergia-a-sessao-de-bolsas-de-contacto-alusivas-aos-produtos-dos-paises-de-lingua-portuguesa-organizada-pelo-ipim-realiza-se-paralelamente-com-a-semana-dinamica-d\/\"]}]},{\"@type\":\"ImageObject\",\"inLanguage\":\"pt-PT\",\"@id\":\"https:\/\/www.ipim.gov.mo\/pt-pt\/noticias-do-ipim\/20190515-alcancando-o-efeito-de-sinergia-a-sessao-de-bolsas-de-contacto-alusivas-aos-produtos-dos-paises-de-lingua-portuguesa-organizada-pelo-ipim-realiza-se-paralelamente-com-a-semana-dinamica-d\/#primaryimage\",\"url\":\"https:\/\/www.ipim.gov.mo\/wp-content\/uploads\/2024\/07\/ipim-post-default.jpg\",\"contentUrl\":\"https:\/\/www.ipim.gov.mo\/wp-content\/uploads\/2024\/07\/ipim-post-default.jpg\",\"width\":1024,\"height\":768},{\"@type\":\"BreadcrumbList\",\"@id\":\"https:\/\/www.ipim.gov.mo\/pt-pt\/noticias-do-ipim\/20190515-alcancando-o-efeito-de-sinergia-a-sessao-de-bolsas-de-contacto-alusivas-aos-produtos-dos-paises-de-lingua-portuguesa-organizada-pelo-ipim-realiza-se-paralelamente-com-a-semana-dinamica-d\/#breadcrumb\",\"itemListElement\":[{\"@type\":\"ListItem\",\"position\":1,\"name\":\"Home\",\"item\":\"https:\/\/www.ipim.gov.mo\/pt-pt\/\"},{\"@type\":\"ListItem\",\"position\":2,\"name\":\"[2019\/05\/15] Alcan\u00e7ando o efeito de sinergia, a Sess\u00e3o de Bolsas de Contacto alusivas aos Produtos dos Pa\u00edses de L\u00edngua Portuguesa organizada pelo IPIM realiza-se paralelamente com a Semana Din\u00e2mica de Macau, no mesmo local\"}]},{\"@type\":\"WebSite\",\"@id\":\"https:\/\/www.ipim.gov.mo\/zh-hans\/#website\",\"url\":\"https:\/\/www.ipim.gov.mo\/zh-hans\/\",\"name\":\"Commerce and Investment Promotion Institute\",\"description\":\"Commerce and Investment Promotion Institute\",\"publisher\":{\"@id\":\"https:\/\/www.ipim.gov.mo\/zh-hans\/#organization\"},\"potentialAction\":[{\"@type\":\"SearchAction\",\"target\":{\"@type\":\"EntryPoint\",\"urlTemplate\":\"https:\/\/www.ipim.gov.mo\/zh-hans\/?s={search_term_string}\"},\"query-input\":{\"@type\":\"PropertyValueSpecification\",\"valueRequired\":true,\"valueName\":\"search_term_string\"}}],\"inLanguage\":\"pt-PT\"},{\"@type\":\"Organization\",\"@id\":\"https:\/\/www.ipim.gov.mo\/zh-hans\/#organization\",\"name\":\"IPIM\",\"url\":\"https:\/\/www.ipim.gov.mo\/zh-hans\/\",\"logo\":{\"@type\":\"ImageObject\",\"inLanguage\":\"pt-PT\",\"@id\":\"https:\/\/www.ipim.gov.mo\/zh-hans\/#\/schema\/logo\/image\/\",\"url\":\"https:\/\/www.ipim.gov.mo\/wp-content\/uploads\/2022\/10\/default-post-thumbnail-ipim-logo.png\",\"contentUrl\":\"https:\/\/www.ipim.gov.mo\/wp-content\/uploads\/2022\/10\/default-post-thumbnail-ipim-logo.png\",\"width\":1024,\"height\":768,\"caption\":\"IPIM\"},\"image\":{\"@id\":\"https:\/\/www.ipim.gov.mo\/zh-hans\/#\/schema\/logo\/image\/\"}}]}<\/script>\r\n<!-- \/ Yoast SEO plugin. -->","yoast_head_json":{"title":"[2019\/05\/15] Alcan\u00e7ando o efeito de sinergia, a Sess\u00e3o de Bolsas de Contacto alusivas aos Produtos dos Pa\u00edses de L\u00edngua Portuguesa organizada pelo IPIM realiza-se paralelamente com a Semana Din\u00e2mica de Macau, no mesmo local | Commerce and Investment Promotion Institute","robots":{"index":"index","follow":"follow","max-snippet":"max-snippet:-1","max-image-preview":"max-image-preview:large","max-video-preview":"max-video-preview:-1"},"canonical":"https:\/\/www.ipim.gov.mo\/pt-pt\/noticias-do-ipim\/20190515-alcancando-o-efeito-de-sinergia-a-sessao-de-bolsas-de-contacto-alusivas-aos-produtos-dos-paises-de-lingua-portuguesa-organizada-pelo-ipim-realiza-se-paralelamente-com-a-semana-dinamica-d\/","og_locale":"pt_PT","og_type":"article","og_title":"[2019\/05\/15] Alcan\u00e7ando o efeito de sinergia, a Sess\u00e3o de Bolsas de Contacto alusivas aos Produtos dos Pa\u00edses de L\u00edngua Portuguesa organizada pelo IPIM realiza-se paralelamente com a Semana Din\u00e2mica de Macau, no mesmo local | Commerce and Investment Promotion Institute","og_description":"Organizada pelo Instituto de Promo&ccedil;&atilde;o do Com&eacute;rcio e do Investimento de Macau (IPIM), co-organizada por v&aacute;rias associa&ccedil;&otilde;es comerciais locais de Macau, apoiada pelo Departamento do [&hellip;]","og_url":"https:\/\/www.ipim.gov.mo\/pt-pt\/noticias-do-ipim\/20190515-alcancando-o-efeito-de-sinergia-a-sessao-de-bolsas-de-contacto-alusivas-aos-produtos-dos-paises-de-lingua-portuguesa-organizada-pelo-ipim-realiza-se-paralelamente-com-a-semana-dinamica-d\/","og_site_name":"Commerce and Investment Promotion Institute","article_published_time":"2019-05-15T14:16:00+00:00","og_image":[{"width":1024,"height":768,"url":"https:\/\/www.ipim.gov.mo\/wp-content\/uploads\/2024\/07\/ipim-post-default.jpg","type":"image\/jpeg"}],"author":"admin","twitter_card":"summary_large_image","twitter_misc":{"Written by":"admin","Est. reading time":"5 minutes"},"schema":{"@context":"https:\/\/schema.org","@graph":[{"@type":"WebPage","@id":"https:\/\/www.ipim.gov.mo\/pt-pt\/noticias-do-ipim\/20190515-alcancando-o-efeito-de-sinergia-a-sessao-de-bolsas-de-contacto-alusivas-aos-produtos-dos-paises-de-lingua-portuguesa-organizada-pelo-ipim-realiza-se-paralelamente-com-a-semana-dinamica-d\/","url":"https:\/\/www.ipim.gov.mo\/pt-pt\/noticias-do-ipim\/20190515-alcancando-o-efeito-de-sinergia-a-sessao-de-bolsas-de-contacto-alusivas-aos-produtos-dos-paises-de-lingua-portuguesa-organizada-pelo-ipim-realiza-se-paralelamente-com-a-semana-dinamica-d\/","name":"[2019\/05\/15] Alcan\u00e7ando o efeito de sinergia, a Sess\u00e3o de Bolsas de Contacto alusivas aos Produtos dos Pa\u00edses de L\u00edngua Portuguesa organizada pelo IPIM realiza-se paralelamente com a Semana Din\u00e2mica de Macau, no mesmo local | Commerce and Investment Promotion Institute","isPartOf":{"@id":"https:\/\/www.ipim.gov.mo\/zh-hans\/#website"},"primaryImageOfPage":{"@id":"https:\/\/www.ipim.gov.mo\/pt-pt\/noticias-do-ipim\/20190515-alcancando-o-efeito-de-sinergia-a-sessao-de-bolsas-de-contacto-alusivas-aos-produtos-dos-paises-de-lingua-portuguesa-organizada-pelo-ipim-realiza-se-paralelamente-com-a-semana-dinamica-d\/#primaryimage"},"image":{"@id":"https:\/\/www.ipim.gov.mo\/pt-pt\/noticias-do-ipim\/20190515-alcancando-o-efeito-de-sinergia-a-sessao-de-bolsas-de-contacto-alusivas-aos-produtos-dos-paises-de-lingua-portuguesa-organizada-pelo-ipim-realiza-se-paralelamente-com-a-semana-dinamica-d\/#primaryimage"},"thumbnailUrl":"https:\/\/www.ipim.gov.mo\/wp-content\/uploads\/2024\/07\/ipim-post-default.jpg","datePublished":"2019-05-15T14:16:00+00:00","breadcrumb":{"@id":"https:\/\/www.ipim.gov.mo\/pt-pt\/noticias-do-ipim\/20190515-alcancando-o-efeito-de-sinergia-a-sessao-de-bolsas-de-contacto-alusivas-aos-produtos-dos-paises-de-lingua-portuguesa-organizada-pelo-ipim-realiza-se-paralelamente-com-a-semana-dinamica-d\/#breadcrumb"},"inLanguage":"pt-PT","potentialAction":[{"@type":"ReadAction","target":["https:\/\/www.ipim.gov.mo\/pt-pt\/noticias-do-ipim\/20190515-alcancando-o-efeito-de-sinergia-a-sessao-de-bolsas-de-contacto-alusivas-aos-produtos-dos-paises-de-lingua-portuguesa-organizada-pelo-ipim-realiza-se-paralelamente-com-a-semana-dinamica-d\/"]}]},{"@type":"ImageObject","inLanguage":"pt-PT","@id":"https:\/\/www.ipim.gov.mo\/pt-pt\/noticias-do-ipim\/20190515-alcancando-o-efeito-de-sinergia-a-sessao-de-bolsas-de-contacto-alusivas-aos-produtos-dos-paises-de-lingua-portuguesa-organizada-pelo-ipim-realiza-se-paralelamente-com-a-semana-dinamica-d\/#primaryimage","url":"https:\/\/www.ipim.gov.mo\/wp-content\/uploads\/2024\/07\/ipim-post-default.jpg","contentUrl":"https:\/\/www.ipim.gov.mo\/wp-content\/uploads\/2024\/07\/ipim-post-default.jpg","width":1024,"height":768},{"@type":"BreadcrumbList","@id":"https:\/\/www.ipim.gov.mo\/pt-pt\/noticias-do-ipim\/20190515-alcancando-o-efeito-de-sinergia-a-sessao-de-bolsas-de-contacto-alusivas-aos-produtos-dos-paises-de-lingua-portuguesa-organizada-pelo-ipim-realiza-se-paralelamente-com-a-semana-dinamica-d\/#breadcrumb","itemListElement":[{"@type":"ListItem","position":1,"name":"Home","item":"https:\/\/www.ipim.gov.mo\/pt-pt\/"},{"@type":"ListItem","position":2,"name":"[2019\/05\/15] Alcan\u00e7ando o efeito de sinergia, a Sess\u00e3o de Bolsas de Contacto alusivas aos Produtos dos Pa\u00edses de L\u00edngua Portuguesa organizada pelo IPIM realiza-se paralelamente com a Semana Din\u00e2mica de Macau, no mesmo local"}]},{"@type":"WebSite","@id":"https:\/\/www.ipim.gov.mo\/zh-hans\/#website","url":"https:\/\/www.ipim.gov.mo\/zh-hans\/","name":"Commerce and Investment Promotion Institute","description":"Commerce and Investment Promotion Institute","publisher":{"@id":"https:\/\/www.ipim.gov.mo\/zh-hans\/#organization"},"potentialAction":[{"@type":"SearchAction","target":{"@type":"EntryPoint","urlTemplate":"https:\/\/www.ipim.gov.mo\/zh-hans\/?s={search_term_string}"},"query-input":{"@type":"PropertyValueSpecification","valueRequired":true,"valueName":"search_term_string"}}],"inLanguage":"pt-PT"},{"@type":"Organization","@id":"https:\/\/www.ipim.gov.mo\/zh-hans\/#organization","name":"IPIM","url":"https:\/\/www.ipim.gov.mo\/zh-hans\/","logo":{"@type":"ImageObject","inLanguage":"pt-PT","@id":"https:\/\/www.ipim.gov.mo\/zh-hans\/#\/schema\/logo\/image\/","url":"https:\/\/www.ipim.gov.mo\/wp-content\/uploads\/2022\/10\/default-post-thumbnail-ipim-logo.png","contentUrl":"https:\/\/www.ipim.gov.mo\/wp-content\/uploads\/2022\/10\/default-post-thumbnail-ipim-logo.png","width":1024,"height":768,"caption":"IPIM"},"image":{"@id":"https:\/\/www.ipim.gov.mo\/zh-hans\/#\/schema\/logo\/image\/"}}]}},"author_meta":{"display_name":"admin","author_link":"https:\/\/www.ipim.gov.mo\/pt-pt\/author\/admin\/"},"featured_img":"https:\/\/www.ipim.gov.mo\/wp-content\/uploads\/2024\/07\/ipim-post-default-300x225.jpg","coauthors":[],"tax_additional":{"categories":{"linked":["<a href=\"https:\/\/www.ipim.gov.mo\/pt-pt\/category\/noticias-do-ipim\/\" class=\"advgb-post-tax-term\">Not\u00edcias do IPIM<\/a>"],"unlinked":["<span class=\"advgb-post-tax-term\">Not\u00edcias do IPIM<\/span>"]}},"comment_count":"0","relative_dates":{"created":"Posted 7 years ago","modified":"Updated 7 years ago"},"absolute_dates":{"created":"Posted on Maio 15, 2019","modified":"Updated on Maio 15, 2019"},"absolute_dates_time":{"created":"Posted on Maio 15, 2019 10:16 pm","modified":"Updated on Maio 15, 2019 10:16 pm"},"featured_img_caption":"","series_order":"","_links":{"self":[{"href":"https:\/\/www.ipim.gov.mo\/pt-pt\/wp-json\/wp\/v2\/posts\/261559","targetHints":{"allow":["GET"]}}],"collection":[{"href":"https:\/\/www.ipim.gov.mo\/pt-pt\/wp-json\/wp\/v2\/posts"}],"about":[{"href":"https:\/\/www.ipim.gov.mo\/pt-pt\/wp-json\/wp\/v2\/types\/post"}],"author":[{"embeddable":true,"href":"https:\/\/www.ipim.gov.mo\/pt-pt\/wp-json\/wp\/v2\/users\/1"}],"replies":[{"embeddable":true,"href":"https:\/\/www.ipim.gov.mo\/pt-pt\/wp-json\/wp\/v2\/comments?post=261559"}],"version-history":[{"count":0,"href":"https:\/\/www.ipim.gov.mo\/pt-pt\/wp-json\/wp\/v2\/posts\/261559\/revisions"}],"wp:featuredmedia":[{"embeddable":true,"href":"https:\/\/www.ipim.gov.mo\/pt-pt\/wp-json\/wp\/v2\/media\/467868"}],"wp:attachment":[{"href":"https:\/\/www.ipim.gov.mo\/pt-pt\/wp-json\/wp\/v2\/media?parent=261559"}],"wp:term":[{"taxonomy":"category","embeddable":true,"href":"https:\/\/www.ipim.gov.mo\/pt-pt\/wp-json\/wp\/v2\/categories?post=261559"},{"taxonomy":"post_tag","embeddable":true,"href":"https:\/\/www.ipim.gov.mo\/pt-pt\/wp-json\/wp\/v2\/tags?post=261559"}],"curies":[{"name":"wp","href":"https:\/\/api.w.org\/{rel}","templated":true}]}}