{"id":261438,"date":"2019-05-10T19:29:00","date_gmt":"2019-05-10T11:29:00","guid":{"rendered":"https:\/\/www.ipim.gov.mo\/zh-hans\/?p=261438"},"modified":"2019-05-10T19:29:00","modified_gmt":"2019-05-10T11:29:00","slug":"20190509-foi-dado-inicio-a-30a-estacao-da-semana-dinamica-de-macau-em-guangzhou-guangdong-o-ipim-e-os-servicos-do-comercio-do-municipio-de-yunfu-assinaram-um-memoradum-de-participacao-conjunta-n","status":"publish","type":"post","link":"https:\/\/www.ipim.gov.mo\/pt-pt\/noticias-do-ipim\/20190509-foi-dado-inicio-a-30a-estacao-da-semana-dinamica-de-macau-em-guangzhou-guangdong-o-ipim-e-os-servicos-do-comercio-do-municipio-de-yunfu-assinaram-um-memoradum-de-participacao-conjunta-n\/","title":{"rendered":"[2019\/05\/09] Foi dado in\u00edcio \u00e0 30a Esta\u00e7\u00e3o da Semana Din\u00e2mica de Macau em Guangzhou, Guangdong  O IPIM e os Servi\u00e7os do Com\u00e9rcio do Munic\u00edpio de Yunfu assinaram um Memoradum de Participa\u00e7\u00e3o Conjunta na Coopera\u00e7\u00e3o Econ\u00f3mica e Comercial"},"content":{"rendered":"<p style=\"text-align:justify\">A \u201c30<sup>a<\/sup> Esta&ccedil;&atilde;o da Semana Din&acirc;mica de Macau em Guangzhou, Guangdong foi inaugurada hoje (dia 9) no Pavilh&atilde;o de Exposi&ccedil;&otilde;es da Feira de Cant&atilde;o. O evento obteve um grande reconhecimento por parte do Governo da RAEM, pelo Gabinete de Liga&ccedil;&atilde;o do Governo Central na RAEM e pelo Governo Popular do Munic&iacute;pio de Guangzhou. Foram integradas na presente esta&ccedil;&atilde;o, caracter&iacute;sticas de Guangzhou com base na experi&ecirc;ncia das 29 esta&ccedil;&otilde;es anteriores, organizando-se efectivamente em forma de exposi&ccedil;&atilde;o, com uma &aacute;rea exposicional de 5.000 m2 e mais de 200 stands padronizados, contando com cerca de 300 participantes das delega&ccedil;&otilde;es econ&oacute;micas e comerciais e expositores de Macau. Durante esse per&iacute;odo, foi realizada uma s&eacute;rie de actividades, tais como semin&aacute;rios de&nbsp; promo&ccedil;&atilde;o, bolsas de contacto, interc&acirc;mbio e visitas de estudo, feiras e exposi&ccedil;&otilde;es, e actua&ccedil;&otilde;es especiais com vista a refor&ccedil;ar a coopera&ccedil;&atilde;o com o Interior da China.<\/p>\n<p style=\"text-align:justify\">Durante o evento, o Instituto de Promo&ccedil;&atilde;o do Com&eacute;rcio e do Investimento de Macau (IPIM) e os Servi&ccedil;os do Com&eacute;rcio do Munic&iacute;pio de Yunfu assinaram um memoradum de participa&ccedil;&atilde;o conjunta na coopera&ccedil;&atilde;o econ&oacute;mica e comercial (adiante designado por \u201cmemoradum de coopera&ccedil;&atilde;o\u201d), para que possam complementar maximamente as vantagens de Yunfu e de Macau em termos da sua proximidade, recursos e ind&uacute;strias, visando o refor&ccedil;o da coopera&ccedil;&atilde;o econ&oacute;mica e comercial entre as duas partes.<\/p>\n<p style=\"text-align:justify\">Na cerim&oacute;nia de assinatura, em representan&ccedil;&atilde;o de Macau e de Yunfu, a Presidente Substituta do IPIM, Dra. Irene V. K. Lau e o Director dos Servi&ccedil;os do Com&eacute;rcio do Munic&iacute;pio de Yunfu, Dr. Chen Jinjin assinaram um \u201cMemorando de Coopera&ccedil;&atilde;o\u201d, sob o testemunho do Secret&aacute;rio para a Economia e Finan&ccedil;as da RAEM, Dr. Leong Vai Tac, do Director do Departamento para os Assuntos Econ&oacute;micos do Gabinete de Liga&ccedil;&atilde;o do Governo Popular Central na RAEM, Dr. Liu Bin, da Subdirectora do Departamento para os Assuntos Econ&oacute;micos do Gabinete de Liga&ccedil;&atilde;o do Governo Central na RAEM, Dra. Li Huaying, do Secret&aacute;rio do Comit&eacute; Municipal do Partido em Yunfu e Presidente da Assembleia Popular Municipal de Yunfu, Dr. Huang Hanbiao, do Vice-Secret&aacute;rio do Comit&eacute; Municipal do Partido e do Presidente Municipal, Dr. Wang Sheng e do Presidente da Confer&ecirc;ncia Consultiva Pol&iacute;tica, Dr. Huang Dahui.<\/p>\n<p style=\"text-align:justify\">O objectivo desta coopera&ccedil;&atilde;o consiste em implementar a estrat&eacute;gia nacional de desenvolvimento da Regi&atilde;o da Grande Ba&iacute;a\u2013Guangdong-Hong Kong-Macau e&nbsp; promover a coopera&ccedil;&atilde;o bilateral com vista a novos progressos em termos de amplitude e de profundidade, contribuindo, desta forma, para a constru&ccedil;&atilde;o conjunta segundo os novos padr&otilde;es de abertura e visando promover a constru&ccedil;&atilde;o nas diversas cidades da Regi&atilde;o da Grande Ba&iacute;a\u2013Guangdong-Hong Kong-Macau; incentivar as empresas a visitarem e participarem mutuamente em actividades econ&oacute;micas e comerciais e tirarem proveito das suas vantagens, com foco nas ind&uacute;strias de pedra, produtos agr&iacute;colas de especialidade e medicina tradicional chinesa enquanto as c&acirc;maras de com&eacute;rcio e as associa&ccedil;&otilde;es empresariais de Macau e Yunfu servir&atilde;o de plataforma para refor&ccedil;ar a fun&ccedil;&atilde;o de orienta&ccedil;&atilde;o de servi&ccedil;os das associa&ccedil;&otilde;es empresariais desempenhando efectivamente o papel de plataforma; trabalhar em conjunto para expandir os mercados dos pa&iacute;ses lus&oacute;fonos, desempenhando o papel de Macau como Plataforma para Servi&ccedil;os Comerciais entre a China e os Pa&iacute;ses de L&iacute;ngua Portuguesa e apoiar mutuamente na organiza&ccedil;&atilde;o de actividades de promo&ccedil;&atilde;o comercial e de investimento nos Pa&iacute;ses de L&iacute;ngua Portuguesa para promover conjuntamente entre as empresas dos dois territ&oacute;rios no com&eacute;rcio, investimento e interc&acirc;mbio com os Pa&iacute;ses de L&iacute;ngua Portuguesa, aproveitando as vantagens de com&eacute;rcio, das feiras e exposi&ccedil;&otilde;es e dos servi&ccedil;os financeiros caracter&iacute;sticos de Macau para promover a coopera&ccedil;&atilde;o comercial de bens e servi&ccedil;os entre Yunfu, Macau e os Pa&iacute;ses de L&iacute;ngua Portuguesa.<\/p>\n<div class=\"wp-caption alignnone\"><a href=\"https:\/\/www.gcs.gov.mo\/news\/p\/P19EI7LwzE\/l\" class=\"fancybox\"><img decoding=\"async\" class=\"size-large\" src=\"https:\/\/www.gcs.gov.mo\/news\/p\/P19EI7LwzE\/l\" alt=\"Cerim\u00f3nia de Inaugura\u00e7\u00e3o da 30a Esta\u00e7\u00e3o da Semana Din\u00e2mica de Macau em Guangzhou, Guangdong\" width=\"1024\"><\/a><\/p>\n<p class=\"wp-caption-text\">Cerim\u00f3nia de Inaugura\u00e7\u00e3o da 30a Esta\u00e7\u00e3o da Semana Din\u00e2mica de Macau em Guangzhou, Guangdong<\/p>\n<\/div>\n<div class=\"wp-caption alignnone\"><a href=\"https:\/\/www.gcs.gov.mo\/news\/p\/P19EIcZebo\/l\" class=\"fancybox\"><img decoding=\"async\" class=\"size-large\" src=\"https:\/\/www.gcs.gov.mo\/news\/p\/P19EIcZebo\/l\" alt=\"O Instituto de Promo\u00e7\u00e3o do Com\u00e9rcio e do Investimento de Macau (IPIM) e os Servi\u00e7os do Com\u00e9rcio do Munic\u00edpio de Yunfu assinaram um memoradum de participa\u00e7\u00e3o conjunta na coopera\u00e7\u00e3o econ\u00f3mica e comercial em Guangzhou\" width=\"1024\"><\/a><\/p>\n<p class=\"wp-caption-text\">O Instituto de Promo\u00e7\u00e3o do Com\u00e9rcio e do Investimento de Macau (IPIM) e os Servi\u00e7os do Com\u00e9rcio do Munic\u00edpio de Yunfu assinaram um memoradum de participa\u00e7\u00e3o conjunta na coopera\u00e7\u00e3o econ\u00f3mica e comercial em Guangzhou<\/p>\n<\/div>\n","protected":false},"excerpt":{"rendered":"<p>A \u201c30a Esta&ccedil;&atilde;o da Semana Din&acirc;mica de Macau em Guangzhou, Guangdong foi inaugurada hoje (dia 9) no Pavilh&atilde;o de Exposi&ccedil;&otilde;es da Feira de Cant&atilde;o. O [&hellip;]<\/p>\n","protected":false},"author":1,"featured_media":467868,"comment_status":"closed","ping_status":"closed","sticky":false,"template":"","format":"standard","meta":{"_acf_changed":false,"inline_featured_image":false,"advgb_blocks_editor_width":"","advgb_blocks_columns_visual_guide":"","footnotes":""},"categories":[12],"tags":[],"class_list":["post-261438","post","type-post","status-publish","format-standard","has-post-thumbnail","hentry","category-noticias-do-ipim"],"acf":[],"yoast_head":"<!-- This site is optimized with the Yoast SEO plugin v26.2 - https:\/\/yoast.com\/wordpress\/plugins\/seo\/ -->\r\n<title>[2019\/05\/09] Foi dado in\u00edcio \u00e0 30a Esta\u00e7\u00e3o da Semana Din\u00e2mica de Macau em Guangzhou, Guangdong O IPIM e os Servi\u00e7os do Com\u00e9rcio do Munic\u00edpio de Yunfu assinaram um Memoradum de Participa\u00e7\u00e3o Conjunta na Coopera\u00e7\u00e3o Econ\u00f3mica e Comercial | Commerce and Investment Promotion Institute<\/title>\r\n<meta name=\"robots\" content=\"index, follow, max-snippet:-1, max-image-preview:large, max-video-preview:-1\" \/>\r\n<link rel=\"canonical\" href=\"https:\/\/www.ipim.gov.mo\/pt-pt\/noticias-do-ipim\/20190509-foi-dado-inicio-a-30a-estacao-da-semana-dinamica-de-macau-em-guangzhou-guangdong-o-ipim-e-os-servicos-do-comercio-do-municipio-de-yunfu-assinaram-um-memoradum-de-participacao-conjunta-n\/\" \/>\r\n<meta property=\"og:locale\" content=\"pt_PT\" \/>\r\n<meta property=\"og:type\" content=\"article\" \/>\r\n<meta property=\"og:title\" content=\"[2019\/05\/09] Foi dado in\u00edcio \u00e0 30a Esta\u00e7\u00e3o da Semana Din\u00e2mica de Macau em Guangzhou, Guangdong O IPIM e os Servi\u00e7os do Com\u00e9rcio do Munic\u00edpio de Yunfu assinaram um Memoradum de Participa\u00e7\u00e3o Conjunta na Coopera\u00e7\u00e3o Econ\u00f3mica e Comercial | Commerce and Investment Promotion Institute\" \/>\r\n<meta property=\"og:description\" content=\"A \u201c30a Esta&ccedil;&atilde;o da Semana Din&acirc;mica de Macau em Guangzhou, Guangdong foi inaugurada hoje (dia 9) no Pavilh&atilde;o de Exposi&ccedil;&otilde;es da Feira de Cant&atilde;o. O [&hellip;]\" \/>\r\n<meta property=\"og:url\" content=\"https:\/\/www.ipim.gov.mo\/pt-pt\/noticias-do-ipim\/20190509-foi-dado-inicio-a-30a-estacao-da-semana-dinamica-de-macau-em-guangzhou-guangdong-o-ipim-e-os-servicos-do-comercio-do-municipio-de-yunfu-assinaram-um-memoradum-de-participacao-conjunta-n\/\" \/>\r\n<meta property=\"og:site_name\" content=\"Commerce and Investment Promotion Institute\" \/>\r\n<meta property=\"article:published_time\" content=\"2019-05-10T11:29:00+00:00\" \/>\r\n<meta property=\"og:image\" content=\"https:\/\/www.ipim.gov.mo\/wp-content\/uploads\/2024\/07\/ipim-post-default.jpg\" \/>\r\n\t<meta property=\"og:image:width\" content=\"1024\" \/>\r\n\t<meta property=\"og:image:height\" content=\"768\" \/>\r\n\t<meta property=\"og:image:type\" content=\"image\/jpeg\" \/>\r\n<meta name=\"author\" content=\"admin\" \/>\r\n<meta name=\"twitter:card\" content=\"summary_large_image\" \/>\r\n<meta name=\"twitter:label1\" content=\"Written by\" \/>\n\t<meta name=\"twitter:data1\" content=\"admin\" \/>\n\t<meta name=\"twitter:label2\" content=\"Est. reading time\" \/>\n\t<meta name=\"twitter:data2\" content=\"4 minutes\" \/>\r\n<script type=\"application\/ld+json\" class=\"yoast-schema-graph\">{\"@context\":\"https:\/\/schema.org\",\"@graph\":[{\"@type\":\"WebPage\",\"@id\":\"https:\/\/www.ipim.gov.mo\/pt-pt\/noticias-do-ipim\/20190509-foi-dado-inicio-a-30a-estacao-da-semana-dinamica-de-macau-em-guangzhou-guangdong-o-ipim-e-os-servicos-do-comercio-do-municipio-de-yunfu-assinaram-um-memoradum-de-participacao-conjunta-n\/\",\"url\":\"https:\/\/www.ipim.gov.mo\/pt-pt\/noticias-do-ipim\/20190509-foi-dado-inicio-a-30a-estacao-da-semana-dinamica-de-macau-em-guangzhou-guangdong-o-ipim-e-os-servicos-do-comercio-do-municipio-de-yunfu-assinaram-um-memoradum-de-participacao-conjunta-n\/\",\"name\":\"[2019\/05\/09] Foi dado in\u00edcio \u00e0 30a Esta\u00e7\u00e3o da Semana Din\u00e2mica de Macau em Guangzhou, Guangdong O IPIM e os Servi\u00e7os do Com\u00e9rcio do Munic\u00edpio de Yunfu assinaram um Memoradum de Participa\u00e7\u00e3o Conjunta na Coopera\u00e7\u00e3o Econ\u00f3mica e Comercial | Commerce and Investment Promotion Institute\",\"isPartOf\":{\"@id\":\"https:\/\/www.ipim.gov.mo\/zh-hans\/#website\"},\"primaryImageOfPage\":{\"@id\":\"https:\/\/www.ipim.gov.mo\/pt-pt\/noticias-do-ipim\/20190509-foi-dado-inicio-a-30a-estacao-da-semana-dinamica-de-macau-em-guangzhou-guangdong-o-ipim-e-os-servicos-do-comercio-do-municipio-de-yunfu-assinaram-um-memoradum-de-participacao-conjunta-n\/#primaryimage\"},\"image\":{\"@id\":\"https:\/\/www.ipim.gov.mo\/pt-pt\/noticias-do-ipim\/20190509-foi-dado-inicio-a-30a-estacao-da-semana-dinamica-de-macau-em-guangzhou-guangdong-o-ipim-e-os-servicos-do-comercio-do-municipio-de-yunfu-assinaram-um-memoradum-de-participacao-conjunta-n\/#primaryimage\"},\"thumbnailUrl\":\"https:\/\/www.ipim.gov.mo\/wp-content\/uploads\/2024\/07\/ipim-post-default.jpg\",\"datePublished\":\"2019-05-10T11:29:00+00:00\",\"breadcrumb\":{\"@id\":\"https:\/\/www.ipim.gov.mo\/pt-pt\/noticias-do-ipim\/20190509-foi-dado-inicio-a-30a-estacao-da-semana-dinamica-de-macau-em-guangzhou-guangdong-o-ipim-e-os-servicos-do-comercio-do-municipio-de-yunfu-assinaram-um-memoradum-de-participacao-conjunta-n\/#breadcrumb\"},\"inLanguage\":\"pt-PT\",\"potentialAction\":[{\"@type\":\"ReadAction\",\"target\":[\"https:\/\/www.ipim.gov.mo\/pt-pt\/noticias-do-ipim\/20190509-foi-dado-inicio-a-30a-estacao-da-semana-dinamica-de-macau-em-guangzhou-guangdong-o-ipim-e-os-servicos-do-comercio-do-municipio-de-yunfu-assinaram-um-memoradum-de-participacao-conjunta-n\/\"]}]},{\"@type\":\"ImageObject\",\"inLanguage\":\"pt-PT\",\"@id\":\"https:\/\/www.ipim.gov.mo\/pt-pt\/noticias-do-ipim\/20190509-foi-dado-inicio-a-30a-estacao-da-semana-dinamica-de-macau-em-guangzhou-guangdong-o-ipim-e-os-servicos-do-comercio-do-municipio-de-yunfu-assinaram-um-memoradum-de-participacao-conjunta-n\/#primaryimage\",\"url\":\"https:\/\/www.ipim.gov.mo\/wp-content\/uploads\/2024\/07\/ipim-post-default.jpg\",\"contentUrl\":\"https:\/\/www.ipim.gov.mo\/wp-content\/uploads\/2024\/07\/ipim-post-default.jpg\",\"width\":1024,\"height\":768},{\"@type\":\"BreadcrumbList\",\"@id\":\"https:\/\/www.ipim.gov.mo\/pt-pt\/noticias-do-ipim\/20190509-foi-dado-inicio-a-30a-estacao-da-semana-dinamica-de-macau-em-guangzhou-guangdong-o-ipim-e-os-servicos-do-comercio-do-municipio-de-yunfu-assinaram-um-memoradum-de-participacao-conjunta-n\/#breadcrumb\",\"itemListElement\":[{\"@type\":\"ListItem\",\"position\":1,\"name\":\"Home\",\"item\":\"https:\/\/www.ipim.gov.mo\/pt-pt\/\"},{\"@type\":\"ListItem\",\"position\":2,\"name\":\"[2019\/05\/09] Foi dado in\u00edcio \u00e0 30a Esta\u00e7\u00e3o da Semana Din\u00e2mica de Macau em Guangzhou, Guangdong O IPIM e os Servi\u00e7os do Com\u00e9rcio do Munic\u00edpio de Yunfu assinaram um Memoradum de Participa\u00e7\u00e3o Conjunta na Coopera\u00e7\u00e3o Econ\u00f3mica e Comercial\"}]},{\"@type\":\"WebSite\",\"@id\":\"https:\/\/www.ipim.gov.mo\/zh-hans\/#website\",\"url\":\"https:\/\/www.ipim.gov.mo\/zh-hans\/\",\"name\":\"Commerce and Investment Promotion Institute\",\"description\":\"Commerce and Investment Promotion Institute\",\"publisher\":{\"@id\":\"https:\/\/www.ipim.gov.mo\/zh-hans\/#organization\"},\"potentialAction\":[{\"@type\":\"SearchAction\",\"target\":{\"@type\":\"EntryPoint\",\"urlTemplate\":\"https:\/\/www.ipim.gov.mo\/zh-hans\/?s={search_term_string}\"},\"query-input\":{\"@type\":\"PropertyValueSpecification\",\"valueRequired\":true,\"valueName\":\"search_term_string\"}}],\"inLanguage\":\"pt-PT\"},{\"@type\":\"Organization\",\"@id\":\"https:\/\/www.ipim.gov.mo\/zh-hans\/#organization\",\"name\":\"IPIM\",\"url\":\"https:\/\/www.ipim.gov.mo\/zh-hans\/\",\"logo\":{\"@type\":\"ImageObject\",\"inLanguage\":\"pt-PT\",\"@id\":\"https:\/\/www.ipim.gov.mo\/zh-hans\/#\/schema\/logo\/image\/\",\"url\":\"https:\/\/www.ipim.gov.mo\/wp-content\/uploads\/2022\/10\/default-post-thumbnail-ipim-logo.png\",\"contentUrl\":\"https:\/\/www.ipim.gov.mo\/wp-content\/uploads\/2022\/10\/default-post-thumbnail-ipim-logo.png\",\"width\":1024,\"height\":768,\"caption\":\"IPIM\"},\"image\":{\"@id\":\"https:\/\/www.ipim.gov.mo\/zh-hans\/#\/schema\/logo\/image\/\"}}]}<\/script>\r\n<!-- \/ Yoast SEO plugin. -->","yoast_head_json":{"title":"[2019\/05\/09] Foi dado in\u00edcio \u00e0 30a Esta\u00e7\u00e3o da Semana Din\u00e2mica de Macau em Guangzhou, Guangdong O IPIM e os Servi\u00e7os do Com\u00e9rcio do Munic\u00edpio de Yunfu assinaram um Memoradum de Participa\u00e7\u00e3o Conjunta na Coopera\u00e7\u00e3o Econ\u00f3mica e Comercial | Commerce and Investment Promotion Institute","robots":{"index":"index","follow":"follow","max-snippet":"max-snippet:-1","max-image-preview":"max-image-preview:large","max-video-preview":"max-video-preview:-1"},"canonical":"https:\/\/www.ipim.gov.mo\/pt-pt\/noticias-do-ipim\/20190509-foi-dado-inicio-a-30a-estacao-da-semana-dinamica-de-macau-em-guangzhou-guangdong-o-ipim-e-os-servicos-do-comercio-do-municipio-de-yunfu-assinaram-um-memoradum-de-participacao-conjunta-n\/","og_locale":"pt_PT","og_type":"article","og_title":"[2019\/05\/09] Foi dado in\u00edcio \u00e0 30a Esta\u00e7\u00e3o da Semana Din\u00e2mica de Macau em Guangzhou, Guangdong O IPIM e os Servi\u00e7os do Com\u00e9rcio do Munic\u00edpio de Yunfu assinaram um Memoradum de Participa\u00e7\u00e3o Conjunta na Coopera\u00e7\u00e3o Econ\u00f3mica e Comercial | Commerce and Investment Promotion Institute","og_description":"A \u201c30a Esta&ccedil;&atilde;o da Semana Din&acirc;mica de Macau em Guangzhou, Guangdong foi inaugurada hoje (dia 9) no Pavilh&atilde;o de Exposi&ccedil;&otilde;es da Feira de Cant&atilde;o. O [&hellip;]","og_url":"https:\/\/www.ipim.gov.mo\/pt-pt\/noticias-do-ipim\/20190509-foi-dado-inicio-a-30a-estacao-da-semana-dinamica-de-macau-em-guangzhou-guangdong-o-ipim-e-os-servicos-do-comercio-do-municipio-de-yunfu-assinaram-um-memoradum-de-participacao-conjunta-n\/","og_site_name":"Commerce and Investment Promotion Institute","article_published_time":"2019-05-10T11:29:00+00:00","og_image":[{"width":1024,"height":768,"url":"https:\/\/www.ipim.gov.mo\/wp-content\/uploads\/2024\/07\/ipim-post-default.jpg","type":"image\/jpeg"}],"author":"admin","twitter_card":"summary_large_image","twitter_misc":{"Written by":"admin","Est. reading time":"4 minutes"},"schema":{"@context":"https:\/\/schema.org","@graph":[{"@type":"WebPage","@id":"https:\/\/www.ipim.gov.mo\/pt-pt\/noticias-do-ipim\/20190509-foi-dado-inicio-a-30a-estacao-da-semana-dinamica-de-macau-em-guangzhou-guangdong-o-ipim-e-os-servicos-do-comercio-do-municipio-de-yunfu-assinaram-um-memoradum-de-participacao-conjunta-n\/","url":"https:\/\/www.ipim.gov.mo\/pt-pt\/noticias-do-ipim\/20190509-foi-dado-inicio-a-30a-estacao-da-semana-dinamica-de-macau-em-guangzhou-guangdong-o-ipim-e-os-servicos-do-comercio-do-municipio-de-yunfu-assinaram-um-memoradum-de-participacao-conjunta-n\/","name":"[2019\/05\/09] Foi dado in\u00edcio \u00e0 30a Esta\u00e7\u00e3o da Semana Din\u00e2mica de Macau em Guangzhou, Guangdong O IPIM e os Servi\u00e7os do Com\u00e9rcio do Munic\u00edpio de Yunfu assinaram um Memoradum de Participa\u00e7\u00e3o Conjunta na Coopera\u00e7\u00e3o Econ\u00f3mica e Comercial | Commerce and Investment Promotion Institute","isPartOf":{"@id":"https:\/\/www.ipim.gov.mo\/zh-hans\/#website"},"primaryImageOfPage":{"@id":"https:\/\/www.ipim.gov.mo\/pt-pt\/noticias-do-ipim\/20190509-foi-dado-inicio-a-30a-estacao-da-semana-dinamica-de-macau-em-guangzhou-guangdong-o-ipim-e-os-servicos-do-comercio-do-municipio-de-yunfu-assinaram-um-memoradum-de-participacao-conjunta-n\/#primaryimage"},"image":{"@id":"https:\/\/www.ipim.gov.mo\/pt-pt\/noticias-do-ipim\/20190509-foi-dado-inicio-a-30a-estacao-da-semana-dinamica-de-macau-em-guangzhou-guangdong-o-ipim-e-os-servicos-do-comercio-do-municipio-de-yunfu-assinaram-um-memoradum-de-participacao-conjunta-n\/#primaryimage"},"thumbnailUrl":"https:\/\/www.ipim.gov.mo\/wp-content\/uploads\/2024\/07\/ipim-post-default.jpg","datePublished":"2019-05-10T11:29:00+00:00","breadcrumb":{"@id":"https:\/\/www.ipim.gov.mo\/pt-pt\/noticias-do-ipim\/20190509-foi-dado-inicio-a-30a-estacao-da-semana-dinamica-de-macau-em-guangzhou-guangdong-o-ipim-e-os-servicos-do-comercio-do-municipio-de-yunfu-assinaram-um-memoradum-de-participacao-conjunta-n\/#breadcrumb"},"inLanguage":"pt-PT","potentialAction":[{"@type":"ReadAction","target":["https:\/\/www.ipim.gov.mo\/pt-pt\/noticias-do-ipim\/20190509-foi-dado-inicio-a-30a-estacao-da-semana-dinamica-de-macau-em-guangzhou-guangdong-o-ipim-e-os-servicos-do-comercio-do-municipio-de-yunfu-assinaram-um-memoradum-de-participacao-conjunta-n\/"]}]},{"@type":"ImageObject","inLanguage":"pt-PT","@id":"https:\/\/www.ipim.gov.mo\/pt-pt\/noticias-do-ipim\/20190509-foi-dado-inicio-a-30a-estacao-da-semana-dinamica-de-macau-em-guangzhou-guangdong-o-ipim-e-os-servicos-do-comercio-do-municipio-de-yunfu-assinaram-um-memoradum-de-participacao-conjunta-n\/#primaryimage","url":"https:\/\/www.ipim.gov.mo\/wp-content\/uploads\/2024\/07\/ipim-post-default.jpg","contentUrl":"https:\/\/www.ipim.gov.mo\/wp-content\/uploads\/2024\/07\/ipim-post-default.jpg","width":1024,"height":768},{"@type":"BreadcrumbList","@id":"https:\/\/www.ipim.gov.mo\/pt-pt\/noticias-do-ipim\/20190509-foi-dado-inicio-a-30a-estacao-da-semana-dinamica-de-macau-em-guangzhou-guangdong-o-ipim-e-os-servicos-do-comercio-do-municipio-de-yunfu-assinaram-um-memoradum-de-participacao-conjunta-n\/#breadcrumb","itemListElement":[{"@type":"ListItem","position":1,"name":"Home","item":"https:\/\/www.ipim.gov.mo\/pt-pt\/"},{"@type":"ListItem","position":2,"name":"[2019\/05\/09] Foi dado in\u00edcio \u00e0 30a Esta\u00e7\u00e3o da Semana Din\u00e2mica de Macau em Guangzhou, Guangdong O IPIM e os Servi\u00e7os do Com\u00e9rcio do Munic\u00edpio de Yunfu assinaram um Memoradum de Participa\u00e7\u00e3o Conjunta na Coopera\u00e7\u00e3o Econ\u00f3mica e Comercial"}]},{"@type":"WebSite","@id":"https:\/\/www.ipim.gov.mo\/zh-hans\/#website","url":"https:\/\/www.ipim.gov.mo\/zh-hans\/","name":"Commerce and Investment Promotion Institute","description":"Commerce and Investment Promotion Institute","publisher":{"@id":"https:\/\/www.ipim.gov.mo\/zh-hans\/#organization"},"potentialAction":[{"@type":"SearchAction","target":{"@type":"EntryPoint","urlTemplate":"https:\/\/www.ipim.gov.mo\/zh-hans\/?s={search_term_string}"},"query-input":{"@type":"PropertyValueSpecification","valueRequired":true,"valueName":"search_term_string"}}],"inLanguage":"pt-PT"},{"@type":"Organization","@id":"https:\/\/www.ipim.gov.mo\/zh-hans\/#organization","name":"IPIM","url":"https:\/\/www.ipim.gov.mo\/zh-hans\/","logo":{"@type":"ImageObject","inLanguage":"pt-PT","@id":"https:\/\/www.ipim.gov.mo\/zh-hans\/#\/schema\/logo\/image\/","url":"https:\/\/www.ipim.gov.mo\/wp-content\/uploads\/2022\/10\/default-post-thumbnail-ipim-logo.png","contentUrl":"https:\/\/www.ipim.gov.mo\/wp-content\/uploads\/2022\/10\/default-post-thumbnail-ipim-logo.png","width":1024,"height":768,"caption":"IPIM"},"image":{"@id":"https:\/\/www.ipim.gov.mo\/zh-hans\/#\/schema\/logo\/image\/"}}]}},"author_meta":{"display_name":"admin","author_link":"https:\/\/www.ipim.gov.mo\/pt-pt\/author\/admin\/"},"featured_img":"https:\/\/www.ipim.gov.mo\/wp-content\/uploads\/2024\/07\/ipim-post-default-300x225.jpg","coauthors":[],"tax_additional":{"categories":{"linked":["<a href=\"https:\/\/www.ipim.gov.mo\/pt-pt\/category\/noticias-do-ipim\/\" class=\"advgb-post-tax-term\">Not\u00edcias do IPIM<\/a>"],"unlinked":["<span class=\"advgb-post-tax-term\">Not\u00edcias do IPIM<\/span>"]}},"comment_count":"0","relative_dates":{"created":"Posted 7 years ago","modified":"Updated 7 years ago"},"absolute_dates":{"created":"Posted on Maio 10, 2019","modified":"Updated on Maio 10, 2019"},"absolute_dates_time":{"created":"Posted on Maio 10, 2019 7:29 pm","modified":"Updated on Maio 10, 2019 7:29 pm"},"featured_img_caption":"","series_order":"","_links":{"self":[{"href":"https:\/\/www.ipim.gov.mo\/pt-pt\/wp-json\/wp\/v2\/posts\/261438","targetHints":{"allow":["GET"]}}],"collection":[{"href":"https:\/\/www.ipim.gov.mo\/pt-pt\/wp-json\/wp\/v2\/posts"}],"about":[{"href":"https:\/\/www.ipim.gov.mo\/pt-pt\/wp-json\/wp\/v2\/types\/post"}],"author":[{"embeddable":true,"href":"https:\/\/www.ipim.gov.mo\/pt-pt\/wp-json\/wp\/v2\/users\/1"}],"replies":[{"embeddable":true,"href":"https:\/\/www.ipim.gov.mo\/pt-pt\/wp-json\/wp\/v2\/comments?post=261438"}],"version-history":[{"count":0,"href":"https:\/\/www.ipim.gov.mo\/pt-pt\/wp-json\/wp\/v2\/posts\/261438\/revisions"}],"wp:featuredmedia":[{"embeddable":true,"href":"https:\/\/www.ipim.gov.mo\/pt-pt\/wp-json\/wp\/v2\/media\/467868"}],"wp:attachment":[{"href":"https:\/\/www.ipim.gov.mo\/pt-pt\/wp-json\/wp\/v2\/media?parent=261438"}],"wp:term":[{"taxonomy":"category","embeddable":true,"href":"https:\/\/www.ipim.gov.mo\/pt-pt\/wp-json\/wp\/v2\/categories?post=261438"},{"taxonomy":"post_tag","embeddable":true,"href":"https:\/\/www.ipim.gov.mo\/pt-pt\/wp-json\/wp\/v2\/tags?post=261438"}],"curies":[{"name":"wp","href":"https:\/\/api.w.org\/{rel}","templated":true}]}}