{"id":258943,"date":"2019-03-26T18:57:00","date_gmt":"2019-03-26T10:57:00","guid":{"rendered":"https:\/\/www.ipim.gov.mo\/zh-hant\/ipim-news-zh-hant\/20190326-miecf-2019-contribui-para-a-construcao-de-uma-civilizacao-ecologica-e-promocao-de-um-desenvolvimento-sustentavel\/"},"modified":"2019-03-26T18:57:00","modified_gmt":"2019-03-26T10:57:00","slug":"20190326-miecf-2019-contribui-para-a-construcao-de-uma-civilizacao-ecologica-e-promocao-de-um-desenvolvimento-sustentavel","status":"publish","type":"post","link":"https:\/\/www.ipim.gov.mo\/pt-pt\/noticias-do-ipim\/20190326-miecf-2019-contribui-para-a-construcao-de-uma-civilizacao-ecologica-e-promocao-de-um-desenvolvimento-sustentavel\/","title":{"rendered":"[2019\/03\/26] MIECF 2019 contribui para a constru\u00e7\u00e3o de uma civiliza\u00e7\u00e3o ecol\u00f3gica e promo\u00e7\u00e3o de um desenvolvimento sustent\u00e1vel"},"content":{"rendered":"<p style=\"text-align:justify\">Tendo como tema \u201cRumo a uma Civiliza&ccedil;&atilde;o Ecol&oacute;gica e ao Desenvolvimento Sustent&aacute;vel\u201d, o F&oacute;rum e Exposi&ccedil;&atilde;o Internacional de Coopera&ccedil;&atilde;o Ambiental de Macau (MIECF, na sigla inglesa), organizado pelo Governo da Regi&atilde;o Administrativa Especial de Macau (RAEM), decorrer&aacute; entre 28 e 30 de Mar&ccedil;o, no <em>Venetian Macao<\/em>. Mais de 500 expositores, provenientes de cerca de<strong> <\/strong>20 pa&iacute;ses e regi&otilde;es, participam, este ano, no evento. Paralelamente, o \u201cF&oacute;rum Verde\u201d continuar&aacute; a desempenhar o papel de promotor de troca de informa&ccedil;&otilde;es sobre o desenvolvimento da &aacute;rea da protec&ccedil;&atilde;o ambiental inter-regional, sendo realizados oito f&oacute;runs e uma sess&atilde;o especial com a presen&ccedil;a do orador principal. No total, cerca de &nbsp;70 oradores, oriundos de diferentes pa&iacute;ses e regi&otilde;es, marcam presen&ccedil;a, para debater temas como o rumo da civiliza&ccedil;&atilde;o a n&iacute;vel ecol&oacute;gico e das finan&ccedil;as sustent&aacute;veis, entre outros assuntos de caracter ambiental a n&iacute;vel internacional.<\/p>\n<p style=\"text-align:justify\">O MIECF 2019 tem como entidades especiais de apoio: a Comiss&atilde;o Nacional para o Desenvolvimento e Reforma, o Minist&eacute;rio da Ci&ecirc;ncia e Tecnologia, o Minist&eacute;rio da Ind&uacute;stria e Tecnologias da Informa&ccedil;&atilde;o e o Minist&eacute;rio da Ecologia Ambiente da RPC; como entidades co-organizadoras: os governos das prov&iacute;ncias e regi&otilde;es que integram o Pan-Delta do Rio das P&eacute;rolas; e como entidades coordenadoras: o Instituto de Promo&ccedil;&atilde;o do Com&eacute;rcio e do Investimento de Macau e a Direc&ccedil;&atilde;o dos Servi&ccedil;os de Protec&ccedil;&atilde;o Ambiental de Macau. Este ano, continuar&aacute; a servir como plataforma \u201cverde\u201d a n&iacute;vel internacional, em linha com a iniciativa \u201cUma Faixa, Uma Rota\u201d e com o objectivo de promover ainda mais a coopera&ccedil;&atilde;o dentro do Pan-Delta do Rio das P&eacute;rolas, de concretizar as Linhas Gerais do Planeamento para o Desenvolvimento da Grande Ba&iacute;a Guangdong-Hong Kong-Macau e de aproveitar o papel de Macau enquanto plataforma entre a China e os Pa&iacute;ses de L&iacute;ngua Portuguesa, visa-se fomentar o interc&acirc;mbio e a coopera&ccedil;&atilde;o no &acirc;mbito da protec&ccedil;&atilde;o ambiental, entre organismos governamentais, ind&uacute;strias, universidades, institutos de investiga&ccedil;&atilde;o, utilizadores e servi&ccedil;os financeiros, bem como, apoiar as empresas a procurarem mais oportunidades.<\/p>\n<p style=\"text-align:justify\"><strong>Explora&ccedil;&atilde;o conjunta de uma Economia Verde<\/strong><\/p>\n<p style=\"text-align:justify\">Enquanto uma plataforma de grande import&acirc;ncia internacional, o MIECF acolhe, entre 28 e 29 de Mar&ccedil;o, o \u201cF&oacute;rum Verde\u201d e a \u201cMostra Verde\u201d, atrav&eacute;s de oito f&oacute;runs e uma sess&atilde;o especial com a presen&ccedil;a do orador principal, o fundador da <em>New Energy Finance<\/em>, antigo presidente e membro s&eacute;nior do Conselho Consultivo da <em>Bloomberg New Energy Finance<\/em> e presidente e director-executivo da <em>Liebreich Associates<\/em>, Michael Liebreich que ir&aacute; proferir um discurso na cerim&oacute;nia de abertura do evento, voltado para formas como a Economia Verde e a actualiza&ccedil;&atilde;o da ind&uacute;stria poder&atilde;o contribuir para o desenvolvimento sustent&aacute;vel da cidade. Ir&aacute; tamb&eacute;m apresentar as suas perspectivas acerca do tema \u201cAs Novas Tend&ecirc;ncias da Ind&uacute;stria Ambiental\u201d na sess&atilde;o especial, marcada para o dia 29 de Mar&ccedil;o, onde ter&aacute; ainda oportunidade de interagir com os participantes.<\/p>\n<p style=\"text-align:justify\">Al&eacute;m disso, as v&aacute;rias sess&otilde;es ter&atilde;o como oradores cerca de 70 pioneiros ambientais, l&iacute;deres de empresas multinacionais e criadores de pol&iacute;ticas, provenientes de setes pa&iacute;ses e regi&otilde;es, nomeadamente, da China interior, Pa&iacute;ses Baixos, Portugal, Timor-Leste, Reino Unido, Hong Kong e Macau. Partindo de temas como \u201cRumo a uma Civiliza&ccedil;&atilde;o Ecol&oacute;gica e ao Desenvolvimento Sustent&aacute;vel\u201d, \u201cDesenvolvimento da Energia Sustent&aacute;vel\u201d, \u201cTratamento Urbano da &Aacute;gua\u201d, \u201cFinan&ccedil;as Sustent&aacute;veis\u201d, entre outros, os oradores ir&atilde;o partilhar as pol&iacute;ticas mais recentes, as estrat&eacute;gias empresariais, as tend&ecirc;ncias industriais, etc.<\/p>\n<p style=\"text-align:justify\">Durante o \u201cDia de Coopera&ccedil;&atilde;o Empresarial Verde\u201d, que decorrer&aacute; no primeiro dia do MIECF (28 de Mar&ccedil;o), ter&atilde;o lugar um f&oacute;rum e um interc&acirc;mbio sobre oportunidades de neg&oacute;cio. Este f&oacute;rum tem como tema \u201cNovas Oportunidades na \u2018Grande Ba&iacute;a Ecol&oacute;gica\u2019 \u2013 Constru&ccedil;&atilde;o de Uma Cidade de Energia Verde\u201d, pondo o foco de discuss&atilde;o no desenvolvimento da energia e das finan&ccedil;as de forma sustent&aacute;vel na Grande Ba&iacute;a Guangdong-Hong Kong-Macau e nos pa&iacute;ses de L&iacute;ngua Portuguesa. Na Sess&atilde;o sobre a Regi&atilde;o do Pan-Delta do Rio das P&eacute;rolas, realizada na tarde de 29 de Mar&ccedil;o, os delegados da \u201cMiss&atilde;o Empresarial da Regi&atilde;o do Pan-Delta do Rio das P&eacute;rolas a Portugal e Luxemburgo\u201d, organizada anteriormente pelo Governo da RAEM, ser&atilde;o convidados a partilhar as suas experi&ecirc;ncias e os resultados alcan&ccedil;ados nesta visita. De igual modo, os representantes do Pan-Delta do Rio das P&eacute;rolas tamb&eacute;m v&atilde;o descrever o desenvolvimento da ind&uacute;stria da protec&ccedil;&atilde;o ambiental e abordar o tema \u201cCria&ccedil;&atilde;o de Valores Verdes com a Civiliza&ccedil;&atilde;o Ecol&oacute;gica\u201d.<\/p>\n<p style=\"text-align:justify\"><strong>Instala&ccedil;&atilde;o da primeira Zona de Inova&ccedil;&atilde;o Verde <\/strong><\/p>\n<p style=\"text-align:justify\">O MIECF 2019 ocupa uma &aacute;rea total de exposi&ccedil;&atilde;o de mais de 16.900 metros quadrados, contando com a participa&ccedil;&atilde;o de mais de 500 expositores, provenientes, sobretudo da China interior, de pa&iacute;ses ao longo da iniciativa \u201cUma Faixa, Uma Rota\u201d, de pa&iacute;ses europeus e pa&iacute;ses de L&iacute;ngua Portuguesa. Neste evento, ser&atilde;o apresentadas, principalmente, solu&ccedil;&otilde;es ambientais destinadas a atenuar a polui&ccedil;&atilde;o do ar, da &aacute;gua e do solo, bem como, a constru&ccedil;&atilde;o de cidades mais ecol&oacute;gicas. Al&eacute;m disso, este ano, ser&aacute; acrescentada a Zona de Inova&ccedil;&atilde;o Verde, dedicada a exposi&ccedil;&otilde;es e a actividades de interc&acirc;mbio sobre tecnologias inovadoras e promover a aplica&ccedil;&atilde;o e o interc&acirc;mbio das novas tecnologias na &aacute;rea da protec&ccedil;&atilde;o ambiental.<\/p>\n<p style=\"text-align:justify\">Al&eacute;m disso, no intuito de alinhar com um princ&iacute;pio de coopera&ccedil;&atilde;o na &aacute;rea da protec&ccedil;&atilde;o ambiental e desenvolvimento sustent&aacute;vel da Grande Ba&iacute;a Guangdong-Hong Kong-Macau a &aacute;rea da zona especial ser&aacute; expandida para a promo&ccedil;&atilde;o de produtos e servi&ccedil;os \u201camigos\u201d do ambiente na regi&atilde;o. Esta zona exibir&aacute; ainda os produtos e servi&ccedil;os de v&aacute;rias empresas pioneiras no &acirc;mbito da protec&ccedil;&atilde;o ambiental em Zhuhai, Shenzhen, Foshan, Zhongshan, entre outras cidades, de modo a aprofundar a coopera&ccedil;&atilde;o ambiental na Grande Ba&iacute;a. Por sua vez, o pavilh&atilde;o dedicado &agrave; constru&ccedil;&atilde;o sustent&aacute;vel apresenta em exposi&ccedil;&atilde;o, as t&eacute;cnicas e produtos sustent&aacute;veis que permitam ao sector da constru&ccedil;&atilde;o escolher parceiros profissionais mais apropriados.<\/p>\n<p style=\"text-align:justify\">De acordo o tema \u201cInova&ccedil;&atilde;o no Investimento Verde\u201d a n&iacute;vel mundial, o MIECF acrescentar&aacute; uma sess&atilde;o de interc&acirc;mbio, no sentido de promover projectos de investimento e de desenvolvimento na Grande Ba&iacute;a Guangdong-Hong Kong-Macau. Em paralelo, ser&atilde;o realizadas, visitas guiadas com representantes de entidades governamentais e bolsas de contacto onde ter&atilde;o oportunidade de se reunirem com as c&acirc;maras de com&eacute;rcio presentes e outros participantes. Com vista a aprofundar a interac&ccedil;&atilde;o entre os v&aacute;rios expositores e os departamentos governamentais, o MIECF ir&aacute; organizar uma sess&atilde;o de apresenta&ccedil;&atilde;o de produtos locais no &acirc;mbito da protec&ccedil;&atilde;o ambiental, na qual, v&aacute;rias associa&ccedil;&otilde;es de Macau do sector ir&atilde;o apresentar os seus membros, bem como, produtos e servi&ccedil;os, de forma a permitir difundirem mais informa&ccedil;&otilde;es.<\/p>\n<p style=\"text-align:justify\">O &uacute;ltimo dia (30 de Mar&ccedil;o) ser&aacute; o \u201cDia Verde do P&uacute;blico\u201d, para permitir visitar as v&aacute;rias exposi&ccedil;&otilde;es e conhecer o desenvolvimento na &aacute;rea da protec&ccedil;&atilde;o ambiental a n&iacute;vel mundial assim como as informa&ccedil;&otilde;es e t&eacute;cnicas relevantes mais recentes. No recinto, ser&aacute; ainda realizado um conjunto de actividades de divulga&ccedil;&atilde;o e sensibiliza&ccedil;&atilde;o com vista a contribuir para uma maior consciencializa&ccedil;&atilde;o e pr&aacute;tica activa de um dia-a-dia mais amigo do ambiente.<\/p>\n<p style=\"text-align:justify\">A fim de incentivar o transporte ecol&oacute;gico, a organiza&ccedil;&atilde;o ter&aacute; &agrave; disposi&ccedil;&atilde;o dos visitantes servi&ccedil;os de autocarros gratuitos entre o recinto, localizado no <em>Venetian Macao<\/em> e diversas zonas da cidade, nomeadamente, o centro de Macau, a zona norte e a Taipa. Para mais informa&ccedil;&atilde;o, consulte a p&aacute;gina electr&oacute;nica http:\/\/www.macaomiecf.com. Al&eacute;m disso, &eacute; estabelecida uma zona de estacionamento no Pavilh&atilde;o D do evento, e os lugares de estacionamento s&atilde;o limitados e atribu&iacute;dos pela ordem de chegada. Todos os residentes, familiares e amigos est&atilde;o convidados a comparecerem neste evento internacional, no &acirc;mbito da protec&ccedil;&atilde;o ambiental.<\/p>\n<p style=\"text-align:justify\">Em 2011, o MIECF foi acreditado pela UFI \u2013 Associa&ccedil;&atilde;o Global da Ind&uacute;stria de Exposi&ccedil;&otilde;es \u2013 e, em 2017, distinguido com o Pr&eacute;mio de Excel&ecirc;ncia para Confer&ecirc;ncias e Exposi&ccedil;&otilde;es de Macau. Ao longo do tempo, a organiza&ccedil;&atilde;o tem procurado aperfei&ccedil;oar e optimizar os servi&ccedil;os de apoio onde, nos &uacute;ltimos onze anos, foram assinadas, 320 cartas de inten&ccedil;&atilde;o e contratos, o que demonstra, o papel deste evento enquanto uma plataforma profissional sustent&aacute;vel na &aacute;rea da protec&ccedil;&atilde;o ambiental a n&iacute;vel internacional.<\/p>\n<div class=\"wp-caption alignnone\"><a href=\"https:\/\/www.gcs.gov.mo\/news\/p\/P19CZgMBE2\/l\" class=\"fancybox\"><img decoding=\"async\" class=\"size-large\" src=\"https:\/\/www.gcs.gov.mo\/news\/p\/P19CZgMBE2\/l\" alt=\"A confer\u00eancia de imprensa do F\u00f3rum e Exposi\u00e7\u00e3o Internacional de Coopera\u00e7\u00e3o Ambiental de Macau 2019 realizada a 26 de Mar\u00e7o\" width=\"1024\"><\/a><\/p>\n<p class=\"wp-caption-text\">A confer\u00eancia de imprensa do F\u00f3rum e Exposi\u00e7\u00e3o Internacional de Coopera\u00e7\u00e3o Ambiental de Macau 2019 realizada a 26 de Mar\u00e7o<\/p>\n<\/div>\n","protected":false},"excerpt":{"rendered":"<p>Tendo como tema \u201cRumo a uma Civiliza&ccedil;&atilde;o Ecol&oacute;gica e ao Desenvolvimento Sustent&aacute;vel\u201d, o F&oacute;rum e Exposi&ccedil;&atilde;o Internacional de Coopera&ccedil;&atilde;o Ambiental de Macau (MIECF, na sigla [&hellip;]<\/p>\n","protected":false},"author":1,"featured_media":467868,"comment_status":"closed","ping_status":"closed","sticky":false,"template":"","format":"standard","meta":{"_acf_changed":false,"inline_featured_image":false,"advgb_blocks_editor_width":"","advgb_blocks_columns_visual_guide":"","footnotes":""},"categories":[12],"tags":[],"class_list":["post-258943","post","type-post","status-publish","format-standard","has-post-thumbnail","hentry","category-noticias-do-ipim"],"acf":[],"yoast_head":"<!-- This site is optimized with the Yoast SEO plugin v26.2 - https:\/\/yoast.com\/wordpress\/plugins\/seo\/ -->\r\n<title>[2019\/03\/26] MIECF 2019 contribui para a constru\u00e7\u00e3o de uma civiliza\u00e7\u00e3o ecol\u00f3gica e promo\u00e7\u00e3o de um desenvolvimento sustent\u00e1vel | Commerce and Investment Promotion Institute<\/title>\r\n<meta name=\"robots\" content=\"index, follow, max-snippet:-1, max-image-preview:large, max-video-preview:-1\" \/>\r\n<link rel=\"canonical\" href=\"https:\/\/www.ipim.gov.mo\/pt-pt\/noticias-do-ipim\/20190326-miecf-2019-contribui-para-a-construcao-de-uma-civilizacao-ecologica-e-promocao-de-um-desenvolvimento-sustentavel\/\" \/>\r\n<meta property=\"og:locale\" content=\"pt_PT\" \/>\r\n<meta property=\"og:type\" content=\"article\" \/>\r\n<meta property=\"og:title\" content=\"[2019\/03\/26] MIECF 2019 contribui para a constru\u00e7\u00e3o de uma civiliza\u00e7\u00e3o ecol\u00f3gica e promo\u00e7\u00e3o de um desenvolvimento sustent\u00e1vel | Commerce and Investment Promotion Institute\" \/>\r\n<meta property=\"og:description\" content=\"Tendo como tema \u201cRumo a uma Civiliza&ccedil;&atilde;o Ecol&oacute;gica e ao Desenvolvimento Sustent&aacute;vel\u201d, o F&oacute;rum e Exposi&ccedil;&atilde;o Internacional de Coopera&ccedil;&atilde;o Ambiental de Macau (MIECF, na sigla [&hellip;]\" \/>\r\n<meta property=\"og:url\" content=\"https:\/\/www.ipim.gov.mo\/pt-pt\/noticias-do-ipim\/20190326-miecf-2019-contribui-para-a-construcao-de-uma-civilizacao-ecologica-e-promocao-de-um-desenvolvimento-sustentavel\/\" \/>\r\n<meta property=\"og:site_name\" content=\"Commerce and Investment Promotion Institute\" \/>\r\n<meta property=\"article:published_time\" content=\"2019-03-26T10:57:00+00:00\" \/>\r\n<meta property=\"og:image\" content=\"https:\/\/www.ipim.gov.mo\/wp-content\/uploads\/2024\/07\/ipim-post-default.jpg\" \/>\r\n\t<meta property=\"og:image:width\" content=\"1024\" \/>\r\n\t<meta property=\"og:image:height\" content=\"768\" \/>\r\n\t<meta property=\"og:image:type\" content=\"image\/jpeg\" \/>\r\n<meta name=\"author\" content=\"admin\" \/>\r\n<meta name=\"twitter:card\" content=\"summary_large_image\" \/>\r\n<meta name=\"twitter:label1\" content=\"Written by\" \/>\n\t<meta name=\"twitter:data1\" content=\"admin\" \/>\n\t<meta name=\"twitter:label2\" content=\"Est. reading time\" \/>\n\t<meta name=\"twitter:data2\" content=\"9 minutes\" \/>\r\n<script type=\"application\/ld+json\" class=\"yoast-schema-graph\">{\"@context\":\"https:\/\/schema.org\",\"@graph\":[{\"@type\":\"WebPage\",\"@id\":\"https:\/\/www.ipim.gov.mo\/pt-pt\/noticias-do-ipim\/20190326-miecf-2019-contribui-para-a-construcao-de-uma-civilizacao-ecologica-e-promocao-de-um-desenvolvimento-sustentavel\/\",\"url\":\"https:\/\/www.ipim.gov.mo\/pt-pt\/noticias-do-ipim\/20190326-miecf-2019-contribui-para-a-construcao-de-uma-civilizacao-ecologica-e-promocao-de-um-desenvolvimento-sustentavel\/\",\"name\":\"[2019\/03\/26] MIECF 2019 contribui para a constru\u00e7\u00e3o de uma civiliza\u00e7\u00e3o ecol\u00f3gica e promo\u00e7\u00e3o de um desenvolvimento sustent\u00e1vel | Commerce and Investment Promotion Institute\",\"isPartOf\":{\"@id\":\"https:\/\/www.ipim.gov.mo\/zh-hans\/#website\"},\"primaryImageOfPage\":{\"@id\":\"https:\/\/www.ipim.gov.mo\/pt-pt\/noticias-do-ipim\/20190326-miecf-2019-contribui-para-a-construcao-de-uma-civilizacao-ecologica-e-promocao-de-um-desenvolvimento-sustentavel\/#primaryimage\"},\"image\":{\"@id\":\"https:\/\/www.ipim.gov.mo\/pt-pt\/noticias-do-ipim\/20190326-miecf-2019-contribui-para-a-construcao-de-uma-civilizacao-ecologica-e-promocao-de-um-desenvolvimento-sustentavel\/#primaryimage\"},\"thumbnailUrl\":\"https:\/\/www.ipim.gov.mo\/wp-content\/uploads\/2024\/07\/ipim-post-default.jpg\",\"datePublished\":\"2019-03-26T10:57:00+00:00\",\"breadcrumb\":{\"@id\":\"https:\/\/www.ipim.gov.mo\/pt-pt\/noticias-do-ipim\/20190326-miecf-2019-contribui-para-a-construcao-de-uma-civilizacao-ecologica-e-promocao-de-um-desenvolvimento-sustentavel\/#breadcrumb\"},\"inLanguage\":\"pt-PT\",\"potentialAction\":[{\"@type\":\"ReadAction\",\"target\":[\"https:\/\/www.ipim.gov.mo\/pt-pt\/noticias-do-ipim\/20190326-miecf-2019-contribui-para-a-construcao-de-uma-civilizacao-ecologica-e-promocao-de-um-desenvolvimento-sustentavel\/\"]}]},{\"@type\":\"ImageObject\",\"inLanguage\":\"pt-PT\",\"@id\":\"https:\/\/www.ipim.gov.mo\/pt-pt\/noticias-do-ipim\/20190326-miecf-2019-contribui-para-a-construcao-de-uma-civilizacao-ecologica-e-promocao-de-um-desenvolvimento-sustentavel\/#primaryimage\",\"url\":\"https:\/\/www.ipim.gov.mo\/wp-content\/uploads\/2024\/07\/ipim-post-default.jpg\",\"contentUrl\":\"https:\/\/www.ipim.gov.mo\/wp-content\/uploads\/2024\/07\/ipim-post-default.jpg\",\"width\":1024,\"height\":768},{\"@type\":\"BreadcrumbList\",\"@id\":\"https:\/\/www.ipim.gov.mo\/pt-pt\/noticias-do-ipim\/20190326-miecf-2019-contribui-para-a-construcao-de-uma-civilizacao-ecologica-e-promocao-de-um-desenvolvimento-sustentavel\/#breadcrumb\",\"itemListElement\":[{\"@type\":\"ListItem\",\"position\":1,\"name\":\"Home\",\"item\":\"https:\/\/www.ipim.gov.mo\/pt-pt\/\"},{\"@type\":\"ListItem\",\"position\":2,\"name\":\"[2019\/03\/26] MIECF 2019 contribui para a constru\u00e7\u00e3o de uma civiliza\u00e7\u00e3o ecol\u00f3gica e promo\u00e7\u00e3o de um desenvolvimento sustent\u00e1vel\"}]},{\"@type\":\"WebSite\",\"@id\":\"https:\/\/www.ipim.gov.mo\/zh-hans\/#website\",\"url\":\"https:\/\/www.ipim.gov.mo\/zh-hans\/\",\"name\":\"Commerce and Investment Promotion Institute\",\"description\":\"Commerce and Investment Promotion Institute\",\"publisher\":{\"@id\":\"https:\/\/www.ipim.gov.mo\/zh-hans\/#organization\"},\"potentialAction\":[{\"@type\":\"SearchAction\",\"target\":{\"@type\":\"EntryPoint\",\"urlTemplate\":\"https:\/\/www.ipim.gov.mo\/zh-hans\/?s={search_term_string}\"},\"query-input\":{\"@type\":\"PropertyValueSpecification\",\"valueRequired\":true,\"valueName\":\"search_term_string\"}}],\"inLanguage\":\"pt-PT\"},{\"@type\":\"Organization\",\"@id\":\"https:\/\/www.ipim.gov.mo\/zh-hans\/#organization\",\"name\":\"IPIM\",\"url\":\"https:\/\/www.ipim.gov.mo\/zh-hans\/\",\"logo\":{\"@type\":\"ImageObject\",\"inLanguage\":\"pt-PT\",\"@id\":\"https:\/\/www.ipim.gov.mo\/zh-hans\/#\/schema\/logo\/image\/\",\"url\":\"https:\/\/www.ipim.gov.mo\/wp-content\/uploads\/2022\/10\/default-post-thumbnail-ipim-logo.png\",\"contentUrl\":\"https:\/\/www.ipim.gov.mo\/wp-content\/uploads\/2022\/10\/default-post-thumbnail-ipim-logo.png\",\"width\":1024,\"height\":768,\"caption\":\"IPIM\"},\"image\":{\"@id\":\"https:\/\/www.ipim.gov.mo\/zh-hans\/#\/schema\/logo\/image\/\"}}]}<\/script>\r\n<!-- \/ Yoast SEO plugin. -->","yoast_head_json":{"title":"[2019\/03\/26] MIECF 2019 contribui para a constru\u00e7\u00e3o de uma civiliza\u00e7\u00e3o ecol\u00f3gica e promo\u00e7\u00e3o de um desenvolvimento sustent\u00e1vel | Commerce and Investment Promotion Institute","robots":{"index":"index","follow":"follow","max-snippet":"max-snippet:-1","max-image-preview":"max-image-preview:large","max-video-preview":"max-video-preview:-1"},"canonical":"https:\/\/www.ipim.gov.mo\/pt-pt\/noticias-do-ipim\/20190326-miecf-2019-contribui-para-a-construcao-de-uma-civilizacao-ecologica-e-promocao-de-um-desenvolvimento-sustentavel\/","og_locale":"pt_PT","og_type":"article","og_title":"[2019\/03\/26] MIECF 2019 contribui para a constru\u00e7\u00e3o de uma civiliza\u00e7\u00e3o ecol\u00f3gica e promo\u00e7\u00e3o de um desenvolvimento sustent\u00e1vel | Commerce and Investment Promotion Institute","og_description":"Tendo como tema \u201cRumo a uma Civiliza&ccedil;&atilde;o Ecol&oacute;gica e ao Desenvolvimento Sustent&aacute;vel\u201d, o F&oacute;rum e Exposi&ccedil;&atilde;o Internacional de Coopera&ccedil;&atilde;o Ambiental de Macau (MIECF, na sigla [&hellip;]","og_url":"https:\/\/www.ipim.gov.mo\/pt-pt\/noticias-do-ipim\/20190326-miecf-2019-contribui-para-a-construcao-de-uma-civilizacao-ecologica-e-promocao-de-um-desenvolvimento-sustentavel\/","og_site_name":"Commerce and Investment Promotion Institute","article_published_time":"2019-03-26T10:57:00+00:00","og_image":[{"width":1024,"height":768,"url":"https:\/\/www.ipim.gov.mo\/wp-content\/uploads\/2024\/07\/ipim-post-default.jpg","type":"image\/jpeg"}],"author":"admin","twitter_card":"summary_large_image","twitter_misc":{"Written by":"admin","Est. reading time":"9 minutes"},"schema":{"@context":"https:\/\/schema.org","@graph":[{"@type":"WebPage","@id":"https:\/\/www.ipim.gov.mo\/pt-pt\/noticias-do-ipim\/20190326-miecf-2019-contribui-para-a-construcao-de-uma-civilizacao-ecologica-e-promocao-de-um-desenvolvimento-sustentavel\/","url":"https:\/\/www.ipim.gov.mo\/pt-pt\/noticias-do-ipim\/20190326-miecf-2019-contribui-para-a-construcao-de-uma-civilizacao-ecologica-e-promocao-de-um-desenvolvimento-sustentavel\/","name":"[2019\/03\/26] MIECF 2019 contribui para a constru\u00e7\u00e3o de uma civiliza\u00e7\u00e3o ecol\u00f3gica e promo\u00e7\u00e3o de um desenvolvimento sustent\u00e1vel | Commerce and Investment Promotion Institute","isPartOf":{"@id":"https:\/\/www.ipim.gov.mo\/zh-hans\/#website"},"primaryImageOfPage":{"@id":"https:\/\/www.ipim.gov.mo\/pt-pt\/noticias-do-ipim\/20190326-miecf-2019-contribui-para-a-construcao-de-uma-civilizacao-ecologica-e-promocao-de-um-desenvolvimento-sustentavel\/#primaryimage"},"image":{"@id":"https:\/\/www.ipim.gov.mo\/pt-pt\/noticias-do-ipim\/20190326-miecf-2019-contribui-para-a-construcao-de-uma-civilizacao-ecologica-e-promocao-de-um-desenvolvimento-sustentavel\/#primaryimage"},"thumbnailUrl":"https:\/\/www.ipim.gov.mo\/wp-content\/uploads\/2024\/07\/ipim-post-default.jpg","datePublished":"2019-03-26T10:57:00+00:00","breadcrumb":{"@id":"https:\/\/www.ipim.gov.mo\/pt-pt\/noticias-do-ipim\/20190326-miecf-2019-contribui-para-a-construcao-de-uma-civilizacao-ecologica-e-promocao-de-um-desenvolvimento-sustentavel\/#breadcrumb"},"inLanguage":"pt-PT","potentialAction":[{"@type":"ReadAction","target":["https:\/\/www.ipim.gov.mo\/pt-pt\/noticias-do-ipim\/20190326-miecf-2019-contribui-para-a-construcao-de-uma-civilizacao-ecologica-e-promocao-de-um-desenvolvimento-sustentavel\/"]}]},{"@type":"ImageObject","inLanguage":"pt-PT","@id":"https:\/\/www.ipim.gov.mo\/pt-pt\/noticias-do-ipim\/20190326-miecf-2019-contribui-para-a-construcao-de-uma-civilizacao-ecologica-e-promocao-de-um-desenvolvimento-sustentavel\/#primaryimage","url":"https:\/\/www.ipim.gov.mo\/wp-content\/uploads\/2024\/07\/ipim-post-default.jpg","contentUrl":"https:\/\/www.ipim.gov.mo\/wp-content\/uploads\/2024\/07\/ipim-post-default.jpg","width":1024,"height":768},{"@type":"BreadcrumbList","@id":"https:\/\/www.ipim.gov.mo\/pt-pt\/noticias-do-ipim\/20190326-miecf-2019-contribui-para-a-construcao-de-uma-civilizacao-ecologica-e-promocao-de-um-desenvolvimento-sustentavel\/#breadcrumb","itemListElement":[{"@type":"ListItem","position":1,"name":"Home","item":"https:\/\/www.ipim.gov.mo\/pt-pt\/"},{"@type":"ListItem","position":2,"name":"[2019\/03\/26] MIECF 2019 contribui para a constru\u00e7\u00e3o de uma civiliza\u00e7\u00e3o ecol\u00f3gica e promo\u00e7\u00e3o de um desenvolvimento sustent\u00e1vel"}]},{"@type":"WebSite","@id":"https:\/\/www.ipim.gov.mo\/zh-hans\/#website","url":"https:\/\/www.ipim.gov.mo\/zh-hans\/","name":"Commerce and Investment Promotion Institute","description":"Commerce and Investment Promotion Institute","publisher":{"@id":"https:\/\/www.ipim.gov.mo\/zh-hans\/#organization"},"potentialAction":[{"@type":"SearchAction","target":{"@type":"EntryPoint","urlTemplate":"https:\/\/www.ipim.gov.mo\/zh-hans\/?s={search_term_string}"},"query-input":{"@type":"PropertyValueSpecification","valueRequired":true,"valueName":"search_term_string"}}],"inLanguage":"pt-PT"},{"@type":"Organization","@id":"https:\/\/www.ipim.gov.mo\/zh-hans\/#organization","name":"IPIM","url":"https:\/\/www.ipim.gov.mo\/zh-hans\/","logo":{"@type":"ImageObject","inLanguage":"pt-PT","@id":"https:\/\/www.ipim.gov.mo\/zh-hans\/#\/schema\/logo\/image\/","url":"https:\/\/www.ipim.gov.mo\/wp-content\/uploads\/2022\/10\/default-post-thumbnail-ipim-logo.png","contentUrl":"https:\/\/www.ipim.gov.mo\/wp-content\/uploads\/2022\/10\/default-post-thumbnail-ipim-logo.png","width":1024,"height":768,"caption":"IPIM"},"image":{"@id":"https:\/\/www.ipim.gov.mo\/zh-hans\/#\/schema\/logo\/image\/"}}]}},"author_meta":{"display_name":"admin","author_link":"https:\/\/www.ipim.gov.mo\/pt-pt\/author\/admin\/"},"featured_img":"https:\/\/www.ipim.gov.mo\/wp-content\/uploads\/2024\/07\/ipim-post-default-300x225.jpg","coauthors":[],"tax_additional":{"categories":{"linked":["<a href=\"https:\/\/www.ipim.gov.mo\/pt-pt\/category\/noticias-do-ipim\/\" class=\"advgb-post-tax-term\">Not\u00edcias do IPIM<\/a>"],"unlinked":["<span class=\"advgb-post-tax-term\">Not\u00edcias do IPIM<\/span>"]}},"comment_count":"0","relative_dates":{"created":"Posted 7 years ago","modified":"Updated 7 years ago"},"absolute_dates":{"created":"Posted on Mar\u00e7o 26, 2019","modified":"Updated on Mar\u00e7o 26, 2019"},"absolute_dates_time":{"created":"Posted on Mar\u00e7o 26, 2019 6:57 pm","modified":"Updated on Mar\u00e7o 26, 2019 6:57 pm"},"featured_img_caption":"","series_order":"","_links":{"self":[{"href":"https:\/\/www.ipim.gov.mo\/pt-pt\/wp-json\/wp\/v2\/posts\/258943","targetHints":{"allow":["GET"]}}],"collection":[{"href":"https:\/\/www.ipim.gov.mo\/pt-pt\/wp-json\/wp\/v2\/posts"}],"about":[{"href":"https:\/\/www.ipim.gov.mo\/pt-pt\/wp-json\/wp\/v2\/types\/post"}],"author":[{"embeddable":true,"href":"https:\/\/www.ipim.gov.mo\/pt-pt\/wp-json\/wp\/v2\/users\/1"}],"replies":[{"embeddable":true,"href":"https:\/\/www.ipim.gov.mo\/pt-pt\/wp-json\/wp\/v2\/comments?post=258943"}],"version-history":[{"count":0,"href":"https:\/\/www.ipim.gov.mo\/pt-pt\/wp-json\/wp\/v2\/posts\/258943\/revisions"}],"wp:featuredmedia":[{"embeddable":true,"href":"https:\/\/www.ipim.gov.mo\/pt-pt\/wp-json\/wp\/v2\/media\/467868"}],"wp:attachment":[{"href":"https:\/\/www.ipim.gov.mo\/pt-pt\/wp-json\/wp\/v2\/media?parent=258943"}],"wp:term":[{"taxonomy":"category","embeddable":true,"href":"https:\/\/www.ipim.gov.mo\/pt-pt\/wp-json\/wp\/v2\/categories?post=258943"},{"taxonomy":"post_tag","embeddable":true,"href":"https:\/\/www.ipim.gov.mo\/pt-pt\/wp-json\/wp\/v2\/tags?post=258943"}],"curies":[{"name":"wp","href":"https:\/\/api.w.org\/{rel}","templated":true}]}}