{"id":258595,"date":"2019-03-25T18:39:00","date_gmt":"2019-03-25T10:39:00","guid":{"rendered":"https:\/\/www.ipim.gov.mo\/en\/ipim-news\/20190325-orador-principal-destaca-a-economia-verde-e-a-valorizacao-industrial\/"},"modified":"2019-03-25T18:39:00","modified_gmt":"2019-03-25T10:39:00","slug":"20190325-orador-principal-destaca-a-economia-verde-e-a-valorizacao-industrial","status":"publish","type":"post","link":"https:\/\/www.ipim.gov.mo\/pt-pt\/noticias-do-ipim\/20190325-orador-principal-destaca-a-economia-verde-e-a-valorizacao-industrial\/","title":{"rendered":"[2019\/03\/25] Orador principal destaca a economia verde e a valoriza\u00e7\u00e3o industrial"},"content":{"rendered":"<p style=\"text-align:justify\">O F&oacute;rum e Exposi&ccedil;&atilde;o Internacional de Coopera&ccedil;&atilde;o Ambiental de Macau (MIECF, na sigla inglesa), organizado pelo Governo da Regi&atilde;o Administrativa Especial de Macau, convida, anualmente, personalidades de renome com grandes contributos para o sector internacional da protec&ccedil;&atilde;o ambiental, enquanto oradores principais do evento. A edi&ccedil;&atilde;o deste ano ter&aacute; como orador principal o fundador da \u201c<em>New Energy Finance<\/em>\u201d, ex-presidente do Conselho Consultivo e colaborador s&eacute;nior da \u201c<em>Bloomberg New Energy Finance<\/em>\u201d e presidente e director executivo da \u201c<em>Liebreich Associates<\/em>\u201d, Michael Liebreich, que ir&aacute; apresentar como a economia verde e a valoriza&ccedil;&atilde;o industrial orientam a cidade para o desenvolvimento sustent&aacute;vel.<\/p>\n<p style=\"text-align:justify\">O &nbsp;2019MIECF realizar-se-&aacute; entre 28 e 30 de Mar&ccedil;o, no <em>The Venetian Macao<\/em>. Michael Liebreich abrir&aacute; a cerim&oacute;nia de inaugura&ccedil;&atilde;o com um discurso numa sess&atilde;o especial, na tarde do dia 29 de Mar&ccedil;o, durante o qual apresentar&aacute; a sua opini&atilde;o sobre as \u201cNovas Tend&ecirc;ncias na Ind&uacute;stria Verde\u201d, trocando impress&otilde;es com os participantes em torno dos temas relacionados com a protec&ccedil;&atilde;o ambiental. O vice-presidente do Conselho Consultivo do Ambiente e chefe do Departamento de Engenharia Civil e Ambiental da Universidade de Macau, Kou Kun Pang, ser&aacute; o moderador desta sess&atilde;o especial.<\/p>\n<p style=\"text-align:justify\">Michael Liebreich exerce fun&ccedil;&otilde;es em v&aacute;rios conselhos consultivos, incluindo no \u201c<em>Centre on Green Finance and Investment<\/em>\u201d da Organiza&ccedil;&atilde;o para a Coopera&ccedil;&atilde;o e Desenvolvimento Econ&oacute;mico (OECD, na sigla inglesa), no Curso de Mestrado em Mudan&ccedil;a Clim&aacute;tica, Gest&atilde;o e Finan&ccedil;as do Col&eacute;gio Imperial de Londres, etc. Al&eacute;m disso, foi membro do Grupo Consultivo S&eacute;nior, quando o secret&aacute;rio-Geral da Organiza&ccedil;&atilde;o das Na&ccedil;&otilde;es Unidas (ONU) apresentou a iniciativa \u201cEnergia Sustent&aacute;vel para Todos\u201d, tendo trabalhado, ainda, para os \u201c<em>Global Agenda Councils on Sustainable Energy and the New Energy Architecture<\/em>\u201d, do F&oacute;rum Econ&oacute;mico Mundial.<\/p>\n<div class=\"wp-caption alignnone\"><a href=\"https:\/\/www.gcs.gov.mo\/news\/p\/P19CYWumoS\/l\" class=\"fancybox\"><img decoding=\"async\" class=\"size-large\" src=\"https:\/\/www.gcs.gov.mo\/news\/p\/P19CYWumoS\/l\" alt=\"Orador principal do F\u00f3rum e Exposi\u00e7\u00e3o Internacional de Coopera\u00e7\u00e3o Ambiental de Macau 2019, Michael Liebreich\" width=\"1024\"><\/a><\/p>\n<p class=\"wp-caption-text\">Orador principal do F\u00f3rum e Exposi\u00e7\u00e3o Internacional de Coopera\u00e7\u00e3o Ambiental de Macau 2019, Michael Liebreich<\/p>\n<\/div>\n","protected":false},"excerpt":{"rendered":"<p>O F&oacute;rum e Exposi&ccedil;&atilde;o Internacional de Coopera&ccedil;&atilde;o Ambiental de Macau (MIECF, na sigla inglesa), organizado pelo Governo da Regi&atilde;o Administrativa Especial de Macau, convida, anualmente, [&hellip;]<\/p>\n","protected":false},"author":1,"featured_media":467868,"comment_status":"closed","ping_status":"closed","sticky":false,"template":"","format":"standard","meta":{"_acf_changed":false,"inline_featured_image":false,"advgb_blocks_editor_width":"","advgb_blocks_columns_visual_guide":"","footnotes":""},"categories":[12],"tags":[],"class_list":["post-258595","post","type-post","status-publish","format-standard","has-post-thumbnail","hentry","category-noticias-do-ipim"],"acf":[],"yoast_head":"<!-- This site is optimized with the Yoast SEO plugin v26.2 - https:\/\/yoast.com\/wordpress\/plugins\/seo\/ -->\r\n<title>[2019\/03\/25] Orador principal destaca a economia verde e a valoriza\u00e7\u00e3o industrial | Commerce and Investment Promotion Institute<\/title>\r\n<meta name=\"robots\" content=\"index, follow, max-snippet:-1, max-image-preview:large, max-video-preview:-1\" \/>\r\n<link rel=\"canonical\" href=\"https:\/\/www.ipim.gov.mo\/pt-pt\/noticias-do-ipim\/20190325-orador-principal-destaca-a-economia-verde-e-a-valorizacao-industrial\/\" \/>\r\n<meta property=\"og:locale\" content=\"pt_PT\" \/>\r\n<meta property=\"og:type\" content=\"article\" \/>\r\n<meta property=\"og:title\" content=\"[2019\/03\/25] Orador principal destaca a economia verde e a valoriza\u00e7\u00e3o industrial | Commerce and Investment Promotion Institute\" \/>\r\n<meta property=\"og:description\" content=\"O F&oacute;rum e Exposi&ccedil;&atilde;o Internacional de Coopera&ccedil;&atilde;o Ambiental de Macau (MIECF, na sigla inglesa), organizado pelo Governo da Regi&atilde;o Administrativa Especial de Macau, convida, anualmente, [&hellip;]\" \/>\r\n<meta property=\"og:url\" content=\"https:\/\/www.ipim.gov.mo\/pt-pt\/noticias-do-ipim\/20190325-orador-principal-destaca-a-economia-verde-e-a-valorizacao-industrial\/\" \/>\r\n<meta property=\"og:site_name\" content=\"Commerce and Investment Promotion Institute\" \/>\r\n<meta property=\"article:published_time\" content=\"2019-03-25T10:39:00+00:00\" \/>\r\n<meta property=\"og:image\" content=\"https:\/\/www.ipim.gov.mo\/wp-content\/uploads\/2024\/07\/ipim-post-default.jpg\" \/>\r\n\t<meta property=\"og:image:width\" content=\"1024\" \/>\r\n\t<meta property=\"og:image:height\" content=\"768\" \/>\r\n\t<meta property=\"og:image:type\" content=\"image\/jpeg\" \/>\r\n<meta name=\"author\" content=\"admin\" \/>\r\n<meta name=\"twitter:card\" content=\"summary_large_image\" \/>\r\n<meta name=\"twitter:label1\" content=\"Written by\" \/>\n\t<meta name=\"twitter:data1\" content=\"admin\" \/>\n\t<meta name=\"twitter:label2\" content=\"Est. reading time\" \/>\n\t<meta name=\"twitter:data2\" content=\"2 minutes\" \/>\r\n<script type=\"application\/ld+json\" class=\"yoast-schema-graph\">{\"@context\":\"https:\/\/schema.org\",\"@graph\":[{\"@type\":\"WebPage\",\"@id\":\"https:\/\/www.ipim.gov.mo\/pt-pt\/noticias-do-ipim\/20190325-orador-principal-destaca-a-economia-verde-e-a-valorizacao-industrial\/\",\"url\":\"https:\/\/www.ipim.gov.mo\/pt-pt\/noticias-do-ipim\/20190325-orador-principal-destaca-a-economia-verde-e-a-valorizacao-industrial\/\",\"name\":\"[2019\/03\/25] Orador principal destaca a economia verde e a valoriza\u00e7\u00e3o industrial | Commerce and Investment Promotion Institute\",\"isPartOf\":{\"@id\":\"https:\/\/www.ipim.gov.mo\/zh-hans\/#website\"},\"primaryImageOfPage\":{\"@id\":\"https:\/\/www.ipim.gov.mo\/pt-pt\/noticias-do-ipim\/20190325-orador-principal-destaca-a-economia-verde-e-a-valorizacao-industrial\/#primaryimage\"},\"image\":{\"@id\":\"https:\/\/www.ipim.gov.mo\/pt-pt\/noticias-do-ipim\/20190325-orador-principal-destaca-a-economia-verde-e-a-valorizacao-industrial\/#primaryimage\"},\"thumbnailUrl\":\"https:\/\/www.ipim.gov.mo\/wp-content\/uploads\/2024\/07\/ipim-post-default.jpg\",\"datePublished\":\"2019-03-25T10:39:00+00:00\",\"breadcrumb\":{\"@id\":\"https:\/\/www.ipim.gov.mo\/pt-pt\/noticias-do-ipim\/20190325-orador-principal-destaca-a-economia-verde-e-a-valorizacao-industrial\/#breadcrumb\"},\"inLanguage\":\"pt-PT\",\"potentialAction\":[{\"@type\":\"ReadAction\",\"target\":[\"https:\/\/www.ipim.gov.mo\/pt-pt\/noticias-do-ipim\/20190325-orador-principal-destaca-a-economia-verde-e-a-valorizacao-industrial\/\"]}]},{\"@type\":\"ImageObject\",\"inLanguage\":\"pt-PT\",\"@id\":\"https:\/\/www.ipim.gov.mo\/pt-pt\/noticias-do-ipim\/20190325-orador-principal-destaca-a-economia-verde-e-a-valorizacao-industrial\/#primaryimage\",\"url\":\"https:\/\/www.ipim.gov.mo\/wp-content\/uploads\/2024\/07\/ipim-post-default.jpg\",\"contentUrl\":\"https:\/\/www.ipim.gov.mo\/wp-content\/uploads\/2024\/07\/ipim-post-default.jpg\",\"width\":1024,\"height\":768},{\"@type\":\"BreadcrumbList\",\"@id\":\"https:\/\/www.ipim.gov.mo\/pt-pt\/noticias-do-ipim\/20190325-orador-principal-destaca-a-economia-verde-e-a-valorizacao-industrial\/#breadcrumb\",\"itemListElement\":[{\"@type\":\"ListItem\",\"position\":1,\"name\":\"Home\",\"item\":\"https:\/\/www.ipim.gov.mo\/pt-pt\/\"},{\"@type\":\"ListItem\",\"position\":2,\"name\":\"[2019\/03\/25] Orador principal destaca a economia verde e a valoriza\u00e7\u00e3o industrial\"}]},{\"@type\":\"WebSite\",\"@id\":\"https:\/\/www.ipim.gov.mo\/zh-hans\/#website\",\"url\":\"https:\/\/www.ipim.gov.mo\/zh-hans\/\",\"name\":\"Commerce and Investment Promotion Institute\",\"description\":\"Commerce and Investment Promotion Institute\",\"publisher\":{\"@id\":\"https:\/\/www.ipim.gov.mo\/zh-hans\/#organization\"},\"potentialAction\":[{\"@type\":\"SearchAction\",\"target\":{\"@type\":\"EntryPoint\",\"urlTemplate\":\"https:\/\/www.ipim.gov.mo\/zh-hans\/?s={search_term_string}\"},\"query-input\":{\"@type\":\"PropertyValueSpecification\",\"valueRequired\":true,\"valueName\":\"search_term_string\"}}],\"inLanguage\":\"pt-PT\"},{\"@type\":\"Organization\",\"@id\":\"https:\/\/www.ipim.gov.mo\/zh-hans\/#organization\",\"name\":\"IPIM\",\"url\":\"https:\/\/www.ipim.gov.mo\/zh-hans\/\",\"logo\":{\"@type\":\"ImageObject\",\"inLanguage\":\"pt-PT\",\"@id\":\"https:\/\/www.ipim.gov.mo\/zh-hans\/#\/schema\/logo\/image\/\",\"url\":\"https:\/\/www.ipim.gov.mo\/wp-content\/uploads\/2022\/10\/default-post-thumbnail-ipim-logo.png\",\"contentUrl\":\"https:\/\/www.ipim.gov.mo\/wp-content\/uploads\/2022\/10\/default-post-thumbnail-ipim-logo.png\",\"width\":1024,\"height\":768,\"caption\":\"IPIM\"},\"image\":{\"@id\":\"https:\/\/www.ipim.gov.mo\/zh-hans\/#\/schema\/logo\/image\/\"}}]}<\/script>\r\n<!-- \/ Yoast SEO plugin. -->","yoast_head_json":{"title":"[2019\/03\/25] Orador principal destaca a economia verde e a valoriza\u00e7\u00e3o industrial | Commerce and Investment Promotion Institute","robots":{"index":"index","follow":"follow","max-snippet":"max-snippet:-1","max-image-preview":"max-image-preview:large","max-video-preview":"max-video-preview:-1"},"canonical":"https:\/\/www.ipim.gov.mo\/pt-pt\/noticias-do-ipim\/20190325-orador-principal-destaca-a-economia-verde-e-a-valorizacao-industrial\/","og_locale":"pt_PT","og_type":"article","og_title":"[2019\/03\/25] Orador principal destaca a economia verde e a valoriza\u00e7\u00e3o industrial | Commerce and Investment Promotion Institute","og_description":"O F&oacute;rum e Exposi&ccedil;&atilde;o Internacional de Coopera&ccedil;&atilde;o Ambiental de Macau (MIECF, na sigla inglesa), organizado pelo Governo da Regi&atilde;o Administrativa Especial de Macau, convida, anualmente, [&hellip;]","og_url":"https:\/\/www.ipim.gov.mo\/pt-pt\/noticias-do-ipim\/20190325-orador-principal-destaca-a-economia-verde-e-a-valorizacao-industrial\/","og_site_name":"Commerce and Investment Promotion Institute","article_published_time":"2019-03-25T10:39:00+00:00","og_image":[{"width":1024,"height":768,"url":"https:\/\/www.ipim.gov.mo\/wp-content\/uploads\/2024\/07\/ipim-post-default.jpg","type":"image\/jpeg"}],"author":"admin","twitter_card":"summary_large_image","twitter_misc":{"Written by":"admin","Est. reading time":"2 minutes"},"schema":{"@context":"https:\/\/schema.org","@graph":[{"@type":"WebPage","@id":"https:\/\/www.ipim.gov.mo\/pt-pt\/noticias-do-ipim\/20190325-orador-principal-destaca-a-economia-verde-e-a-valorizacao-industrial\/","url":"https:\/\/www.ipim.gov.mo\/pt-pt\/noticias-do-ipim\/20190325-orador-principal-destaca-a-economia-verde-e-a-valorizacao-industrial\/","name":"[2019\/03\/25] Orador principal destaca a economia verde e a valoriza\u00e7\u00e3o industrial | Commerce and Investment Promotion Institute","isPartOf":{"@id":"https:\/\/www.ipim.gov.mo\/zh-hans\/#website"},"primaryImageOfPage":{"@id":"https:\/\/www.ipim.gov.mo\/pt-pt\/noticias-do-ipim\/20190325-orador-principal-destaca-a-economia-verde-e-a-valorizacao-industrial\/#primaryimage"},"image":{"@id":"https:\/\/www.ipim.gov.mo\/pt-pt\/noticias-do-ipim\/20190325-orador-principal-destaca-a-economia-verde-e-a-valorizacao-industrial\/#primaryimage"},"thumbnailUrl":"https:\/\/www.ipim.gov.mo\/wp-content\/uploads\/2024\/07\/ipim-post-default.jpg","datePublished":"2019-03-25T10:39:00+00:00","breadcrumb":{"@id":"https:\/\/www.ipim.gov.mo\/pt-pt\/noticias-do-ipim\/20190325-orador-principal-destaca-a-economia-verde-e-a-valorizacao-industrial\/#breadcrumb"},"inLanguage":"pt-PT","potentialAction":[{"@type":"ReadAction","target":["https:\/\/www.ipim.gov.mo\/pt-pt\/noticias-do-ipim\/20190325-orador-principal-destaca-a-economia-verde-e-a-valorizacao-industrial\/"]}]},{"@type":"ImageObject","inLanguage":"pt-PT","@id":"https:\/\/www.ipim.gov.mo\/pt-pt\/noticias-do-ipim\/20190325-orador-principal-destaca-a-economia-verde-e-a-valorizacao-industrial\/#primaryimage","url":"https:\/\/www.ipim.gov.mo\/wp-content\/uploads\/2024\/07\/ipim-post-default.jpg","contentUrl":"https:\/\/www.ipim.gov.mo\/wp-content\/uploads\/2024\/07\/ipim-post-default.jpg","width":1024,"height":768},{"@type":"BreadcrumbList","@id":"https:\/\/www.ipim.gov.mo\/pt-pt\/noticias-do-ipim\/20190325-orador-principal-destaca-a-economia-verde-e-a-valorizacao-industrial\/#breadcrumb","itemListElement":[{"@type":"ListItem","position":1,"name":"Home","item":"https:\/\/www.ipim.gov.mo\/pt-pt\/"},{"@type":"ListItem","position":2,"name":"[2019\/03\/25] Orador principal destaca a economia verde e a valoriza\u00e7\u00e3o industrial"}]},{"@type":"WebSite","@id":"https:\/\/www.ipim.gov.mo\/zh-hans\/#website","url":"https:\/\/www.ipim.gov.mo\/zh-hans\/","name":"Commerce and Investment Promotion Institute","description":"Commerce and Investment Promotion Institute","publisher":{"@id":"https:\/\/www.ipim.gov.mo\/zh-hans\/#organization"},"potentialAction":[{"@type":"SearchAction","target":{"@type":"EntryPoint","urlTemplate":"https:\/\/www.ipim.gov.mo\/zh-hans\/?s={search_term_string}"},"query-input":{"@type":"PropertyValueSpecification","valueRequired":true,"valueName":"search_term_string"}}],"inLanguage":"pt-PT"},{"@type":"Organization","@id":"https:\/\/www.ipim.gov.mo\/zh-hans\/#organization","name":"IPIM","url":"https:\/\/www.ipim.gov.mo\/zh-hans\/","logo":{"@type":"ImageObject","inLanguage":"pt-PT","@id":"https:\/\/www.ipim.gov.mo\/zh-hans\/#\/schema\/logo\/image\/","url":"https:\/\/www.ipim.gov.mo\/wp-content\/uploads\/2022\/10\/default-post-thumbnail-ipim-logo.png","contentUrl":"https:\/\/www.ipim.gov.mo\/wp-content\/uploads\/2022\/10\/default-post-thumbnail-ipim-logo.png","width":1024,"height":768,"caption":"IPIM"},"image":{"@id":"https:\/\/www.ipim.gov.mo\/zh-hans\/#\/schema\/logo\/image\/"}}]}},"author_meta":{"display_name":"admin","author_link":"https:\/\/www.ipim.gov.mo\/pt-pt\/author\/admin\/"},"featured_img":"https:\/\/www.ipim.gov.mo\/wp-content\/uploads\/2024\/07\/ipim-post-default-300x225.jpg","coauthors":[],"tax_additional":{"categories":{"linked":["<a href=\"https:\/\/www.ipim.gov.mo\/pt-pt\/category\/noticias-do-ipim\/\" class=\"advgb-post-tax-term\">Not\u00edcias do IPIM<\/a>"],"unlinked":["<span class=\"advgb-post-tax-term\">Not\u00edcias do IPIM<\/span>"]}},"comment_count":"0","relative_dates":{"created":"Posted 7 years ago","modified":"Updated 7 years ago"},"absolute_dates":{"created":"Posted on Mar\u00e7o 25, 2019","modified":"Updated on Mar\u00e7o 25, 2019"},"absolute_dates_time":{"created":"Posted on Mar\u00e7o 25, 2019 6:39 pm","modified":"Updated on Mar\u00e7o 25, 2019 6:39 pm"},"featured_img_caption":"","series_order":"","_links":{"self":[{"href":"https:\/\/www.ipim.gov.mo\/pt-pt\/wp-json\/wp\/v2\/posts\/258595","targetHints":{"allow":["GET"]}}],"collection":[{"href":"https:\/\/www.ipim.gov.mo\/pt-pt\/wp-json\/wp\/v2\/posts"}],"about":[{"href":"https:\/\/www.ipim.gov.mo\/pt-pt\/wp-json\/wp\/v2\/types\/post"}],"author":[{"embeddable":true,"href":"https:\/\/www.ipim.gov.mo\/pt-pt\/wp-json\/wp\/v2\/users\/1"}],"replies":[{"embeddable":true,"href":"https:\/\/www.ipim.gov.mo\/pt-pt\/wp-json\/wp\/v2\/comments?post=258595"}],"version-history":[{"count":0,"href":"https:\/\/www.ipim.gov.mo\/pt-pt\/wp-json\/wp\/v2\/posts\/258595\/revisions"}],"wp:featuredmedia":[{"embeddable":true,"href":"https:\/\/www.ipim.gov.mo\/pt-pt\/wp-json\/wp\/v2\/media\/467868"}],"wp:attachment":[{"href":"https:\/\/www.ipim.gov.mo\/pt-pt\/wp-json\/wp\/v2\/media?parent=258595"}],"wp:term":[{"taxonomy":"category","embeddable":true,"href":"https:\/\/www.ipim.gov.mo\/pt-pt\/wp-json\/wp\/v2\/categories?post=258595"},{"taxonomy":"post_tag","embeddable":true,"href":"https:\/\/www.ipim.gov.mo\/pt-pt\/wp-json\/wp\/v2\/tags?post=258595"}],"curies":[{"name":"wp","href":"https:\/\/api.w.org\/{rel}","templated":true}]}}