{"id":258588,"date":"2019-03-25T17:21:00","date_gmt":"2019-03-25T09:21:00","guid":{"rendered":"https:\/\/www.ipim.gov.mo\/zh-hans\/ipim-news-sc\/20190325-dia-verde-do-publico-incentiva-os-cidadaos-a-viver-uma-vida-ecologica\/"},"modified":"2019-03-25T17:21:00","modified_gmt":"2019-03-25T09:21:00","slug":"20190325-dia-verde-do-publico-incentiva-os-cidadaos-a-viver-uma-vida-ecologica","status":"publish","type":"post","link":"https:\/\/www.ipim.gov.mo\/pt-pt\/noticias-do-ipim\/20190325-dia-verde-do-publico-incentiva-os-cidadaos-a-viver-uma-vida-ecologica\/","title":{"rendered":"[2019\/03\/25] Dia Verde do P\u00fablico incentiva os cidad\u00e3os a viver uma vida ecol\u00f3gica"},"content":{"rendered":"<p style=\"text-align:justify\">O F&oacute;rum e Exposi&ccedil;&atilde;o Internacional de Coopera&ccedil;&atilde;o Ambiental de Macau 2019 (MIECF 2019 na sigla inglesa), organizado pelo Governo da RAEM, co-organizado pelo Instituto de Promo&ccedil;&atilde;o do Com&eacute;rcio e do Investimento de Macau e pela Direc&ccedil;&atilde;o dos Servi&ccedil;os de Protec&ccedil;&atilde;o Ambiental (DSPA) ser&aacute; realizado no Venetian Macau entre 28 e 30 de Mar&ccedil;o de 2019. O &uacute;ltimo dia do evento (30 de Mar&ccedil;o) ser&aacute; o \u201cDia Verde do P&uacute;blico\u201d, com a \u201cMostra Verde\u201d gratuitamente aberta ao p&uacute;blico. No local do evento ser&aacute; disponibilizada uma s&eacute;rie de actividades de sensibiliza&ccedil;&atilde;o para a protec&ccedil;&atilde;o ambiental, cujo real papel &eacute; o de uma plataforma ideal para a concretiza&ccedil;&atilde;o da educa&ccedil;&atilde;o ambiental.<\/p>\n<p style=\"text-align:justify\">O tema do MIECF no ano corrente &eacute; \u201cRumo a uma civiliza&ccedil;&atilde;o ecol&oacute;gica e ao desenvolvimento sustent&aacute;vel\u201d. No \u201cDia Verde do P&uacute;blico\u201d, em 30 de Mar&ccedil;o, ser&aacute; gratuitamente aberta ao p&uacute;blico a \u201cMostra Verde\u201d, que dar&aacute; a conhecer as novidades e desenvolvimento na &aacute;rea de protec&ccedil;&atilde;o ambiental nos pa&iacute;ses e diferentes regi&otilde;es e, tamb&eacute;m, demonstrar&aacute; as &uacute;ltimas informa&ccedil;&otilde;es e t&eacute;cnicas ecol&oacute;gicas. Al&eacute;m disso, estar&atilde;o dispon&iacute;veis as actividades de sensibiliza&ccedil;&atilde;o ecol&oacute;gica, compartilhando o entendimento com o p&uacute;blico.<\/p>\n<p style=\"text-align:justify\">Neste ano as actividades incluem o grande sorteio, visitas guiadas, workshops de protec&ccedil;&atilde;o ambiental, jogos para pais e filhos, posto para inscri&ccedil;&atilde;o no Programa de Pontos \u201cVerdes\u201d, exibi&ccedil;&atilde;o das informa&ccedil;&otilde;es sobre a redu&ccedil;&atilde;o e a reciclagem de res&iacute;duos, zona de exposi&ccedil;&atilde;o de artigos reciclados, etc.; as Mascotes da DSPA, nomeadamente, o Sr. Planeta, o Mano Nuvem, a Mana Flor e o Beb&eacute; Colhereiro, etc., estar&atilde;o ainda presentes no local para apoiar a pr&aacute;tica da vida ecol&oacute;gica.<\/p>\n<p style=\"text-align:justify\">A organizadora espera, atrav&eacute;s das actividades de sensibiliza&ccedil;&atilde;o e deste evento anual internacional a n&iacute;vel da protec&ccedil;&atilde;o ambiental, continuar a divulga&ccedil;&atilde;o das mensagens verdes aos cidad&atilde;os e incentiv&aacute;-los a praticar os comportamentos ecol&oacute;gicos na vida quotidiana, com vista &agrave; sua contribui&ccedil;&atilde;o para o desenvolvimento sustent&aacute;vel da RAEM.<\/p>\n<p style=\"text-align:justify\">Para incentivar os cidad&atilde;os a participar no passeio ecol&oacute;gico, a organizadora disponibilizar&aacute;, gratuitamente, 4 carreiras de autocarro r&aacute;pidas no \u201cDia Verde do P&uacute;blico\u201d, que far&atilde;o ida e volta entre a zona central de Macau, a zona norte de Macau, a Taipa e o local do evento do MIECF. Mais informa&ccedil;&otilde;es podem ser consultadas no website: www.macaomiecf.com. Disponibiliza-se tamb&eacute;m uma zona de estacionamento no Hall D do Venetian Macao para os cidad&atilde;os, mas os lugares ser&atilde;o limitados &agrave; disponibilidade e atribu&iacute;dos por ordem de chegada. Seja bem-vindo na utiliza&ccedil;&atilde;o partilhada de autocarros para ir ao MIECF.<\/p>\n<p style=\"text-align:justify\">Al&eacute;m disso, este ano, ser&atilde;o organizadas para os convidados as visitas t&eacute;cnicas ao local de tratamento de res&iacute;duos electr&oacute;nicos de Macau, &agrave; Ponte Hong Kong-Zhuhai-Macau e ao posto fronteiri&ccedil;o de Macau, tendo por objectivo dar a conhecer os trabalhos de protec&ccedil;&atilde;o ambiental e as infra-estruturas de Macau. No &uacute;ltimo dia (30 de Mar&ccedil;o) do evento haver&aacute; uma visita ao local de tratamento de res&iacute;duos electr&oacute;nicos de Macau, destinada a todos os participantes, incluindo o p&uacute;blico.<\/p>\n<div class=\"wp-caption alignnone\"><a href=\"https:\/\/www.gcs.gov.mo\/news\/p\/P19CYi8i9t\/l\" class=\"fancybox\"><img decoding=\"async\" class=\"size-large\" src=\"https:\/\/www.gcs.gov.mo\/news\/p\/P19CYi8i9t\/l\" alt=\"O \u201cDia Verde do P\u00fablico\u201d do MIECF 2019 permitiu \u00e0 popula\u00e7\u00e3o, que participou neste evento internacional ligado ao sector ambiental, aprofundar conhecimentos sobre estilos de vida ecol\u00f3gico e de baixa emiss\u00e3o de carbono\" width=\"1024\"><\/a><\/p>\n<p class=\"wp-caption-text\">O \u201cDia Verde do P\u00fablico\u201d do MIECF 2019 permitiu \u00e0 popula\u00e7\u00e3o, que participou neste evento internacional ligado ao sector ambiental, aprofundar conhecimentos sobre estilos de vida ecol\u00f3gico e de baixa emiss\u00e3o de carbono<\/p>\n<\/div>\n","protected":false},"excerpt":{"rendered":"<p>O F&oacute;rum e Exposi&ccedil;&atilde;o Internacional de Coopera&ccedil;&atilde;o Ambiental de Macau 2019 (MIECF 2019 na sigla inglesa), organizado pelo Governo da RAEM, co-organizado pelo Instituto de [&hellip;]<\/p>\n","protected":false},"author":1,"featured_media":467868,"comment_status":"closed","ping_status":"closed","sticky":false,"template":"","format":"standard","meta":{"_acf_changed":false,"inline_featured_image":false,"advgb_blocks_editor_width":"","advgb_blocks_columns_visual_guide":"","footnotes":""},"categories":[12],"tags":[],"class_list":["post-258588","post","type-post","status-publish","format-standard","has-post-thumbnail","hentry","category-noticias-do-ipim"],"acf":[],"yoast_head":"<!-- This site is optimized with the Yoast SEO plugin v26.2 - https:\/\/yoast.com\/wordpress\/plugins\/seo\/ -->\r\n<title>[2019\/03\/25] Dia Verde do P\u00fablico incentiva os cidad\u00e3os a viver uma vida ecol\u00f3gica | Commerce and Investment Promotion Institute<\/title>\r\n<meta name=\"robots\" content=\"index, follow, max-snippet:-1, max-image-preview:large, max-video-preview:-1\" \/>\r\n<link rel=\"canonical\" href=\"https:\/\/www.ipim.gov.mo\/pt-pt\/noticias-do-ipim\/20190325-dia-verde-do-publico-incentiva-os-cidadaos-a-viver-uma-vida-ecologica\/\" \/>\r\n<meta property=\"og:locale\" content=\"pt_PT\" \/>\r\n<meta property=\"og:type\" content=\"article\" \/>\r\n<meta property=\"og:title\" content=\"[2019\/03\/25] Dia Verde do P\u00fablico incentiva os cidad\u00e3os a viver uma vida ecol\u00f3gica | Commerce and Investment Promotion Institute\" \/>\r\n<meta property=\"og:description\" content=\"O F&oacute;rum e Exposi&ccedil;&atilde;o Internacional de Coopera&ccedil;&atilde;o Ambiental de Macau 2019 (MIECF 2019 na sigla inglesa), organizado pelo Governo da RAEM, co-organizado pelo Instituto de [&hellip;]\" \/>\r\n<meta property=\"og:url\" content=\"https:\/\/www.ipim.gov.mo\/pt-pt\/noticias-do-ipim\/20190325-dia-verde-do-publico-incentiva-os-cidadaos-a-viver-uma-vida-ecologica\/\" \/>\r\n<meta property=\"og:site_name\" content=\"Commerce and Investment Promotion Institute\" \/>\r\n<meta property=\"article:published_time\" content=\"2019-03-25T09:21:00+00:00\" \/>\r\n<meta property=\"og:image\" content=\"https:\/\/www.ipim.gov.mo\/wp-content\/uploads\/2024\/07\/ipim-post-default.jpg\" \/>\r\n\t<meta property=\"og:image:width\" content=\"1024\" \/>\r\n\t<meta property=\"og:image:height\" content=\"768\" \/>\r\n\t<meta property=\"og:image:type\" content=\"image\/jpeg\" \/>\r\n<meta name=\"author\" content=\"admin\" \/>\r\n<meta name=\"twitter:card\" content=\"summary_large_image\" \/>\r\n<meta name=\"twitter:label1\" content=\"Written by\" \/>\n\t<meta name=\"twitter:data1\" content=\"admin\" \/>\n\t<meta name=\"twitter:label2\" content=\"Est. reading time\" \/>\n\t<meta name=\"twitter:data2\" content=\"4 minutes\" \/>\r\n<script type=\"application\/ld+json\" class=\"yoast-schema-graph\">{\"@context\":\"https:\/\/schema.org\",\"@graph\":[{\"@type\":\"WebPage\",\"@id\":\"https:\/\/www.ipim.gov.mo\/pt-pt\/noticias-do-ipim\/20190325-dia-verde-do-publico-incentiva-os-cidadaos-a-viver-uma-vida-ecologica\/\",\"url\":\"https:\/\/www.ipim.gov.mo\/pt-pt\/noticias-do-ipim\/20190325-dia-verde-do-publico-incentiva-os-cidadaos-a-viver-uma-vida-ecologica\/\",\"name\":\"[2019\/03\/25] Dia Verde do P\u00fablico incentiva os cidad\u00e3os a viver uma vida ecol\u00f3gica | Commerce and Investment Promotion Institute\",\"isPartOf\":{\"@id\":\"https:\/\/www.ipim.gov.mo\/zh-hans\/#website\"},\"primaryImageOfPage\":{\"@id\":\"https:\/\/www.ipim.gov.mo\/pt-pt\/noticias-do-ipim\/20190325-dia-verde-do-publico-incentiva-os-cidadaos-a-viver-uma-vida-ecologica\/#primaryimage\"},\"image\":{\"@id\":\"https:\/\/www.ipim.gov.mo\/pt-pt\/noticias-do-ipim\/20190325-dia-verde-do-publico-incentiva-os-cidadaos-a-viver-uma-vida-ecologica\/#primaryimage\"},\"thumbnailUrl\":\"https:\/\/www.ipim.gov.mo\/wp-content\/uploads\/2024\/07\/ipim-post-default.jpg\",\"datePublished\":\"2019-03-25T09:21:00+00:00\",\"breadcrumb\":{\"@id\":\"https:\/\/www.ipim.gov.mo\/pt-pt\/noticias-do-ipim\/20190325-dia-verde-do-publico-incentiva-os-cidadaos-a-viver-uma-vida-ecologica\/#breadcrumb\"},\"inLanguage\":\"pt-PT\",\"potentialAction\":[{\"@type\":\"ReadAction\",\"target\":[\"https:\/\/www.ipim.gov.mo\/pt-pt\/noticias-do-ipim\/20190325-dia-verde-do-publico-incentiva-os-cidadaos-a-viver-uma-vida-ecologica\/\"]}]},{\"@type\":\"ImageObject\",\"inLanguage\":\"pt-PT\",\"@id\":\"https:\/\/www.ipim.gov.mo\/pt-pt\/noticias-do-ipim\/20190325-dia-verde-do-publico-incentiva-os-cidadaos-a-viver-uma-vida-ecologica\/#primaryimage\",\"url\":\"https:\/\/www.ipim.gov.mo\/wp-content\/uploads\/2024\/07\/ipim-post-default.jpg\",\"contentUrl\":\"https:\/\/www.ipim.gov.mo\/wp-content\/uploads\/2024\/07\/ipim-post-default.jpg\",\"width\":1024,\"height\":768},{\"@type\":\"BreadcrumbList\",\"@id\":\"https:\/\/www.ipim.gov.mo\/pt-pt\/noticias-do-ipim\/20190325-dia-verde-do-publico-incentiva-os-cidadaos-a-viver-uma-vida-ecologica\/#breadcrumb\",\"itemListElement\":[{\"@type\":\"ListItem\",\"position\":1,\"name\":\"Home\",\"item\":\"https:\/\/www.ipim.gov.mo\/pt-pt\/\"},{\"@type\":\"ListItem\",\"position\":2,\"name\":\"[2019\/03\/25] Dia Verde do P\u00fablico incentiva os cidad\u00e3os a viver uma vida ecol\u00f3gica\"}]},{\"@type\":\"WebSite\",\"@id\":\"https:\/\/www.ipim.gov.mo\/zh-hans\/#website\",\"url\":\"https:\/\/www.ipim.gov.mo\/zh-hans\/\",\"name\":\"Commerce and Investment Promotion Institute\",\"description\":\"Commerce and Investment Promotion Institute\",\"publisher\":{\"@id\":\"https:\/\/www.ipim.gov.mo\/zh-hans\/#organization\"},\"potentialAction\":[{\"@type\":\"SearchAction\",\"target\":{\"@type\":\"EntryPoint\",\"urlTemplate\":\"https:\/\/www.ipim.gov.mo\/zh-hans\/?s={search_term_string}\"},\"query-input\":{\"@type\":\"PropertyValueSpecification\",\"valueRequired\":true,\"valueName\":\"search_term_string\"}}],\"inLanguage\":\"pt-PT\"},{\"@type\":\"Organization\",\"@id\":\"https:\/\/www.ipim.gov.mo\/zh-hans\/#organization\",\"name\":\"IPIM\",\"url\":\"https:\/\/www.ipim.gov.mo\/zh-hans\/\",\"logo\":{\"@type\":\"ImageObject\",\"inLanguage\":\"pt-PT\",\"@id\":\"https:\/\/www.ipim.gov.mo\/zh-hans\/#\/schema\/logo\/image\/\",\"url\":\"https:\/\/www.ipim.gov.mo\/wp-content\/uploads\/2022\/10\/default-post-thumbnail-ipim-logo.png\",\"contentUrl\":\"https:\/\/www.ipim.gov.mo\/wp-content\/uploads\/2022\/10\/default-post-thumbnail-ipim-logo.png\",\"width\":1024,\"height\":768,\"caption\":\"IPIM\"},\"image\":{\"@id\":\"https:\/\/www.ipim.gov.mo\/zh-hans\/#\/schema\/logo\/image\/\"}}]}<\/script>\r\n<!-- \/ Yoast SEO plugin. -->","yoast_head_json":{"title":"[2019\/03\/25] Dia Verde do P\u00fablico incentiva os cidad\u00e3os a viver uma vida ecol\u00f3gica | Commerce and Investment Promotion Institute","robots":{"index":"index","follow":"follow","max-snippet":"max-snippet:-1","max-image-preview":"max-image-preview:large","max-video-preview":"max-video-preview:-1"},"canonical":"https:\/\/www.ipim.gov.mo\/pt-pt\/noticias-do-ipim\/20190325-dia-verde-do-publico-incentiva-os-cidadaos-a-viver-uma-vida-ecologica\/","og_locale":"pt_PT","og_type":"article","og_title":"[2019\/03\/25] Dia Verde do P\u00fablico incentiva os cidad\u00e3os a viver uma vida ecol\u00f3gica | Commerce and Investment Promotion Institute","og_description":"O F&oacute;rum e Exposi&ccedil;&atilde;o Internacional de Coopera&ccedil;&atilde;o Ambiental de Macau 2019 (MIECF 2019 na sigla inglesa), organizado pelo Governo da RAEM, co-organizado pelo Instituto de [&hellip;]","og_url":"https:\/\/www.ipim.gov.mo\/pt-pt\/noticias-do-ipim\/20190325-dia-verde-do-publico-incentiva-os-cidadaos-a-viver-uma-vida-ecologica\/","og_site_name":"Commerce and Investment Promotion Institute","article_published_time":"2019-03-25T09:21:00+00:00","og_image":[{"width":1024,"height":768,"url":"https:\/\/www.ipim.gov.mo\/wp-content\/uploads\/2024\/07\/ipim-post-default.jpg","type":"image\/jpeg"}],"author":"admin","twitter_card":"summary_large_image","twitter_misc":{"Written by":"admin","Est. reading time":"4 minutes"},"schema":{"@context":"https:\/\/schema.org","@graph":[{"@type":"WebPage","@id":"https:\/\/www.ipim.gov.mo\/pt-pt\/noticias-do-ipim\/20190325-dia-verde-do-publico-incentiva-os-cidadaos-a-viver-uma-vida-ecologica\/","url":"https:\/\/www.ipim.gov.mo\/pt-pt\/noticias-do-ipim\/20190325-dia-verde-do-publico-incentiva-os-cidadaos-a-viver-uma-vida-ecologica\/","name":"[2019\/03\/25] Dia Verde do P\u00fablico incentiva os cidad\u00e3os a viver uma vida ecol\u00f3gica | Commerce and Investment Promotion Institute","isPartOf":{"@id":"https:\/\/www.ipim.gov.mo\/zh-hans\/#website"},"primaryImageOfPage":{"@id":"https:\/\/www.ipim.gov.mo\/pt-pt\/noticias-do-ipim\/20190325-dia-verde-do-publico-incentiva-os-cidadaos-a-viver-uma-vida-ecologica\/#primaryimage"},"image":{"@id":"https:\/\/www.ipim.gov.mo\/pt-pt\/noticias-do-ipim\/20190325-dia-verde-do-publico-incentiva-os-cidadaos-a-viver-uma-vida-ecologica\/#primaryimage"},"thumbnailUrl":"https:\/\/www.ipim.gov.mo\/wp-content\/uploads\/2024\/07\/ipim-post-default.jpg","datePublished":"2019-03-25T09:21:00+00:00","breadcrumb":{"@id":"https:\/\/www.ipim.gov.mo\/pt-pt\/noticias-do-ipim\/20190325-dia-verde-do-publico-incentiva-os-cidadaos-a-viver-uma-vida-ecologica\/#breadcrumb"},"inLanguage":"pt-PT","potentialAction":[{"@type":"ReadAction","target":["https:\/\/www.ipim.gov.mo\/pt-pt\/noticias-do-ipim\/20190325-dia-verde-do-publico-incentiva-os-cidadaos-a-viver-uma-vida-ecologica\/"]}]},{"@type":"ImageObject","inLanguage":"pt-PT","@id":"https:\/\/www.ipim.gov.mo\/pt-pt\/noticias-do-ipim\/20190325-dia-verde-do-publico-incentiva-os-cidadaos-a-viver-uma-vida-ecologica\/#primaryimage","url":"https:\/\/www.ipim.gov.mo\/wp-content\/uploads\/2024\/07\/ipim-post-default.jpg","contentUrl":"https:\/\/www.ipim.gov.mo\/wp-content\/uploads\/2024\/07\/ipim-post-default.jpg","width":1024,"height":768},{"@type":"BreadcrumbList","@id":"https:\/\/www.ipim.gov.mo\/pt-pt\/noticias-do-ipim\/20190325-dia-verde-do-publico-incentiva-os-cidadaos-a-viver-uma-vida-ecologica\/#breadcrumb","itemListElement":[{"@type":"ListItem","position":1,"name":"Home","item":"https:\/\/www.ipim.gov.mo\/pt-pt\/"},{"@type":"ListItem","position":2,"name":"[2019\/03\/25] Dia Verde do P\u00fablico incentiva os cidad\u00e3os a viver uma vida ecol\u00f3gica"}]},{"@type":"WebSite","@id":"https:\/\/www.ipim.gov.mo\/zh-hans\/#website","url":"https:\/\/www.ipim.gov.mo\/zh-hans\/","name":"Commerce and Investment Promotion Institute","description":"Commerce and Investment Promotion Institute","publisher":{"@id":"https:\/\/www.ipim.gov.mo\/zh-hans\/#organization"},"potentialAction":[{"@type":"SearchAction","target":{"@type":"EntryPoint","urlTemplate":"https:\/\/www.ipim.gov.mo\/zh-hans\/?s={search_term_string}"},"query-input":{"@type":"PropertyValueSpecification","valueRequired":true,"valueName":"search_term_string"}}],"inLanguage":"pt-PT"},{"@type":"Organization","@id":"https:\/\/www.ipim.gov.mo\/zh-hans\/#organization","name":"IPIM","url":"https:\/\/www.ipim.gov.mo\/zh-hans\/","logo":{"@type":"ImageObject","inLanguage":"pt-PT","@id":"https:\/\/www.ipim.gov.mo\/zh-hans\/#\/schema\/logo\/image\/","url":"https:\/\/www.ipim.gov.mo\/wp-content\/uploads\/2022\/10\/default-post-thumbnail-ipim-logo.png","contentUrl":"https:\/\/www.ipim.gov.mo\/wp-content\/uploads\/2022\/10\/default-post-thumbnail-ipim-logo.png","width":1024,"height":768,"caption":"IPIM"},"image":{"@id":"https:\/\/www.ipim.gov.mo\/zh-hans\/#\/schema\/logo\/image\/"}}]}},"author_meta":{"display_name":"admin","author_link":"https:\/\/www.ipim.gov.mo\/pt-pt\/author\/admin\/"},"featured_img":"https:\/\/www.ipim.gov.mo\/wp-content\/uploads\/2024\/07\/ipim-post-default-300x225.jpg","coauthors":[],"tax_additional":{"categories":{"linked":["<a href=\"https:\/\/www.ipim.gov.mo\/pt-pt\/category\/noticias-do-ipim\/\" class=\"advgb-post-tax-term\">Not\u00edcias do IPIM<\/a>"],"unlinked":["<span class=\"advgb-post-tax-term\">Not\u00edcias do IPIM<\/span>"]}},"comment_count":"0","relative_dates":{"created":"Posted 7 years ago","modified":"Updated 7 years ago"},"absolute_dates":{"created":"Posted on Mar\u00e7o 25, 2019","modified":"Updated on Mar\u00e7o 25, 2019"},"absolute_dates_time":{"created":"Posted on Mar\u00e7o 25, 2019 5:21 pm","modified":"Updated on Mar\u00e7o 25, 2019 5:21 pm"},"featured_img_caption":"","series_order":"","_links":{"self":[{"href":"https:\/\/www.ipim.gov.mo\/pt-pt\/wp-json\/wp\/v2\/posts\/258588","targetHints":{"allow":["GET"]}}],"collection":[{"href":"https:\/\/www.ipim.gov.mo\/pt-pt\/wp-json\/wp\/v2\/posts"}],"about":[{"href":"https:\/\/www.ipim.gov.mo\/pt-pt\/wp-json\/wp\/v2\/types\/post"}],"author":[{"embeddable":true,"href":"https:\/\/www.ipim.gov.mo\/pt-pt\/wp-json\/wp\/v2\/users\/1"}],"replies":[{"embeddable":true,"href":"https:\/\/www.ipim.gov.mo\/pt-pt\/wp-json\/wp\/v2\/comments?post=258588"}],"version-history":[{"count":0,"href":"https:\/\/www.ipim.gov.mo\/pt-pt\/wp-json\/wp\/v2\/posts\/258588\/revisions"}],"wp:featuredmedia":[{"embeddable":true,"href":"https:\/\/www.ipim.gov.mo\/pt-pt\/wp-json\/wp\/v2\/media\/467868"}],"wp:attachment":[{"href":"https:\/\/www.ipim.gov.mo\/pt-pt\/wp-json\/wp\/v2\/media?parent=258588"}],"wp:term":[{"taxonomy":"category","embeddable":true,"href":"https:\/\/www.ipim.gov.mo\/pt-pt\/wp-json\/wp\/v2\/categories?post=258588"},{"taxonomy":"post_tag","embeddable":true,"href":"https:\/\/www.ipim.gov.mo\/pt-pt\/wp-json\/wp\/v2\/tags?post=258588"}],"curies":[{"name":"wp","href":"https:\/\/api.w.org\/{rel}","templated":true}]}}