{"id":258350,"date":"2019-03-24T12:00:00","date_gmt":"2019-03-24T04:00:00","guid":{"rendered":"https:\/\/www.ipim.gov.mo\/zh-hant\/?p=258350"},"modified":"2019-03-25T20:12:37","modified_gmt":"2019-03-25T12:12:37","slug":"20190324-inaugura-se-na-quinta-feira-o-dia-da-cooperacao-empresarial-verde-da-2019miecf-tendo-como-foco-de-discussao-o-desenvolvimento-da-energia-e-financas-verdes-da-grande-baia-e-dos-paises-de","status":"publish","type":"post","link":"https:\/\/www.ipim.gov.mo\/pt-pt\/noticias-do-ipim\/20190324-inaugura-se-na-quinta-feira-o-dia-da-cooperacao-empresarial-verde-da-2019miecf-tendo-como-foco-de-discussao-o-desenvolvimento-da-energia-e-financas-verdes-da-grande-baia-e-dos-paises-de\/","title":{"rendered":"[2019\/03\/24] Inaugura-se na quinta-feira o Dia da Coopera\u00e7\u00e3o Empresarial Verde da 2019MIECF, tendo como foco de discuss\u00e3o o desenvolvimento da energia e finan\u00e7as verdes da Grande Ba\u00eda e dos Pa\u00edses de L\u00edngua Portuguesa"},"content":{"rendered":"<p style=\"text-align:justify\">Em conson&acirc;ncia com o \u201cImpulsionamento da Constru&ccedil;&atilde;o de uma Civiliza&ccedil;&atilde;o Ecol&oacute;gica\u201d no planeamento para o desenvolvimento da Grande Ba&iacute;a Guangdong-Hong Kong-Macau, ter&aacute; lugar no dia 28 de Mar&ccedil;o (quinta-feira) pelas 14h30, na Sala <em>Sicily<\/em> do <em>The Venetian Macao<\/em> o \u201cF&oacute;rum Verde\u201d, parte integrante da s&eacute;rie de actividades no &acirc;mbito do Dia da Coopera&ccedil;&atilde;o Empresarial Verde do F&oacute;rum e Exposi&ccedil;&atilde;o Internacional de Coopera&ccedil;&atilde;o Ambiental de Macau 2019 (2019MIECF), tendo como foco de discuss&atilde;o o desenvolvimento da energia, finan&ccedil;as verdes da Grande Ba&iacute;a e dos Pa&iacute;ses de L&iacute;ngua Portuguesa, desempenhando plenamente as fun&ccedil;&otilde;es de Macau enquanto plataforma de coopera&ccedil;&atilde;o sino-lus&oacute;fona no seio da Grande Ba&iacute;a.<\/p>\n<p style=\"text-align:justify\">Subordinado ao tema \u201cNovas Oportunidades da Ba<span style=\"text-decoration:none\">&iacute;<\/span>a Ecol&oacute;gica \u2013 Constru&ccedil;&atilde;o de Cidades Movidas a Energia Verde\u201d, o presente \u201cF&oacute;rum Verde\u201d &eacute; composto por duas sess&otilde;es principais, a saber, uma sess&atilde;o de discursos principais e outra de debate. A sess&atilde;o de discursos principais contar&aacute; com a presen&ccedil;a de v&aacute;rios convidados e representantes para partilhar pol&iacute;ticas e tend&ecirc;ncias de desenvolvimento em torno da protec&ccedil;&atilde;o ambiental de diferentes territ&oacute;rios, sendo eles o Secret&aacute;rio de Estado do Ambiente do Minist&eacute;rio Coordenador dos Assuntos Econ&oacute;micos de Timor-Leste, Jo&atilde;o Carlos Soares, Director-geral de Protec&ccedil;&atilde;o Ambiental sob a tutela do Director dos Servi&ccedil;os de Protec&ccedil;&atilde;o Ambiental do Governo da Regi&atilde;o Administrativa Especial de Hong Kong, Wong Kam-sing, o Director da Comiss&atilde;o de Desenvolvimento e Reforma e da Direc&ccedil;&atilde;o dos Servi&ccedil;os Energ&eacute;ticos da Prov&iacute;ncia de Guangdong, Wu Daowen, o Coordenador do Gabinete para o Desenvolvimento do Sector Energ&eacute;tico do Governo da Regi&atilde;o Administrativa Especial de Macau (GDSE), Hoi Chi Leong, bem como a Vice-Conselheira da Comiss&atilde;o Municipal de Ci&ecirc;ncia e Tecnologia de Pequim. &nbsp;&nbsp;<\/p>\n<p style=\"text-align:justify\">A sess&atilde;o de debate contar&aacute; com o Presidente fundador da Associa&ccedil;&atilde;o para a Protec&ccedil;&atilde;o Ambiental Industrial de Macau e Presidente e Director-geral da <em>CESL Asia Investments and Services Ltd.<\/em> de Macau, Ant&oacute;nio Trindade, como moderador, contando tamb&eacute;m com a participa&ccedil;&atilde;o do Director-geral adjunto da <em>Guangdong Energy Group Co., Ltd.<\/em>, Li Mingliang, do Assessor Principal da Comiss&atilde;o Executiva da CEM, Benjamin Yue, do Presidente do Conselho de Administra&ccedil;&atilde;o do <em>Guangdong<\/em> <em>Green Finance Holdings<\/em>, Wu Liyang, da Vice-Presidente S&eacute;nior e Directora de Sustentabilidade da Melco Resorts (Macau) S.A., Denise Chen, bem como da Directora Adjunta da Empresa de Gest&atilde;o do Fundo de Coopera&ccedil;&atilde;o para o Desenvolvimento China-Pa&iacute;ses de L&iacute;ngua Portuguesa, Zhang Ruiyang. Na ocasi&atilde;o, os convidados ir&atilde;o debru&ccedil;ar-se sobre temas referentes &agrave; inova&ccedil;&atilde;o e coopera&ccedil;&atilde;o na &aacute;rea de energia limpa entre os diversos territ&oacute;rios, &agrave; rede de electricidade inteligente, &agrave; inova&ccedil;&atilde;o na tecnologia el&eacute;ctrica e comercializa&ccedil;&atilde;o dos resultados da investiga&ccedil;&atilde;o, ao desenvolvimento de finan&ccedil;as verdes, entre outros.<\/p>\n<p style=\"text-align:justify\">A participa&ccedil;&atilde;o das entidades dos sectores industrial e comercial, de protec&ccedil;&atilde;o ambiental e do sector acad&eacute;mico &eacute; bem-vinda. Para inscri&ccedil;&atilde;o e consulta, &eacute; favor entrar em contacto com a Sra. Kuan do Instituto de Promo&ccedil;&atilde;o do Com&eacute;rcio e do Investimento de Macau (IPIM) (Tel: 8798 9127; Fax: 2872 8208; E-mail: ipimpcom@ipim.gov.mo). Para mais informa&ccedil;&otilde;es, &eacute; favor dirigir-se &agrave; p&aacute;gina electr&oacute;nica:http:\/\/www.macaomiecf.com\/miecf2019\/green-forum\/green-forum-overview.<\/p>\n<div class=\"wp-caption alignnone\"><a href=\"https:\/\/www.gcs.gov.mo\/news\/p\/P19CWEGyeV\/l\" class=\"fancybox\"><img decoding=\"async\" class=\"size-large\" src=\"https:\/\/www.gcs.gov.mo\/news\/p\/P19CWEGyeV\/l\" alt=\"Inaugura-se na quinta-feira o Dia da Coopera\u00e7\u00e3o Empresarial Verde da MIECF2019\" width=\"1024\"><\/a><\/p>\n<p class=\"wp-caption-text\">Inaugura-se na quinta-feira o Dia da Coopera\u00e7\u00e3o Empresarial Verde da MIECF2019<\/p>\n<\/div>\n","protected":false},"excerpt":{"rendered":"<p>Em conson&acirc;ncia com o \u201cImpulsionamento da Constru&ccedil;&atilde;o de uma Civiliza&ccedil;&atilde;o Ecol&oacute;gica\u201d no planeamento para o desenvolvimento da Grande Ba&iacute;a Guangdong-Hong Kong-Macau, ter&aacute; lugar no dia [&hellip;]<\/p>\n","protected":false},"author":1,"featured_media":467868,"comment_status":"closed","ping_status":"closed","sticky":false,"template":"","format":"standard","meta":{"_acf_changed":false,"inline_featured_image":false,"advgb_blocks_editor_width":"","advgb_blocks_columns_visual_guide":"","footnotes":""},"categories":[12],"tags":[],"class_list":["post-258350","post","type-post","status-publish","format-standard","has-post-thumbnail","hentry","category-noticias-do-ipim"],"acf":[],"yoast_head":"<!-- This site is optimized with the Yoast SEO plugin v26.2 - https:\/\/yoast.com\/wordpress\/plugins\/seo\/ -->\r\n<title>[2019\/03\/24] Inaugura-se na quinta-feira o Dia da Coopera\u00e7\u00e3o Empresarial Verde da 2019MIECF, tendo como foco de discuss\u00e3o o desenvolvimento da energia e finan\u00e7as verdes da Grande Ba\u00eda e dos Pa\u00edses de L\u00edngua Portuguesa | Commerce and Investment Promotion Institute<\/title>\r\n<meta name=\"robots\" content=\"index, follow, max-snippet:-1, max-image-preview:large, max-video-preview:-1\" \/>\r\n<link rel=\"canonical\" href=\"https:\/\/www.ipim.gov.mo\/pt-pt\/noticias-do-ipim\/20190324-inaugura-se-na-quinta-feira-o-dia-da-cooperacao-empresarial-verde-da-2019miecf-tendo-como-foco-de-discussao-o-desenvolvimento-da-energia-e-financas-verdes-da-grande-baia-e-dos-paises-de\/\" \/>\r\n<meta property=\"og:locale\" content=\"pt_PT\" \/>\r\n<meta property=\"og:type\" content=\"article\" \/>\r\n<meta property=\"og:title\" content=\"[2019\/03\/24] Inaugura-se na quinta-feira o Dia da Coopera\u00e7\u00e3o Empresarial Verde da 2019MIECF, tendo como foco de discuss\u00e3o o desenvolvimento da energia e finan\u00e7as verdes da Grande Ba\u00eda e dos Pa\u00edses de L\u00edngua Portuguesa | Commerce and Investment Promotion Institute\" \/>\r\n<meta property=\"og:description\" content=\"Em conson&acirc;ncia com o \u201cImpulsionamento da Constru&ccedil;&atilde;o de uma Civiliza&ccedil;&atilde;o Ecol&oacute;gica\u201d no planeamento para o desenvolvimento da Grande Ba&iacute;a Guangdong-Hong Kong-Macau, ter&aacute; lugar no dia [&hellip;]\" \/>\r\n<meta property=\"og:url\" content=\"https:\/\/www.ipim.gov.mo\/pt-pt\/noticias-do-ipim\/20190324-inaugura-se-na-quinta-feira-o-dia-da-cooperacao-empresarial-verde-da-2019miecf-tendo-como-foco-de-discussao-o-desenvolvimento-da-energia-e-financas-verdes-da-grande-baia-e-dos-paises-de\/\" \/>\r\n<meta property=\"og:site_name\" content=\"Commerce and Investment Promotion Institute\" \/>\r\n<meta property=\"article:published_time\" content=\"2019-03-24T04:00:00+00:00\" \/>\r\n<meta property=\"article:modified_time\" content=\"2019-03-25T12:12:37+00:00\" \/>\r\n<meta property=\"og:image\" content=\"https:\/\/www.ipim.gov.mo\/wp-content\/uploads\/2024\/07\/ipim-post-default.jpg\" \/>\r\n\t<meta property=\"og:image:width\" content=\"1024\" \/>\r\n\t<meta property=\"og:image:height\" content=\"768\" \/>\r\n\t<meta property=\"og:image:type\" content=\"image\/jpeg\" \/>\r\n<meta name=\"author\" content=\"admin\" \/>\r\n<meta name=\"twitter:card\" content=\"summary_large_image\" \/>\r\n<meta name=\"twitter:label1\" content=\"Written by\" \/>\n\t<meta name=\"twitter:data1\" content=\"admin\" \/>\n\t<meta name=\"twitter:label2\" content=\"Est. reading time\" \/>\n\t<meta name=\"twitter:data2\" content=\"4 minutes\" \/>\r\n<script type=\"application\/ld+json\" class=\"yoast-schema-graph\">{\"@context\":\"https:\/\/schema.org\",\"@graph\":[{\"@type\":\"WebPage\",\"@id\":\"https:\/\/www.ipim.gov.mo\/pt-pt\/noticias-do-ipim\/20190324-inaugura-se-na-quinta-feira-o-dia-da-cooperacao-empresarial-verde-da-2019miecf-tendo-como-foco-de-discussao-o-desenvolvimento-da-energia-e-financas-verdes-da-grande-baia-e-dos-paises-de\/\",\"url\":\"https:\/\/www.ipim.gov.mo\/pt-pt\/noticias-do-ipim\/20190324-inaugura-se-na-quinta-feira-o-dia-da-cooperacao-empresarial-verde-da-2019miecf-tendo-como-foco-de-discussao-o-desenvolvimento-da-energia-e-financas-verdes-da-grande-baia-e-dos-paises-de\/\",\"name\":\"[2019\/03\/24] Inaugura-se na quinta-feira o Dia da Coopera\u00e7\u00e3o Empresarial Verde da 2019MIECF, tendo como foco de discuss\u00e3o o desenvolvimento da energia e finan\u00e7as verdes da Grande Ba\u00eda e dos Pa\u00edses de L\u00edngua Portuguesa | Commerce and Investment Promotion Institute\",\"isPartOf\":{\"@id\":\"https:\/\/www.ipim.gov.mo\/zh-hans\/#website\"},\"primaryImageOfPage\":{\"@id\":\"https:\/\/www.ipim.gov.mo\/pt-pt\/noticias-do-ipim\/20190324-inaugura-se-na-quinta-feira-o-dia-da-cooperacao-empresarial-verde-da-2019miecf-tendo-como-foco-de-discussao-o-desenvolvimento-da-energia-e-financas-verdes-da-grande-baia-e-dos-paises-de\/#primaryimage\"},\"image\":{\"@id\":\"https:\/\/www.ipim.gov.mo\/pt-pt\/noticias-do-ipim\/20190324-inaugura-se-na-quinta-feira-o-dia-da-cooperacao-empresarial-verde-da-2019miecf-tendo-como-foco-de-discussao-o-desenvolvimento-da-energia-e-financas-verdes-da-grande-baia-e-dos-paises-de\/#primaryimage\"},\"thumbnailUrl\":\"https:\/\/www.ipim.gov.mo\/wp-content\/uploads\/2024\/07\/ipim-post-default.jpg\",\"datePublished\":\"2019-03-24T04:00:00+00:00\",\"dateModified\":\"2019-03-25T12:12:37+00:00\",\"breadcrumb\":{\"@id\":\"https:\/\/www.ipim.gov.mo\/pt-pt\/noticias-do-ipim\/20190324-inaugura-se-na-quinta-feira-o-dia-da-cooperacao-empresarial-verde-da-2019miecf-tendo-como-foco-de-discussao-o-desenvolvimento-da-energia-e-financas-verdes-da-grande-baia-e-dos-paises-de\/#breadcrumb\"},\"inLanguage\":\"pt-PT\",\"potentialAction\":[{\"@type\":\"ReadAction\",\"target\":[\"https:\/\/www.ipim.gov.mo\/pt-pt\/noticias-do-ipim\/20190324-inaugura-se-na-quinta-feira-o-dia-da-cooperacao-empresarial-verde-da-2019miecf-tendo-como-foco-de-discussao-o-desenvolvimento-da-energia-e-financas-verdes-da-grande-baia-e-dos-paises-de\/\"]}]},{\"@type\":\"ImageObject\",\"inLanguage\":\"pt-PT\",\"@id\":\"https:\/\/www.ipim.gov.mo\/pt-pt\/noticias-do-ipim\/20190324-inaugura-se-na-quinta-feira-o-dia-da-cooperacao-empresarial-verde-da-2019miecf-tendo-como-foco-de-discussao-o-desenvolvimento-da-energia-e-financas-verdes-da-grande-baia-e-dos-paises-de\/#primaryimage\",\"url\":\"https:\/\/www.ipim.gov.mo\/wp-content\/uploads\/2024\/07\/ipim-post-default.jpg\",\"contentUrl\":\"https:\/\/www.ipim.gov.mo\/wp-content\/uploads\/2024\/07\/ipim-post-default.jpg\",\"width\":1024,\"height\":768},{\"@type\":\"BreadcrumbList\",\"@id\":\"https:\/\/www.ipim.gov.mo\/pt-pt\/noticias-do-ipim\/20190324-inaugura-se-na-quinta-feira-o-dia-da-cooperacao-empresarial-verde-da-2019miecf-tendo-como-foco-de-discussao-o-desenvolvimento-da-energia-e-financas-verdes-da-grande-baia-e-dos-paises-de\/#breadcrumb\",\"itemListElement\":[{\"@type\":\"ListItem\",\"position\":1,\"name\":\"Home\",\"item\":\"https:\/\/www.ipim.gov.mo\/pt-pt\/\"},{\"@type\":\"ListItem\",\"position\":2,\"name\":\"[2019\/03\/24] Inaugura-se na quinta-feira o Dia da Coopera\u00e7\u00e3o Empresarial Verde da 2019MIECF, tendo como foco de discuss\u00e3o o desenvolvimento da energia e finan\u00e7as verdes da Grande Ba\u00eda e dos Pa\u00edses de L\u00edngua Portuguesa\"}]},{\"@type\":\"WebSite\",\"@id\":\"https:\/\/www.ipim.gov.mo\/zh-hans\/#website\",\"url\":\"https:\/\/www.ipim.gov.mo\/zh-hans\/\",\"name\":\"Commerce and Investment Promotion Institute\",\"description\":\"Commerce and Investment Promotion Institute\",\"publisher\":{\"@id\":\"https:\/\/www.ipim.gov.mo\/zh-hans\/#organization\"},\"potentialAction\":[{\"@type\":\"SearchAction\",\"target\":{\"@type\":\"EntryPoint\",\"urlTemplate\":\"https:\/\/www.ipim.gov.mo\/zh-hans\/?s={search_term_string}\"},\"query-input\":{\"@type\":\"PropertyValueSpecification\",\"valueRequired\":true,\"valueName\":\"search_term_string\"}}],\"inLanguage\":\"pt-PT\"},{\"@type\":\"Organization\",\"@id\":\"https:\/\/www.ipim.gov.mo\/zh-hans\/#organization\",\"name\":\"IPIM\",\"url\":\"https:\/\/www.ipim.gov.mo\/zh-hans\/\",\"logo\":{\"@type\":\"ImageObject\",\"inLanguage\":\"pt-PT\",\"@id\":\"https:\/\/www.ipim.gov.mo\/zh-hans\/#\/schema\/logo\/image\/\",\"url\":\"https:\/\/www.ipim.gov.mo\/wp-content\/uploads\/2022\/10\/default-post-thumbnail-ipim-logo.png\",\"contentUrl\":\"https:\/\/www.ipim.gov.mo\/wp-content\/uploads\/2022\/10\/default-post-thumbnail-ipim-logo.png\",\"width\":1024,\"height\":768,\"caption\":\"IPIM\"},\"image\":{\"@id\":\"https:\/\/www.ipim.gov.mo\/zh-hans\/#\/schema\/logo\/image\/\"}}]}<\/script>\r\n<!-- \/ Yoast SEO plugin. -->","yoast_head_json":{"title":"[2019\/03\/24] Inaugura-se na quinta-feira o Dia da Coopera\u00e7\u00e3o Empresarial Verde da 2019MIECF, tendo como foco de discuss\u00e3o o desenvolvimento da energia e finan\u00e7as verdes da Grande Ba\u00eda e dos Pa\u00edses de L\u00edngua Portuguesa | Commerce and Investment Promotion Institute","robots":{"index":"index","follow":"follow","max-snippet":"max-snippet:-1","max-image-preview":"max-image-preview:large","max-video-preview":"max-video-preview:-1"},"canonical":"https:\/\/www.ipim.gov.mo\/pt-pt\/noticias-do-ipim\/20190324-inaugura-se-na-quinta-feira-o-dia-da-cooperacao-empresarial-verde-da-2019miecf-tendo-como-foco-de-discussao-o-desenvolvimento-da-energia-e-financas-verdes-da-grande-baia-e-dos-paises-de\/","og_locale":"pt_PT","og_type":"article","og_title":"[2019\/03\/24] Inaugura-se na quinta-feira o Dia da Coopera\u00e7\u00e3o Empresarial Verde da 2019MIECF, tendo como foco de discuss\u00e3o o desenvolvimento da energia e finan\u00e7as verdes da Grande Ba\u00eda e dos Pa\u00edses de L\u00edngua Portuguesa | Commerce and Investment Promotion Institute","og_description":"Em conson&acirc;ncia com o \u201cImpulsionamento da Constru&ccedil;&atilde;o de uma Civiliza&ccedil;&atilde;o Ecol&oacute;gica\u201d no planeamento para o desenvolvimento da Grande Ba&iacute;a Guangdong-Hong Kong-Macau, ter&aacute; lugar no dia [&hellip;]","og_url":"https:\/\/www.ipim.gov.mo\/pt-pt\/noticias-do-ipim\/20190324-inaugura-se-na-quinta-feira-o-dia-da-cooperacao-empresarial-verde-da-2019miecf-tendo-como-foco-de-discussao-o-desenvolvimento-da-energia-e-financas-verdes-da-grande-baia-e-dos-paises-de\/","og_site_name":"Commerce and Investment Promotion Institute","article_published_time":"2019-03-24T04:00:00+00:00","article_modified_time":"2019-03-25T12:12:37+00:00","og_image":[{"width":1024,"height":768,"url":"https:\/\/www.ipim.gov.mo\/wp-content\/uploads\/2024\/07\/ipim-post-default.jpg","type":"image\/jpeg"}],"author":"admin","twitter_card":"summary_large_image","twitter_misc":{"Written by":"admin","Est. reading time":"4 minutes"},"schema":{"@context":"https:\/\/schema.org","@graph":[{"@type":"WebPage","@id":"https:\/\/www.ipim.gov.mo\/pt-pt\/noticias-do-ipim\/20190324-inaugura-se-na-quinta-feira-o-dia-da-cooperacao-empresarial-verde-da-2019miecf-tendo-como-foco-de-discussao-o-desenvolvimento-da-energia-e-financas-verdes-da-grande-baia-e-dos-paises-de\/","url":"https:\/\/www.ipim.gov.mo\/pt-pt\/noticias-do-ipim\/20190324-inaugura-se-na-quinta-feira-o-dia-da-cooperacao-empresarial-verde-da-2019miecf-tendo-como-foco-de-discussao-o-desenvolvimento-da-energia-e-financas-verdes-da-grande-baia-e-dos-paises-de\/","name":"[2019\/03\/24] Inaugura-se na quinta-feira o Dia da Coopera\u00e7\u00e3o Empresarial Verde da 2019MIECF, tendo como foco de discuss\u00e3o o desenvolvimento da energia e finan\u00e7as verdes da Grande Ba\u00eda e dos Pa\u00edses de L\u00edngua Portuguesa | Commerce and Investment Promotion Institute","isPartOf":{"@id":"https:\/\/www.ipim.gov.mo\/zh-hans\/#website"},"primaryImageOfPage":{"@id":"https:\/\/www.ipim.gov.mo\/pt-pt\/noticias-do-ipim\/20190324-inaugura-se-na-quinta-feira-o-dia-da-cooperacao-empresarial-verde-da-2019miecf-tendo-como-foco-de-discussao-o-desenvolvimento-da-energia-e-financas-verdes-da-grande-baia-e-dos-paises-de\/#primaryimage"},"image":{"@id":"https:\/\/www.ipim.gov.mo\/pt-pt\/noticias-do-ipim\/20190324-inaugura-se-na-quinta-feira-o-dia-da-cooperacao-empresarial-verde-da-2019miecf-tendo-como-foco-de-discussao-o-desenvolvimento-da-energia-e-financas-verdes-da-grande-baia-e-dos-paises-de\/#primaryimage"},"thumbnailUrl":"https:\/\/www.ipim.gov.mo\/wp-content\/uploads\/2024\/07\/ipim-post-default.jpg","datePublished":"2019-03-24T04:00:00+00:00","dateModified":"2019-03-25T12:12:37+00:00","breadcrumb":{"@id":"https:\/\/www.ipim.gov.mo\/pt-pt\/noticias-do-ipim\/20190324-inaugura-se-na-quinta-feira-o-dia-da-cooperacao-empresarial-verde-da-2019miecf-tendo-como-foco-de-discussao-o-desenvolvimento-da-energia-e-financas-verdes-da-grande-baia-e-dos-paises-de\/#breadcrumb"},"inLanguage":"pt-PT","potentialAction":[{"@type":"ReadAction","target":["https:\/\/www.ipim.gov.mo\/pt-pt\/noticias-do-ipim\/20190324-inaugura-se-na-quinta-feira-o-dia-da-cooperacao-empresarial-verde-da-2019miecf-tendo-como-foco-de-discussao-o-desenvolvimento-da-energia-e-financas-verdes-da-grande-baia-e-dos-paises-de\/"]}]},{"@type":"ImageObject","inLanguage":"pt-PT","@id":"https:\/\/www.ipim.gov.mo\/pt-pt\/noticias-do-ipim\/20190324-inaugura-se-na-quinta-feira-o-dia-da-cooperacao-empresarial-verde-da-2019miecf-tendo-como-foco-de-discussao-o-desenvolvimento-da-energia-e-financas-verdes-da-grande-baia-e-dos-paises-de\/#primaryimage","url":"https:\/\/www.ipim.gov.mo\/wp-content\/uploads\/2024\/07\/ipim-post-default.jpg","contentUrl":"https:\/\/www.ipim.gov.mo\/wp-content\/uploads\/2024\/07\/ipim-post-default.jpg","width":1024,"height":768},{"@type":"BreadcrumbList","@id":"https:\/\/www.ipim.gov.mo\/pt-pt\/noticias-do-ipim\/20190324-inaugura-se-na-quinta-feira-o-dia-da-cooperacao-empresarial-verde-da-2019miecf-tendo-como-foco-de-discussao-o-desenvolvimento-da-energia-e-financas-verdes-da-grande-baia-e-dos-paises-de\/#breadcrumb","itemListElement":[{"@type":"ListItem","position":1,"name":"Home","item":"https:\/\/www.ipim.gov.mo\/pt-pt\/"},{"@type":"ListItem","position":2,"name":"[2019\/03\/24] Inaugura-se na quinta-feira o Dia da Coopera\u00e7\u00e3o Empresarial Verde da 2019MIECF, tendo como foco de discuss\u00e3o o desenvolvimento da energia e finan\u00e7as verdes da Grande Ba\u00eda e dos Pa\u00edses de L\u00edngua Portuguesa"}]},{"@type":"WebSite","@id":"https:\/\/www.ipim.gov.mo\/zh-hans\/#website","url":"https:\/\/www.ipim.gov.mo\/zh-hans\/","name":"Commerce and Investment Promotion Institute","description":"Commerce and Investment Promotion Institute","publisher":{"@id":"https:\/\/www.ipim.gov.mo\/zh-hans\/#organization"},"potentialAction":[{"@type":"SearchAction","target":{"@type":"EntryPoint","urlTemplate":"https:\/\/www.ipim.gov.mo\/zh-hans\/?s={search_term_string}"},"query-input":{"@type":"PropertyValueSpecification","valueRequired":true,"valueName":"search_term_string"}}],"inLanguage":"pt-PT"},{"@type":"Organization","@id":"https:\/\/www.ipim.gov.mo\/zh-hans\/#organization","name":"IPIM","url":"https:\/\/www.ipim.gov.mo\/zh-hans\/","logo":{"@type":"ImageObject","inLanguage":"pt-PT","@id":"https:\/\/www.ipim.gov.mo\/zh-hans\/#\/schema\/logo\/image\/","url":"https:\/\/www.ipim.gov.mo\/wp-content\/uploads\/2022\/10\/default-post-thumbnail-ipim-logo.png","contentUrl":"https:\/\/www.ipim.gov.mo\/wp-content\/uploads\/2022\/10\/default-post-thumbnail-ipim-logo.png","width":1024,"height":768,"caption":"IPIM"},"image":{"@id":"https:\/\/www.ipim.gov.mo\/zh-hans\/#\/schema\/logo\/image\/"}}]}},"author_meta":{"display_name":"admin","author_link":"https:\/\/www.ipim.gov.mo\/pt-pt\/author\/admin\/"},"featured_img":"https:\/\/www.ipim.gov.mo\/wp-content\/uploads\/2024\/07\/ipim-post-default-300x225.jpg","coauthors":[],"tax_additional":{"categories":{"linked":["<a href=\"https:\/\/www.ipim.gov.mo\/pt-pt\/category\/noticias-do-ipim\/\" class=\"advgb-post-tax-term\">Not\u00edcias do IPIM<\/a>"],"unlinked":["<span class=\"advgb-post-tax-term\">Not\u00edcias do IPIM<\/span>"]}},"comment_count":"0","relative_dates":{"created":"Posted 7 years ago","modified":"Updated 7 years ago"},"absolute_dates":{"created":"Posted on Mar\u00e7o 24, 2019","modified":"Updated on Mar\u00e7o 25, 2019"},"absolute_dates_time":{"created":"Posted on Mar\u00e7o 24, 2019 12:00 pm","modified":"Updated on Mar\u00e7o 25, 2019 8:12 pm"},"featured_img_caption":"","series_order":"","_links":{"self":[{"href":"https:\/\/www.ipim.gov.mo\/pt-pt\/wp-json\/wp\/v2\/posts\/258350","targetHints":{"allow":["GET"]}}],"collection":[{"href":"https:\/\/www.ipim.gov.mo\/pt-pt\/wp-json\/wp\/v2\/posts"}],"about":[{"href":"https:\/\/www.ipim.gov.mo\/pt-pt\/wp-json\/wp\/v2\/types\/post"}],"author":[{"embeddable":true,"href":"https:\/\/www.ipim.gov.mo\/pt-pt\/wp-json\/wp\/v2\/users\/1"}],"replies":[{"embeddable":true,"href":"https:\/\/www.ipim.gov.mo\/pt-pt\/wp-json\/wp\/v2\/comments?post=258350"}],"version-history":[{"count":0,"href":"https:\/\/www.ipim.gov.mo\/pt-pt\/wp-json\/wp\/v2\/posts\/258350\/revisions"}],"wp:featuredmedia":[{"embeddable":true,"href":"https:\/\/www.ipim.gov.mo\/pt-pt\/wp-json\/wp\/v2\/media\/467868"}],"wp:attachment":[{"href":"https:\/\/www.ipim.gov.mo\/pt-pt\/wp-json\/wp\/v2\/media?parent=258350"}],"wp:term":[{"taxonomy":"category","embeddable":true,"href":"https:\/\/www.ipim.gov.mo\/pt-pt\/wp-json\/wp\/v2\/categories?post=258350"},{"taxonomy":"post_tag","embeddable":true,"href":"https:\/\/www.ipim.gov.mo\/pt-pt\/wp-json\/wp\/v2\/tags?post=258350"}],"curies":[{"name":"wp","href":"https:\/\/api.w.org\/{rel}","templated":true}]}}