{"id":258202,"date":"2019-03-22T17:25:00","date_gmt":"2019-03-22T09:25:00","guid":{"rendered":"https:\/\/www.ipim.gov.mo\/pt-pt\/20190322-%e5%b0%88%e5%ae%b6%e5%8c%af%e8%81%9a%e7%b6%a0%e8%89%b2%e8%ab%96%e5%a3%87%e8%a8%8e%e8%ab%96%e7%b6%a0%e8%89%b2%e9%87%91%e8%9e%8d\/"},"modified":"2019-03-23T13:37:00","modified_gmt":"2019-03-23T05:37:00","slug":"20190322-especialistas-reunem-se-no-forum-verde-para-abordar-as-financas-verdes-2","status":"publish","type":"post","link":"https:\/\/www.ipim.gov.mo\/pt-pt\/noticias-do-ipim\/20190322-especialistas-reunem-se-no-forum-verde-para-abordar-as-financas-verdes-2\/","title":{"rendered":"[2019\/03\/22] Especialistas re\u00fanem-se no F\u00f3rum Verde para abordar as finan\u00e7as verdes"},"content":{"rendered":"<p>O F\u00f3rum e Exposi\u00e7\u00e3o Internacional de Coopera\u00e7\u00e3o Ambiental de Macau 2019 (adiante designado por MIECF 2019), organizado pelo Governo da Regi\u00e3o Administrativa Especial de Macau, continuar\u00e1 a desempenhar, atrav\u00e9s do F\u00f3rum Verde, o seu papel enquanto plataforma de interc\u00e2mbio de protec\u00e7\u00e3o ambiental a n\u00edvel internacional. O evento deste ano d\u00e1 continuidade \u00e0 co-organiza\u00e7\u00e3o de uma sess\u00e3o com a Autoridade Monet\u00e1ria de Macau, de forma a abordar o desempenho do papel de Macau enquanto plataforma de apoio ao desenvolvimento da Grande Ba\u00eda atrav\u00e9s das finan\u00e7as verdes.<\/p>\n<p>O MIECF 2019, subordinado ao tema \u201cRumo a uma Civiliza\u00e7\u00e3o Ecol\u00f3gica e ao Desenvolvimento Sustent\u00e1vel\u201d, ter\u00e1 lugar entre os dias 28 a 30 de Mar\u00e7o, onde ser\u00e3o realizadas oito sess\u00f5es e uma sess\u00e3o especial, contando com a presen\u00e7a de v\u00e1rios oradores especialistas de n\u00edvel mundial, para discutirem temas de relevo no \u00e2mbito da protec\u00e7\u00e3o ambiental.<\/p>\n<p>O evento contar\u00e1 com a co-organiza\u00e7\u00e3o da Autoridade Monet\u00e1ria de Macau para a sess\u00e3o 5, na manh\u00e3 do segundo dia (29 de Mar\u00e7o), intitulado \u201cImpulsionamento do papel da Plataforma de Macau, apoio ao desenvolvimento conjunto da Grande Ba\u00eda atrav\u00e9s das finan\u00e7as verdes\u201d. Esta sess\u00e3o aborda a direc\u00e7\u00e3o do desenvolvimento das finan\u00e7as verdes na China, a promo\u00e7\u00e3o simult\u00e2nea de Macau como \u201cPlataforma de Servi\u00e7os para a Coopera\u00e7\u00e3o Comercial entre a China e os Pa\u00edses de L\u00edngua Portuguesa\u201d e das finan\u00e7as verdes, a inova\u00e7\u00e3o e estrutura de funcionamento das finan\u00e7as verdes e os instrumentos inovadores das finan\u00e7as verdes. A sess\u00e3o conta com a presen\u00e7a do Sr. Mo Wan Gui, director adjunto do Instituto de Finan\u00e7as do Banco Popular da China, que ir\u00e1 apresentar, do ponto de vista profissional, as suas perspectivas em torno do potencial e direc\u00e7\u00e3o de desenvolvimento futuro das finan\u00e7as verdes da China.<\/p>\n<p>Na Parte 1 do F\u00f3rum, que tem por tema \u201cSitua\u00e7\u00e3o actual do ponto de vista macro e potencialidades do desenvolvimento das finan\u00e7as verdes\u201d, ser\u00e3o convidados como oradores o Sr. He Xiaojun, director da Autoridade de Supervis\u00e3o Financeira da Prov\u00edncia de Guangdong, o Sr. Yang Yiming, Chefe de Divis\u00e3o de Pol\u00edticas e Regulamenta\u00e7\u00e3o, Administra\u00e7\u00e3o e Supervis\u00e3o Financeira Local da Prov\u00edncia de Guangdong, o Sr. Zheng Xiaoping, fundador e vice-presidente da Funda\u00e7\u00e3o de Desenvolvimento Urbano da China, e o Sr. Jacky Yuk Chow So, professor visitante de Finan\u00e7as do Banco Nacional Ultramarino e director da Academia \u00c1sia-Pac\u00edfico de Economia e Gest\u00e3o. A Parte II, intitulada \u201cInstrumentos inovadores das finan\u00e7as verdes\u201d, tamb\u00e9m contar\u00e1 com a presen\u00e7a de v\u00e1rios oradores, como o Sr. Sean Kidney, CEO da The Climate Bonds Initiative, o Sr. Wang Zhen, director do Centro de Interc\u00e2mbio de Ci\u00eancia e Tecnologia de Xangai, e o Sr. Zhu Da, professor de Estudos de Finan\u00e7as Verdes da Universidade Renmin da China.<\/p>\n<p>No mesmo dia, de manh\u00e3, ser\u00e1 tamb\u00e9m realizada a sess\u00e3o 6, que tem por tema \u201cSolu\u00e7\u00f5es para o Desenvolvimento Verde \u2013 \u00c1gua Limpa\u201d , em que os fornecedores de tecnologia e especialistas na \u00e1rea relevante ir\u00e3o apresentar as suas opini\u00f5es em torno do desenvolvimento sustent\u00e1vel e verde, em particular sobre solu\u00e7\u00f5es para a polui\u00e7\u00e3o de \u00e1guas urbanas. Os oradores especialistas da sess\u00e3o ser\u00e3o: o Professor Guan Yuntao, director do Instituto de Engenharia Ambiental e Gest\u00e3o da Escola de P\u00f3s-Gradua\u00e7\u00e3o em Shenzhen da Universidade Tsinghua, o Eng. Walter W.Y. Leung, engenheiro-geral (obras de tratamento de \u00e1guas residuais) do Departamento dos Servi\u00e7os de Drenagem do Governo da Regi\u00e3o Administrativa Especial de Hong Kong, o Sr. Zhang Yingjian, subdirector da Direc\u00e7\u00e3o de Ecologia e Meio Ambiente do Munic\u00edpio de Pequim, o Eng. Rui Cernadas, director-geral da Ecoservi\u00e7os em Macau, o Sr. Li Ming, director adjunto da Direc\u00e7\u00e3o dos Servi\u00e7os de \u00c1gua do Munic\u00edpio de Guangzhou, e o Sr. Brendo Meulman, director t\u00e9cnico da DeSaH BV. O Eng. Pimenta Machado, vice-presidente da Ag\u00eancia Portuguesa do Ambiente, responsabilizar-se-\u00e1 pela modera\u00e7\u00e3o.<\/p>\n<p>Ao longo do MIECF 2019, ser\u00e1 realizada uma s\u00e9rie de actividades, como o F\u00f3rum Verde, a Mostra Verde, o Dia de Coopera\u00e7\u00e3o Empresarial Verde, as Bolsas de Contacto Verdes, a Sess\u00e3o de Interc\u00e2mbio Verde e o Dia Verde do P\u00fablico, com o objectivo de refor\u00e7ar a plataforma internacional de transfer\u00eancia de tecnologias de protec\u00e7\u00e3o ambiental e de promover o desenvolvimento sustent\u00e1vel para os pa\u00edses abrangidos pela iniciativa \u201cUma Faixa, Uma Rota\u201d, a Regi\u00e3o do Pan-Delta do Rio das P\u00e9rolas, a Grande Ba\u00eda Guangdong-Hong Kong-Macau, os pa\u00edses de l\u00edngua portuguesa, os pa\u00edses europeus e at\u00e9 para todo o mundo. Para mais detalhes, visite a p\u00e1gina oficial do MIECF 2019\u00a0<a href=\"http:\/\/www.macaomiecf.com\/miecf2019\" target=\"_blank\" rel=\"noopener noreferrer\">http:\/\/www.macaomiecf.com\/miecf2019<\/a>.<\/p>\n","protected":false},"excerpt":{"rendered":"<p>O F\u00f3rum e Exposi\u00e7\u00e3o Internacional de Coopera\u00e7\u00e3o Ambiental de Macau 2019 (adiante designado por MIECF 2019), organizado pelo Governo da Regi\u00e3o Administrativa Especial de Macau, [&hellip;]<\/p>\n","protected":false},"author":1,"featured_media":467868,"comment_status":"closed","ping_status":"closed","sticky":false,"template":"","format":"standard","meta":{"_acf_changed":false,"inline_featured_image":false,"advgb_blocks_editor_width":"","advgb_blocks_columns_visual_guide":"","footnotes":""},"categories":[12],"tags":[],"class_list":["post-258202","post","type-post","status-publish","format-standard","has-post-thumbnail","hentry","category-noticias-do-ipim"],"acf":[],"yoast_head":"<!-- This site is optimized with the Yoast SEO plugin v26.2 - https:\/\/yoast.com\/wordpress\/plugins\/seo\/ -->\r\n<title>[2019\/03\/22] Especialistas re\u00fanem-se no F\u00f3rum Verde para abordar as finan\u00e7as verdes | Commerce and Investment Promotion Institute<\/title>\r\n<meta name=\"robots\" content=\"index, follow, max-snippet:-1, max-image-preview:large, max-video-preview:-1\" \/>\r\n<link rel=\"canonical\" href=\"https:\/\/www.ipim.gov.mo\/pt-pt\/noticias-do-ipim\/20190322-especialistas-reunem-se-no-forum-verde-para-abordar-as-financas-verdes-2\/\" \/>\r\n<meta property=\"og:locale\" content=\"pt_PT\" \/>\r\n<meta property=\"og:type\" content=\"article\" \/>\r\n<meta property=\"og:title\" content=\"[2019\/03\/22] Especialistas re\u00fanem-se no F\u00f3rum Verde para abordar as finan\u00e7as verdes | Commerce and Investment Promotion Institute\" \/>\r\n<meta property=\"og:description\" content=\"O F\u00f3rum e Exposi\u00e7\u00e3o Internacional de Coopera\u00e7\u00e3o Ambiental de Macau 2019 (adiante designado por MIECF 2019), organizado pelo Governo da Regi\u00e3o Administrativa Especial de Macau, [&hellip;]\" \/>\r\n<meta property=\"og:url\" content=\"https:\/\/www.ipim.gov.mo\/pt-pt\/noticias-do-ipim\/20190322-especialistas-reunem-se-no-forum-verde-para-abordar-as-financas-verdes-2\/\" \/>\r\n<meta property=\"og:site_name\" content=\"Commerce and Investment Promotion Institute\" \/>\r\n<meta property=\"article:published_time\" content=\"2019-03-22T09:25:00+00:00\" \/>\r\n<meta property=\"article:modified_time\" content=\"2019-03-23T05:37:00+00:00\" \/>\r\n<meta property=\"og:image\" content=\"https:\/\/www.ipim.gov.mo\/wp-content\/uploads\/2024\/07\/ipim-post-default.jpg\" \/>\r\n\t<meta property=\"og:image:width\" content=\"1024\" \/>\r\n\t<meta property=\"og:image:height\" content=\"768\" \/>\r\n\t<meta property=\"og:image:type\" content=\"image\/jpeg\" \/>\r\n<meta name=\"author\" content=\"admin\" \/>\r\n<meta name=\"twitter:card\" content=\"summary_large_image\" \/>\r\n<meta name=\"twitter:label1\" content=\"Written by\" \/>\n\t<meta name=\"twitter:data1\" content=\"admin\" \/>\n\t<meta name=\"twitter:label2\" content=\"Est. reading time\" \/>\n\t<meta name=\"twitter:data2\" content=\"4 minutes\" \/>\r\n<script type=\"application\/ld+json\" class=\"yoast-schema-graph\">{\"@context\":\"https:\/\/schema.org\",\"@graph\":[{\"@type\":\"WebPage\",\"@id\":\"https:\/\/www.ipim.gov.mo\/pt-pt\/noticias-do-ipim\/20190322-especialistas-reunem-se-no-forum-verde-para-abordar-as-financas-verdes-2\/\",\"url\":\"https:\/\/www.ipim.gov.mo\/pt-pt\/noticias-do-ipim\/20190322-especialistas-reunem-se-no-forum-verde-para-abordar-as-financas-verdes-2\/\",\"name\":\"[2019\/03\/22] Especialistas re\u00fanem-se no F\u00f3rum Verde para abordar as finan\u00e7as verdes | Commerce and Investment Promotion Institute\",\"isPartOf\":{\"@id\":\"https:\/\/www.ipim.gov.mo\/zh-hans\/#website\"},\"primaryImageOfPage\":{\"@id\":\"https:\/\/www.ipim.gov.mo\/pt-pt\/noticias-do-ipim\/20190322-especialistas-reunem-se-no-forum-verde-para-abordar-as-financas-verdes-2\/#primaryimage\"},\"image\":{\"@id\":\"https:\/\/www.ipim.gov.mo\/pt-pt\/noticias-do-ipim\/20190322-especialistas-reunem-se-no-forum-verde-para-abordar-as-financas-verdes-2\/#primaryimage\"},\"thumbnailUrl\":\"https:\/\/www.ipim.gov.mo\/wp-content\/uploads\/2024\/07\/ipim-post-default.jpg\",\"datePublished\":\"2019-03-22T09:25:00+00:00\",\"dateModified\":\"2019-03-23T05:37:00+00:00\",\"breadcrumb\":{\"@id\":\"https:\/\/www.ipim.gov.mo\/pt-pt\/noticias-do-ipim\/20190322-especialistas-reunem-se-no-forum-verde-para-abordar-as-financas-verdes-2\/#breadcrumb\"},\"inLanguage\":\"pt-PT\",\"potentialAction\":[{\"@type\":\"ReadAction\",\"target\":[\"https:\/\/www.ipim.gov.mo\/pt-pt\/noticias-do-ipim\/20190322-especialistas-reunem-se-no-forum-verde-para-abordar-as-financas-verdes-2\/\"]}]},{\"@type\":\"ImageObject\",\"inLanguage\":\"pt-PT\",\"@id\":\"https:\/\/www.ipim.gov.mo\/pt-pt\/noticias-do-ipim\/20190322-especialistas-reunem-se-no-forum-verde-para-abordar-as-financas-verdes-2\/#primaryimage\",\"url\":\"https:\/\/www.ipim.gov.mo\/wp-content\/uploads\/2024\/07\/ipim-post-default.jpg\",\"contentUrl\":\"https:\/\/www.ipim.gov.mo\/wp-content\/uploads\/2024\/07\/ipim-post-default.jpg\",\"width\":1024,\"height\":768},{\"@type\":\"BreadcrumbList\",\"@id\":\"https:\/\/www.ipim.gov.mo\/pt-pt\/noticias-do-ipim\/20190322-especialistas-reunem-se-no-forum-verde-para-abordar-as-financas-verdes-2\/#breadcrumb\",\"itemListElement\":[{\"@type\":\"ListItem\",\"position\":1,\"name\":\"Home\",\"item\":\"https:\/\/www.ipim.gov.mo\/pt-pt\/\"},{\"@type\":\"ListItem\",\"position\":2,\"name\":\"[2019\/03\/22] Especialistas re\u00fanem-se no F\u00f3rum Verde para abordar as finan\u00e7as verdes\"}]},{\"@type\":\"WebSite\",\"@id\":\"https:\/\/www.ipim.gov.mo\/zh-hans\/#website\",\"url\":\"https:\/\/www.ipim.gov.mo\/zh-hans\/\",\"name\":\"Commerce and Investment Promotion Institute\",\"description\":\"Commerce and Investment Promotion Institute\",\"publisher\":{\"@id\":\"https:\/\/www.ipim.gov.mo\/zh-hans\/#organization\"},\"potentialAction\":[{\"@type\":\"SearchAction\",\"target\":{\"@type\":\"EntryPoint\",\"urlTemplate\":\"https:\/\/www.ipim.gov.mo\/zh-hans\/?s={search_term_string}\"},\"query-input\":{\"@type\":\"PropertyValueSpecification\",\"valueRequired\":true,\"valueName\":\"search_term_string\"}}],\"inLanguage\":\"pt-PT\"},{\"@type\":\"Organization\",\"@id\":\"https:\/\/www.ipim.gov.mo\/zh-hans\/#organization\",\"name\":\"IPIM\",\"url\":\"https:\/\/www.ipim.gov.mo\/zh-hans\/\",\"logo\":{\"@type\":\"ImageObject\",\"inLanguage\":\"pt-PT\",\"@id\":\"https:\/\/www.ipim.gov.mo\/zh-hans\/#\/schema\/logo\/image\/\",\"url\":\"https:\/\/www.ipim.gov.mo\/wp-content\/uploads\/2022\/10\/default-post-thumbnail-ipim-logo.png\",\"contentUrl\":\"https:\/\/www.ipim.gov.mo\/wp-content\/uploads\/2022\/10\/default-post-thumbnail-ipim-logo.png\",\"width\":1024,\"height\":768,\"caption\":\"IPIM\"},\"image\":{\"@id\":\"https:\/\/www.ipim.gov.mo\/zh-hans\/#\/schema\/logo\/image\/\"}}]}<\/script>\r\n<!-- \/ Yoast SEO plugin. -->","yoast_head_json":{"title":"[2019\/03\/22] Especialistas re\u00fanem-se no F\u00f3rum Verde para abordar as finan\u00e7as verdes | Commerce and Investment Promotion Institute","robots":{"index":"index","follow":"follow","max-snippet":"max-snippet:-1","max-image-preview":"max-image-preview:large","max-video-preview":"max-video-preview:-1"},"canonical":"https:\/\/www.ipim.gov.mo\/pt-pt\/noticias-do-ipim\/20190322-especialistas-reunem-se-no-forum-verde-para-abordar-as-financas-verdes-2\/","og_locale":"pt_PT","og_type":"article","og_title":"[2019\/03\/22] Especialistas re\u00fanem-se no F\u00f3rum Verde para abordar as finan\u00e7as verdes | Commerce and Investment Promotion Institute","og_description":"O F\u00f3rum e Exposi\u00e7\u00e3o Internacional de Coopera\u00e7\u00e3o Ambiental de Macau 2019 (adiante designado por MIECF 2019), organizado pelo Governo da Regi\u00e3o Administrativa Especial de Macau, [&hellip;]","og_url":"https:\/\/www.ipim.gov.mo\/pt-pt\/noticias-do-ipim\/20190322-especialistas-reunem-se-no-forum-verde-para-abordar-as-financas-verdes-2\/","og_site_name":"Commerce and Investment Promotion Institute","article_published_time":"2019-03-22T09:25:00+00:00","article_modified_time":"2019-03-23T05:37:00+00:00","og_image":[{"width":1024,"height":768,"url":"https:\/\/www.ipim.gov.mo\/wp-content\/uploads\/2024\/07\/ipim-post-default.jpg","type":"image\/jpeg"}],"author":"admin","twitter_card":"summary_large_image","twitter_misc":{"Written by":"admin","Est. reading time":"4 minutes"},"schema":{"@context":"https:\/\/schema.org","@graph":[{"@type":"WebPage","@id":"https:\/\/www.ipim.gov.mo\/pt-pt\/noticias-do-ipim\/20190322-especialistas-reunem-se-no-forum-verde-para-abordar-as-financas-verdes-2\/","url":"https:\/\/www.ipim.gov.mo\/pt-pt\/noticias-do-ipim\/20190322-especialistas-reunem-se-no-forum-verde-para-abordar-as-financas-verdes-2\/","name":"[2019\/03\/22] Especialistas re\u00fanem-se no F\u00f3rum Verde para abordar as finan\u00e7as verdes | Commerce and Investment Promotion Institute","isPartOf":{"@id":"https:\/\/www.ipim.gov.mo\/zh-hans\/#website"},"primaryImageOfPage":{"@id":"https:\/\/www.ipim.gov.mo\/pt-pt\/noticias-do-ipim\/20190322-especialistas-reunem-se-no-forum-verde-para-abordar-as-financas-verdes-2\/#primaryimage"},"image":{"@id":"https:\/\/www.ipim.gov.mo\/pt-pt\/noticias-do-ipim\/20190322-especialistas-reunem-se-no-forum-verde-para-abordar-as-financas-verdes-2\/#primaryimage"},"thumbnailUrl":"https:\/\/www.ipim.gov.mo\/wp-content\/uploads\/2024\/07\/ipim-post-default.jpg","datePublished":"2019-03-22T09:25:00+00:00","dateModified":"2019-03-23T05:37:00+00:00","breadcrumb":{"@id":"https:\/\/www.ipim.gov.mo\/pt-pt\/noticias-do-ipim\/20190322-especialistas-reunem-se-no-forum-verde-para-abordar-as-financas-verdes-2\/#breadcrumb"},"inLanguage":"pt-PT","potentialAction":[{"@type":"ReadAction","target":["https:\/\/www.ipim.gov.mo\/pt-pt\/noticias-do-ipim\/20190322-especialistas-reunem-se-no-forum-verde-para-abordar-as-financas-verdes-2\/"]}]},{"@type":"ImageObject","inLanguage":"pt-PT","@id":"https:\/\/www.ipim.gov.mo\/pt-pt\/noticias-do-ipim\/20190322-especialistas-reunem-se-no-forum-verde-para-abordar-as-financas-verdes-2\/#primaryimage","url":"https:\/\/www.ipim.gov.mo\/wp-content\/uploads\/2024\/07\/ipim-post-default.jpg","contentUrl":"https:\/\/www.ipim.gov.mo\/wp-content\/uploads\/2024\/07\/ipim-post-default.jpg","width":1024,"height":768},{"@type":"BreadcrumbList","@id":"https:\/\/www.ipim.gov.mo\/pt-pt\/noticias-do-ipim\/20190322-especialistas-reunem-se-no-forum-verde-para-abordar-as-financas-verdes-2\/#breadcrumb","itemListElement":[{"@type":"ListItem","position":1,"name":"Home","item":"https:\/\/www.ipim.gov.mo\/pt-pt\/"},{"@type":"ListItem","position":2,"name":"[2019\/03\/22] Especialistas re\u00fanem-se no F\u00f3rum Verde para abordar as finan\u00e7as verdes"}]},{"@type":"WebSite","@id":"https:\/\/www.ipim.gov.mo\/zh-hans\/#website","url":"https:\/\/www.ipim.gov.mo\/zh-hans\/","name":"Commerce and Investment Promotion Institute","description":"Commerce and Investment Promotion Institute","publisher":{"@id":"https:\/\/www.ipim.gov.mo\/zh-hans\/#organization"},"potentialAction":[{"@type":"SearchAction","target":{"@type":"EntryPoint","urlTemplate":"https:\/\/www.ipim.gov.mo\/zh-hans\/?s={search_term_string}"},"query-input":{"@type":"PropertyValueSpecification","valueRequired":true,"valueName":"search_term_string"}}],"inLanguage":"pt-PT"},{"@type":"Organization","@id":"https:\/\/www.ipim.gov.mo\/zh-hans\/#organization","name":"IPIM","url":"https:\/\/www.ipim.gov.mo\/zh-hans\/","logo":{"@type":"ImageObject","inLanguage":"pt-PT","@id":"https:\/\/www.ipim.gov.mo\/zh-hans\/#\/schema\/logo\/image\/","url":"https:\/\/www.ipim.gov.mo\/wp-content\/uploads\/2022\/10\/default-post-thumbnail-ipim-logo.png","contentUrl":"https:\/\/www.ipim.gov.mo\/wp-content\/uploads\/2022\/10\/default-post-thumbnail-ipim-logo.png","width":1024,"height":768,"caption":"IPIM"},"image":{"@id":"https:\/\/www.ipim.gov.mo\/zh-hans\/#\/schema\/logo\/image\/"}}]}},"author_meta":{"display_name":"admin","author_link":"https:\/\/www.ipim.gov.mo\/pt-pt\/author\/admin\/"},"featured_img":"https:\/\/www.ipim.gov.mo\/wp-content\/uploads\/2024\/07\/ipim-post-default-300x225.jpg","coauthors":[],"tax_additional":{"categories":{"linked":["<a href=\"https:\/\/www.ipim.gov.mo\/pt-pt\/category\/noticias-do-ipim\/\" class=\"advgb-post-tax-term\">Not\u00edcias do IPIM<\/a>"],"unlinked":["<span class=\"advgb-post-tax-term\">Not\u00edcias do IPIM<\/span>"]}},"comment_count":"0","relative_dates":{"created":"Posted 7 years ago","modified":"Updated 7 years ago"},"absolute_dates":{"created":"Posted on Mar\u00e7o 22, 2019","modified":"Updated on Mar\u00e7o 23, 2019"},"absolute_dates_time":{"created":"Posted on Mar\u00e7o 22, 2019 5:25 pm","modified":"Updated on Mar\u00e7o 23, 2019 1:37 pm"},"featured_img_caption":"","series_order":"","_links":{"self":[{"href":"https:\/\/www.ipim.gov.mo\/pt-pt\/wp-json\/wp\/v2\/posts\/258202","targetHints":{"allow":["GET"]}}],"collection":[{"href":"https:\/\/www.ipim.gov.mo\/pt-pt\/wp-json\/wp\/v2\/posts"}],"about":[{"href":"https:\/\/www.ipim.gov.mo\/pt-pt\/wp-json\/wp\/v2\/types\/post"}],"author":[{"embeddable":true,"href":"https:\/\/www.ipim.gov.mo\/pt-pt\/wp-json\/wp\/v2\/users\/1"}],"replies":[{"embeddable":true,"href":"https:\/\/www.ipim.gov.mo\/pt-pt\/wp-json\/wp\/v2\/comments?post=258202"}],"version-history":[{"count":0,"href":"https:\/\/www.ipim.gov.mo\/pt-pt\/wp-json\/wp\/v2\/posts\/258202\/revisions"}],"wp:featuredmedia":[{"embeddable":true,"href":"https:\/\/www.ipim.gov.mo\/pt-pt\/wp-json\/wp\/v2\/media\/467868"}],"wp:attachment":[{"href":"https:\/\/www.ipim.gov.mo\/pt-pt\/wp-json\/wp\/v2\/media?parent=258202"}],"wp:term":[{"taxonomy":"category","embeddable":true,"href":"https:\/\/www.ipim.gov.mo\/pt-pt\/wp-json\/wp\/v2\/categories?post=258202"},{"taxonomy":"post_tag","embeddable":true,"href":"https:\/\/www.ipim.gov.mo\/pt-pt\/wp-json\/wp\/v2\/tags?post=258202"}],"curies":[{"name":"wp","href":"https:\/\/api.w.org\/{rel}","templated":true}]}}