{"id":257001,"date":"2019-03-14T17:00:34","date_gmt":"2019-03-14T09:00:34","guid":{"rendered":"https:\/\/www.ipim.gov.mo\/pt-pt\/statistics-of-temporary-residence-applications-under-investors-managements-and-technical-personnel-residency-scheme-in-the-fourth-quarter-of-2018-oct-dec\/"},"modified":"2019-03-14T17:09:35","modified_gmt":"2019-03-14T09:09:35","slug":"statistics-of-temporary-residence-applications-under-investors-managements-and-technical-personnel-residency-scheme-in-the-fourth-quarter-of-2018-oct-dec","status":"publish","type":"post","link":"https:\/\/www.ipim.gov.mo\/pt-pt\/investment-residency-news-pt\/statistics-of-temporary-residence-applications-under-investors-managements-and-technical-personnel-residency-scheme-in-the-fourth-quarter-of-2018-oct-dec\/","title":{"rendered":"Dados estat\u00edsticos sobre os Pedidos de Fixa\u00e7\u00e3o de Resid\u00eancia Tempor\u00e1ria relativos a investidores, quadros dirigentes e t\u00e9cnicos especializados durante o 4\u00ba Trimestre de 2018 (Outubro a Dezembro)"},"content":{"rendered":"<table width=\"100%\">\n<tbody>\n<tr>\n<td style=\"text-align: center;\" colspan=\"6\" width=\"701\"><strong>Dados estat\u00edsticos sobre os Pedidos de Fixa\u00e7\u00e3o de Resid\u00eancia Tempor\u00e1ria relativos a investidores, quadros dirigentes e t\u00e9cnicos especializados durante o 4\u00ba Trimestre de 2018 (Outubro a Dezembro)<\/strong><\/td>\n<\/tr>\n<tr>\n<td style=\"text-align: center;\" width=\"143\"><strong>Ano 2018<\/strong><\/td>\n<td style=\"text-align: center;\" width=\"121\"><strong>Investimentos Relevantes \/<\/strong> <strong>Projectos de Investimento<\/strong><\/td>\n<td style=\"text-align: center;\" width=\"121\"><strong>Quadros dirigentes e t\u00e9cnicos especializados<\/strong><\/td>\n<td style=\"text-align: center;\" width=\"113\"><strong>Renova\u00e7\u00e3o<\/strong><\/td>\n<td style=\"text-align: center;\" width=\"113\"><strong>Extens\u00e3o ao agregado familiar<\/strong><\/td>\n<td style=\"text-align: center;\" width=\"90\"><strong>Total<\/strong><\/td>\n<\/tr>\n<tr>\n<td style=\"text-align: center;\" width=\"143\"><strong>Pedidos apresentados no 4\u00ba trimestre<\/strong><\/td>\n<td style=\"text-align: center;\" width=\"121\">6<\/td>\n<td style=\"text-align: center;\" width=\"121\">42<\/td>\n<td style=\"text-align: center;\" width=\"113\">134<\/td>\n<td style=\"text-align: center;\" width=\"113\">4<\/td>\n<td style=\"text-align: center;\" width=\"90\">186<\/td>\n<\/tr>\n<tr>\n<td style=\"text-align: center; background-color: #ddd;\" width=\"143\"><strong>Pedidos indeferidos\/cancelados no 4\u00ba trimestre<sup>1<\/sup><\/strong><\/td>\n<td style=\"text-align: center; background-color: #ddd;\" width=\"121\">0<\/td>\n<td style=\"text-align: center; background-color: #ddd;\" width=\"121\">1<\/td>\n<td style=\"text-align: center; background-color: #ddd;\" width=\"113\">1<\/td>\n<td style=\"text-align: center; background-color: #ddd;\" width=\"113\">0<\/td>\n<td style=\"text-align: center; background-color: #ddd;\" width=\"90\">2<\/td>\n<\/tr>\n<tr>\n<td style=\"text-align: center;\" width=\"143\"><strong>Pedidos aprovados no 4\u00ba trimestre<sup>1<\/sup><\/strong><\/td>\n<td style=\"text-align: center;\" width=\"121\">0<\/td>\n<td style=\"text-align: center;\" width=\"121\">0<\/td>\n<td style=\"text-align: center;\" width=\"113\">52<\/td>\n<td style=\"text-align: center;\" width=\"113\">0<\/td>\n<td style=\"text-align: center;\" width=\"90\">52<\/td>\n<\/tr>\n<tr>\n<td style=\"text-align: center;\" width=\"143\"><strong>N\u00famero de benefici\u00e1rios no 4\u00ba trimestre<\/strong><\/td>\n<td style=\"text-align: center;\" width=\"121\">0<\/td>\n<td style=\"text-align: center;\" width=\"121\">0<\/td>\n<td style=\"text-align: center;\" width=\"113\">&#8212;<\/td>\n<td style=\"text-align: center;\" width=\"113\">0<\/td>\n<td style=\"text-align: center;\" width=\"90\">0<\/td>\n<\/tr>\n<\/tbody>\n<\/table>\n<p>Obs<sup>1<\/sup>: Os pedidos indeferidos \/ cancelados e os aprovados referem-se ao total dos casos processados \/ resolvidos no ano em causa, incluindo aqueles que foram apresentados anteriormente.<\/p>\n","protected":false},"excerpt":{"rendered":"<p>Dados estat\u00edsticos sobre os Pedidos de Fixa\u00e7\u00e3o de Resid\u00eancia Tempor\u00e1ria relativos a investidores, quadros dirigentes e t\u00e9cnicos especializados durante o 4\u00ba Trimestre de 2018 (Outubro [&hellip;]<\/p>\n","protected":false},"author":1,"featured_media":467868,"comment_status":"closed","ping_status":"closed","sticky":false,"template":"","format":"standard","meta":{"_acf_changed":false,"inline_featured_image":false,"advgb_blocks_editor_width":"","advgb_blocks_columns_visual_guide":"","footnotes":""},"categories":[65,61],"tags":[],"class_list":["post-257001","post","type-post","status-publish","format-standard","has-post-thumbnail","hentry","category-estatisticas","category-investment-residency-news-pt"],"acf":[],"yoast_head":"<!-- This site is optimized with the Yoast SEO plugin v26.2 - https:\/\/yoast.com\/wordpress\/plugins\/seo\/ -->\r\n<title>Dados estat\u00edsticos sobre os Pedidos de Fixa\u00e7\u00e3o de Resid\u00eancia Tempor\u00e1ria relativos a investidores, quadros dirigentes e t\u00e9cnicos especializados durante o 4\u00ba Trimestre de 2018 (Outubro a Dezembro) | Commerce and Investment Promotion Institute<\/title>\r\n<meta name=\"robots\" content=\"index, follow, max-snippet:-1, max-image-preview:large, max-video-preview:-1\" \/>\r\n<link rel=\"canonical\" href=\"https:\/\/www.ipim.gov.mo\/pt-pt\/investment-residency-news-pt\/statistics-of-temporary-residence-applications-under-investors-managements-and-technical-personnel-residency-scheme-in-the-fourth-quarter-of-2018-oct-dec\/\" \/>\r\n<meta property=\"og:locale\" content=\"pt_PT\" \/>\r\n<meta property=\"og:type\" content=\"article\" \/>\r\n<meta property=\"og:title\" content=\"Dados estat\u00edsticos sobre os Pedidos de Fixa\u00e7\u00e3o de Resid\u00eancia Tempor\u00e1ria relativos a investidores, quadros dirigentes e t\u00e9cnicos especializados durante o 4\u00ba Trimestre de 2018 (Outubro a Dezembro) | Commerce and Investment Promotion Institute\" \/>\r\n<meta property=\"og:description\" content=\"Dados estat\u00edsticos sobre os Pedidos de Fixa\u00e7\u00e3o de Resid\u00eancia Tempor\u00e1ria relativos a investidores, quadros dirigentes e t\u00e9cnicos especializados durante o 4\u00ba Trimestre de 2018 (Outubro [&hellip;]\" \/>\r\n<meta property=\"og:url\" content=\"https:\/\/www.ipim.gov.mo\/pt-pt\/investment-residency-news-pt\/statistics-of-temporary-residence-applications-under-investors-managements-and-technical-personnel-residency-scheme-in-the-fourth-quarter-of-2018-oct-dec\/\" \/>\r\n<meta property=\"og:site_name\" content=\"Commerce and Investment Promotion Institute\" \/>\r\n<meta property=\"article:published_time\" content=\"2019-03-14T09:00:34+00:00\" \/>\r\n<meta property=\"article:modified_time\" content=\"2019-03-14T09:09:35+00:00\" \/>\r\n<meta property=\"og:image\" content=\"https:\/\/www.ipim.gov.mo\/wp-content\/uploads\/2024\/07\/ipim-post-default.jpg\" \/>\r\n\t<meta property=\"og:image:width\" content=\"1024\" \/>\r\n\t<meta property=\"og:image:height\" content=\"768\" \/>\r\n\t<meta property=\"og:image:type\" content=\"image\/jpeg\" \/>\r\n<meta name=\"author\" content=\"admin\" \/>\r\n<meta name=\"twitter:card\" content=\"summary_large_image\" \/>\r\n<meta name=\"twitter:label1\" content=\"Written by\" \/>\n\t<meta name=\"twitter:data1\" content=\"admin\" \/>\r\n<script type=\"application\/ld+json\" class=\"yoast-schema-graph\">{\"@context\":\"https:\/\/schema.org\",\"@graph\":[{\"@type\":\"WebPage\",\"@id\":\"https:\/\/www.ipim.gov.mo\/pt-pt\/investment-residency-news-pt\/statistics-of-temporary-residence-applications-under-investors-managements-and-technical-personnel-residency-scheme-in-the-fourth-quarter-of-2018-oct-dec\/\",\"url\":\"https:\/\/www.ipim.gov.mo\/pt-pt\/investment-residency-news-pt\/statistics-of-temporary-residence-applications-under-investors-managements-and-technical-personnel-residency-scheme-in-the-fourth-quarter-of-2018-oct-dec\/\",\"name\":\"Dados estat\u00edsticos sobre os Pedidos de Fixa\u00e7\u00e3o de Resid\u00eancia Tempor\u00e1ria relativos a investidores, quadros dirigentes e t\u00e9cnicos especializados durante o 4\u00ba Trimestre de 2018 (Outubro a Dezembro) | Commerce and Investment Promotion Institute\",\"isPartOf\":{\"@id\":\"https:\/\/www.ipim.gov.mo\/zh-hans\/#website\"},\"primaryImageOfPage\":{\"@id\":\"https:\/\/www.ipim.gov.mo\/pt-pt\/investment-residency-news-pt\/statistics-of-temporary-residence-applications-under-investors-managements-and-technical-personnel-residency-scheme-in-the-fourth-quarter-of-2018-oct-dec\/#primaryimage\"},\"image\":{\"@id\":\"https:\/\/www.ipim.gov.mo\/pt-pt\/investment-residency-news-pt\/statistics-of-temporary-residence-applications-under-investors-managements-and-technical-personnel-residency-scheme-in-the-fourth-quarter-of-2018-oct-dec\/#primaryimage\"},\"thumbnailUrl\":\"https:\/\/www.ipim.gov.mo\/wp-content\/uploads\/2024\/07\/ipim-post-default.jpg\",\"datePublished\":\"2019-03-14T09:00:34+00:00\",\"dateModified\":\"2019-03-14T09:09:35+00:00\",\"breadcrumb\":{\"@id\":\"https:\/\/www.ipim.gov.mo\/pt-pt\/investment-residency-news-pt\/statistics-of-temporary-residence-applications-under-investors-managements-and-technical-personnel-residency-scheme-in-the-fourth-quarter-of-2018-oct-dec\/#breadcrumb\"},\"inLanguage\":\"pt-PT\",\"potentialAction\":[{\"@type\":\"ReadAction\",\"target\":[\"https:\/\/www.ipim.gov.mo\/pt-pt\/investment-residency-news-pt\/statistics-of-temporary-residence-applications-under-investors-managements-and-technical-personnel-residency-scheme-in-the-fourth-quarter-of-2018-oct-dec\/\"]}]},{\"@type\":\"ImageObject\",\"inLanguage\":\"pt-PT\",\"@id\":\"https:\/\/www.ipim.gov.mo\/pt-pt\/investment-residency-news-pt\/statistics-of-temporary-residence-applications-under-investors-managements-and-technical-personnel-residency-scheme-in-the-fourth-quarter-of-2018-oct-dec\/#primaryimage\",\"url\":\"https:\/\/www.ipim.gov.mo\/wp-content\/uploads\/2024\/07\/ipim-post-default.jpg\",\"contentUrl\":\"https:\/\/www.ipim.gov.mo\/wp-content\/uploads\/2024\/07\/ipim-post-default.jpg\",\"width\":1024,\"height\":768},{\"@type\":\"BreadcrumbList\",\"@id\":\"https:\/\/www.ipim.gov.mo\/pt-pt\/investment-residency-news-pt\/statistics-of-temporary-residence-applications-under-investors-managements-and-technical-personnel-residency-scheme-in-the-fourth-quarter-of-2018-oct-dec\/#breadcrumb\",\"itemListElement\":[{\"@type\":\"ListItem\",\"position\":1,\"name\":\"Home\",\"item\":\"https:\/\/www.ipim.gov.mo\/pt-pt\/\"},{\"@type\":\"ListItem\",\"position\":2,\"name\":\"Dados estat\u00edsticos sobre os Pedidos de Fixa\u00e7\u00e3o de Resid\u00eancia Tempor\u00e1ria relativos a investidores, quadros dirigentes e t\u00e9cnicos especializados durante o 4\u00ba Trimestre de 2018 (Outubro a Dezembro)\"}]},{\"@type\":\"WebSite\",\"@id\":\"https:\/\/www.ipim.gov.mo\/zh-hans\/#website\",\"url\":\"https:\/\/www.ipim.gov.mo\/zh-hans\/\",\"name\":\"Commerce and Investment Promotion Institute\",\"description\":\"Commerce and Investment Promotion Institute\",\"publisher\":{\"@id\":\"https:\/\/www.ipim.gov.mo\/zh-hans\/#organization\"},\"potentialAction\":[{\"@type\":\"SearchAction\",\"target\":{\"@type\":\"EntryPoint\",\"urlTemplate\":\"https:\/\/www.ipim.gov.mo\/zh-hans\/?s={search_term_string}\"},\"query-input\":{\"@type\":\"PropertyValueSpecification\",\"valueRequired\":true,\"valueName\":\"search_term_string\"}}],\"inLanguage\":\"pt-PT\"},{\"@type\":\"Organization\",\"@id\":\"https:\/\/www.ipim.gov.mo\/zh-hans\/#organization\",\"name\":\"IPIM\",\"url\":\"https:\/\/www.ipim.gov.mo\/zh-hans\/\",\"logo\":{\"@type\":\"ImageObject\",\"inLanguage\":\"pt-PT\",\"@id\":\"https:\/\/www.ipim.gov.mo\/zh-hans\/#\/schema\/logo\/image\/\",\"url\":\"https:\/\/www.ipim.gov.mo\/wp-content\/uploads\/2022\/10\/default-post-thumbnail-ipim-logo.png\",\"contentUrl\":\"https:\/\/www.ipim.gov.mo\/wp-content\/uploads\/2022\/10\/default-post-thumbnail-ipim-logo.png\",\"width\":1024,\"height\":768,\"caption\":\"IPIM\"},\"image\":{\"@id\":\"https:\/\/www.ipim.gov.mo\/zh-hans\/#\/schema\/logo\/image\/\"}}]}<\/script>\r\n<!-- \/ Yoast SEO plugin. -->","yoast_head_json":{"title":"Dados estat\u00edsticos sobre os Pedidos de Fixa\u00e7\u00e3o de Resid\u00eancia Tempor\u00e1ria relativos a investidores, quadros dirigentes e t\u00e9cnicos especializados durante o 4\u00ba Trimestre de 2018 (Outubro a Dezembro) | Commerce and Investment Promotion Institute","robots":{"index":"index","follow":"follow","max-snippet":"max-snippet:-1","max-image-preview":"max-image-preview:large","max-video-preview":"max-video-preview:-1"},"canonical":"https:\/\/www.ipim.gov.mo\/pt-pt\/investment-residency-news-pt\/statistics-of-temporary-residence-applications-under-investors-managements-and-technical-personnel-residency-scheme-in-the-fourth-quarter-of-2018-oct-dec\/","og_locale":"pt_PT","og_type":"article","og_title":"Dados estat\u00edsticos sobre os Pedidos de Fixa\u00e7\u00e3o de Resid\u00eancia Tempor\u00e1ria relativos a investidores, quadros dirigentes e t\u00e9cnicos especializados durante o 4\u00ba Trimestre de 2018 (Outubro a Dezembro) | Commerce and Investment Promotion Institute","og_description":"Dados estat\u00edsticos sobre os Pedidos de Fixa\u00e7\u00e3o de Resid\u00eancia Tempor\u00e1ria relativos a investidores, quadros dirigentes e t\u00e9cnicos especializados durante o 4\u00ba Trimestre de 2018 (Outubro [&hellip;]","og_url":"https:\/\/www.ipim.gov.mo\/pt-pt\/investment-residency-news-pt\/statistics-of-temporary-residence-applications-under-investors-managements-and-technical-personnel-residency-scheme-in-the-fourth-quarter-of-2018-oct-dec\/","og_site_name":"Commerce and Investment Promotion Institute","article_published_time":"2019-03-14T09:00:34+00:00","article_modified_time":"2019-03-14T09:09:35+00:00","og_image":[{"width":1024,"height":768,"url":"https:\/\/www.ipim.gov.mo\/wp-content\/uploads\/2024\/07\/ipim-post-default.jpg","type":"image\/jpeg"}],"author":"admin","twitter_card":"summary_large_image","twitter_misc":{"Written by":"admin"},"schema":{"@context":"https:\/\/schema.org","@graph":[{"@type":"WebPage","@id":"https:\/\/www.ipim.gov.mo\/pt-pt\/investment-residency-news-pt\/statistics-of-temporary-residence-applications-under-investors-managements-and-technical-personnel-residency-scheme-in-the-fourth-quarter-of-2018-oct-dec\/","url":"https:\/\/www.ipim.gov.mo\/pt-pt\/investment-residency-news-pt\/statistics-of-temporary-residence-applications-under-investors-managements-and-technical-personnel-residency-scheme-in-the-fourth-quarter-of-2018-oct-dec\/","name":"Dados estat\u00edsticos sobre os Pedidos de Fixa\u00e7\u00e3o de Resid\u00eancia Tempor\u00e1ria relativos a investidores, quadros dirigentes e t\u00e9cnicos especializados durante o 4\u00ba Trimestre de 2018 (Outubro a Dezembro) | Commerce and Investment Promotion Institute","isPartOf":{"@id":"https:\/\/www.ipim.gov.mo\/zh-hans\/#website"},"primaryImageOfPage":{"@id":"https:\/\/www.ipim.gov.mo\/pt-pt\/investment-residency-news-pt\/statistics-of-temporary-residence-applications-under-investors-managements-and-technical-personnel-residency-scheme-in-the-fourth-quarter-of-2018-oct-dec\/#primaryimage"},"image":{"@id":"https:\/\/www.ipim.gov.mo\/pt-pt\/investment-residency-news-pt\/statistics-of-temporary-residence-applications-under-investors-managements-and-technical-personnel-residency-scheme-in-the-fourth-quarter-of-2018-oct-dec\/#primaryimage"},"thumbnailUrl":"https:\/\/www.ipim.gov.mo\/wp-content\/uploads\/2024\/07\/ipim-post-default.jpg","datePublished":"2019-03-14T09:00:34+00:00","dateModified":"2019-03-14T09:09:35+00:00","breadcrumb":{"@id":"https:\/\/www.ipim.gov.mo\/pt-pt\/investment-residency-news-pt\/statistics-of-temporary-residence-applications-under-investors-managements-and-technical-personnel-residency-scheme-in-the-fourth-quarter-of-2018-oct-dec\/#breadcrumb"},"inLanguage":"pt-PT","potentialAction":[{"@type":"ReadAction","target":["https:\/\/www.ipim.gov.mo\/pt-pt\/investment-residency-news-pt\/statistics-of-temporary-residence-applications-under-investors-managements-and-technical-personnel-residency-scheme-in-the-fourth-quarter-of-2018-oct-dec\/"]}]},{"@type":"ImageObject","inLanguage":"pt-PT","@id":"https:\/\/www.ipim.gov.mo\/pt-pt\/investment-residency-news-pt\/statistics-of-temporary-residence-applications-under-investors-managements-and-technical-personnel-residency-scheme-in-the-fourth-quarter-of-2018-oct-dec\/#primaryimage","url":"https:\/\/www.ipim.gov.mo\/wp-content\/uploads\/2024\/07\/ipim-post-default.jpg","contentUrl":"https:\/\/www.ipim.gov.mo\/wp-content\/uploads\/2024\/07\/ipim-post-default.jpg","width":1024,"height":768},{"@type":"BreadcrumbList","@id":"https:\/\/www.ipim.gov.mo\/pt-pt\/investment-residency-news-pt\/statistics-of-temporary-residence-applications-under-investors-managements-and-technical-personnel-residency-scheme-in-the-fourth-quarter-of-2018-oct-dec\/#breadcrumb","itemListElement":[{"@type":"ListItem","position":1,"name":"Home","item":"https:\/\/www.ipim.gov.mo\/pt-pt\/"},{"@type":"ListItem","position":2,"name":"Dados estat\u00edsticos sobre os Pedidos de Fixa\u00e7\u00e3o de Resid\u00eancia Tempor\u00e1ria relativos a investidores, quadros dirigentes e t\u00e9cnicos especializados durante o 4\u00ba Trimestre de 2018 (Outubro a Dezembro)"}]},{"@type":"WebSite","@id":"https:\/\/www.ipim.gov.mo\/zh-hans\/#website","url":"https:\/\/www.ipim.gov.mo\/zh-hans\/","name":"Commerce and Investment Promotion Institute","description":"Commerce and Investment Promotion Institute","publisher":{"@id":"https:\/\/www.ipim.gov.mo\/zh-hans\/#organization"},"potentialAction":[{"@type":"SearchAction","target":{"@type":"EntryPoint","urlTemplate":"https:\/\/www.ipim.gov.mo\/zh-hans\/?s={search_term_string}"},"query-input":{"@type":"PropertyValueSpecification","valueRequired":true,"valueName":"search_term_string"}}],"inLanguage":"pt-PT"},{"@type":"Organization","@id":"https:\/\/www.ipim.gov.mo\/zh-hans\/#organization","name":"IPIM","url":"https:\/\/www.ipim.gov.mo\/zh-hans\/","logo":{"@type":"ImageObject","inLanguage":"pt-PT","@id":"https:\/\/www.ipim.gov.mo\/zh-hans\/#\/schema\/logo\/image\/","url":"https:\/\/www.ipim.gov.mo\/wp-content\/uploads\/2022\/10\/default-post-thumbnail-ipim-logo.png","contentUrl":"https:\/\/www.ipim.gov.mo\/wp-content\/uploads\/2022\/10\/default-post-thumbnail-ipim-logo.png","width":1024,"height":768,"caption":"IPIM"},"image":{"@id":"https:\/\/www.ipim.gov.mo\/zh-hans\/#\/schema\/logo\/image\/"}}]}},"author_meta":{"display_name":"admin","author_link":"https:\/\/www.ipim.gov.mo\/pt-pt\/author\/admin\/"},"featured_img":"https:\/\/www.ipim.gov.mo\/wp-content\/uploads\/2024\/07\/ipim-post-default-300x225.jpg","coauthors":[],"tax_additional":{"categories":{"linked":["<a href=\"https:\/\/www.ipim.gov.mo\/pt-pt\/category\/estatisticas\/\" class=\"advgb-post-tax-term\">Estat\u00edsticas<\/a>","<a href=\"https:\/\/www.ipim.gov.mo\/pt-pt\/category\/investment-residency-news-pt\/\" class=\"advgb-post-tax-term\">Fixa\u00e7\u00e3o de Resid\u00eancia Not\u00edcias<\/a>"],"unlinked":["<span class=\"advgb-post-tax-term\">Estat\u00edsticas<\/span>","<span class=\"advgb-post-tax-term\">Fixa\u00e7\u00e3o de Resid\u00eancia Not\u00edcias<\/span>"]}},"comment_count":"0","relative_dates":{"created":"Posted 7 years ago","modified":"Updated 7 years ago"},"absolute_dates":{"created":"Posted on Mar\u00e7o 14, 2019","modified":"Updated on Mar\u00e7o 14, 2019"},"absolute_dates_time":{"created":"Posted on Mar\u00e7o 14, 2019 5:00 pm","modified":"Updated on Mar\u00e7o 14, 2019 5:09 pm"},"featured_img_caption":"","series_order":"","_links":{"self":[{"href":"https:\/\/www.ipim.gov.mo\/pt-pt\/wp-json\/wp\/v2\/posts\/257001","targetHints":{"allow":["GET"]}}],"collection":[{"href":"https:\/\/www.ipim.gov.mo\/pt-pt\/wp-json\/wp\/v2\/posts"}],"about":[{"href":"https:\/\/www.ipim.gov.mo\/pt-pt\/wp-json\/wp\/v2\/types\/post"}],"author":[{"embeddable":true,"href":"https:\/\/www.ipim.gov.mo\/pt-pt\/wp-json\/wp\/v2\/users\/1"}],"replies":[{"embeddable":true,"href":"https:\/\/www.ipim.gov.mo\/pt-pt\/wp-json\/wp\/v2\/comments?post=257001"}],"version-history":[{"count":0,"href":"https:\/\/www.ipim.gov.mo\/pt-pt\/wp-json\/wp\/v2\/posts\/257001\/revisions"}],"wp:featuredmedia":[{"embeddable":true,"href":"https:\/\/www.ipim.gov.mo\/pt-pt\/wp-json\/wp\/v2\/media\/467868"}],"wp:attachment":[{"href":"https:\/\/www.ipim.gov.mo\/pt-pt\/wp-json\/wp\/v2\/media?parent=257001"}],"wp:term":[{"taxonomy":"category","embeddable":true,"href":"https:\/\/www.ipim.gov.mo\/pt-pt\/wp-json\/wp\/v2\/categories?post=257001"},{"taxonomy":"post_tag","embeddable":true,"href":"https:\/\/www.ipim.gov.mo\/pt-pt\/wp-json\/wp\/v2\/tags?post=257001"}],"curies":[{"name":"wp","href":"https:\/\/api.w.org\/{rel}","templated":true}]}}